{"id":25942,"date":"2014-05-01T12:52:41","date_gmt":"2014-05-01T09:52:41","guid":{"rendered":"https:\/\/www.enerjigazetesi.ist\/?p=25942"},"modified":"2014-05-01T12:52:41","modified_gmt":"2014-05-01T09:52:41","slug":"van-yuzuncu-yil-universitesi-kendi-elektrigini-uretiyor","status":"publish","type":"post","link":"https:\/\/www.enerjigazetesi.ist\/en\/van-yuzuncu-yil-universitesi-kendi-elektrigini-uretiyor\/","title":{"rendered":"(Turkish) Van Y\u00fcz\u00fcnc\u00fc Y\u0131l \u00dcniversitesi Kendi Elektri\u011fini \u00dcretiyor&#8230;"},"content":{"rendered":"<p class=\"qtranxs-available-languages-message qtranxs-available-languages-message-en\">Sorry, this entry is only available in <a href=\"https:\/\/www.enerjigazetesi.ist\/tr\/wp-json\/wp\/v2\/posts\/25942\" class=\"qtranxs-available-language-link qtranxs-available-language-link-tr\" title=\"Turkish\">Turkish<\/a>. For the sake of viewer convenience, the content is shown below in the alternative language. You may click the link to switch the active language.<\/p><p><strong>Van Y\u00fcz\u00fcnc\u00fc Y\u0131l \u00dcniversitesi, kendi elektrik ihtiyac\u0131n\u0131n y\u00fczde 25`ini kar\u015f\u0131layacak olan g\u00fcne\u015f enerjisi santralini devreye ald\u0131. T\u00fcrkiye`de en \u00e7ok g\u00fcne\u015f alan iller aras\u0131nda yer alan Van`da Y\u00fcz\u00fcnc\u00fc Y\u0131l \u00dcniversitesi, g\u00fcne\u015f enerjisinden yararlanmak i\u00e7in ilk adam\u0131 att\u0131. Bunun i\u00e7in kamp\u00fcs alan\u0131nda \u2018Y\u00fcz\u00fcnc\u00fc Y\u0131l \u00dcniversitesi Kamp\u00fcs\u00fc Fotovoltaik G\u00fcne\u015f En<a href=\"https:\/\/www.enerjigazetesi.ist\/wp-content\/uploads\/2013\/09\/gunes-enerjisinden-elektrik-uretimi-konferansi.jpg\"><img loading=\"lazy\" class=\"alignright size-medium wp-image-15601\" title=\"gunes-enerjisi\" src=\"https:\/\/www.enerjigazetesi.ist\/wp-content\/uploads\/2013\/09\/gunes-enerjisinden-elektrik-uretimi-konferansi-300x192.jpg\" alt=\"\" width=\"300\" height=\"192\" srcset=\"https:\/\/www.enerjigazetesi.ist\/wp-content\/uploads\/2013\/09\/gunes-enerjisinden-elektrik-uretimi-konferansi-300x192.jpg 300w, https:\/\/www.enerjigazetesi.ist\/wp-content\/uploads\/2013\/09\/gunes-enerjisinden-elektrik-uretimi-konferansi-78x50.jpg 78w, https:\/\/www.enerjigazetesi.ist\/wp-content\/uploads\/2013\/09\/gunes-enerjisinden-elektrik-uretimi-konferansi.jpg 453w\" sizes=\"(max-width: 300px) 100vw, 300px\" \/><\/a>erjisi Santrali Uygulamas\u0131` projesi kapsam\u0131nda olu\u015fturulan 400 kilovat g\u00fc\u00e7 de\u011ferindeki g\u00fcne\u015f enerjisi santralini t\u00f6renle devreye soktu.<\/strong><\/p>\n<p>T\u00f6rene Van Valisi Ayd\u0131n Nezih Do\u011fan, Y\u00fcz\u00fcnc\u00fc Y\u0131l \u00dcniversitesi Rekt\u00f6r\u00fc Prof. Dr. Peyami Battal, kurum amirleri ve akademisyenler kat\u0131ld\u0131.<\/p>\n<p>Proje Koordinat\u00f6r\u00fc Do\u00e7. Dr. Naci Gen\u00e7, Van`\u0131n y\u0131lda 3 bin 100 saat g\u00fcne\u015f ald\u0131\u011f\u0131na dikkat \u00e7ekerek, Y\u00fcz\u00fcnc\u00fc Y\u0131l \u00dcniversitesi `nin y\u0131ll\u0131k elektrik enerjisi faturas\u0131 ara\u015ft\u0131rma hastanesi hari\u00e7 yakla\u015f\u0131k 3 milyon TL civar\u0131nda. Bu rakam giderek artacakt\u0131r. Yerle\u015fkemizde kurulan bu sistemden \u00fcretilecek elektrik, \u00fcniversitemize y\u0131lda yakla\u015f\u0131k 280 bin TL katk\u0131 sa\u011flayacak. Kurulum maliyeti d\u00fc\u015f\u00fcn\u00fcld\u00fc\u011f\u00fcnde bu santral 5 y\u0131lda kendisini finanse edecektir. Sistem b\u00fcy\u00fct\u00fcld\u00fc\u011f\u00fc taktirde \u00fcniversitemiz elektrik faturas\u0131 y\u00fck\u00fcnden kurtulacakt\u0131r` dedi.<\/p>\n<p>Van Valisi Ayd\u0131n Nezih Do\u011fan ise, g\u00fcne\u015f enerjisi sisteminin do\u011faya en az zarar veren ve insan hayat\u0131n\u0131 kolayla\u015ft\u0131ran sistemlerden biri oldu\u011funu s\u00f6yledi. Vali Do\u011fan, Van gibi ekonomisi geli\u015fmekte olan illerin, bu t\u00fcr \u00e7al\u0131\u015fmalar\u0131 yaparken daha \u00e7ok modeli ve illeri inceleyip ona g\u00f6re hareket etmeleri gerekti\u011fini ifade etti.<\/p>\n<p>Kaynak: <a href=\"http:\/\/www.enerjigunlugu.net\/van-yuzuncu-yil-universitesi-kendi-elektrigini-ure_8293.html\" target=\"_blank\">Enerji G\u00fcnl\u00fc\u011f\u00fc<\/a><\/p>\n<p>&nbsp;<\/p>","protected":false},"excerpt":{"rendered":"<p>Sorry, this entry is only available in Turkish. For the sake of viewer convenience, the content is shown below in the alternative language. You may click the link to switch the active language.Van Y\u00fcz\u00fcnc\u00fc Y\u0131l \u00dcniversitesi, kendi elektrik ihtiyac\u0131n\u0131n y\u00fczde 25`ini kar\u015f\u0131layacak olan g\u00fcne\u015f enerjisi santralini devreye ald\u0131. T\u00fcrkiye`de en \u00e7ok g\u00fcne\u015f alan iller aras\u0131nda [&hellip;]<\/p>\n","protected":false},"author":1,"featured_media":15601,"comment_status":"open","ping_status":"open","sticky":false,"template":"","format":"standard","meta":[],"categories":[51,53,49],"tags":[19,63,67,1009,165,2326,227,13,2569,14571],"views":1662,"_links":{"self":[{"href":"https:\/\/www.enerjigazetesi.ist\/en\/wp-json\/wp\/v2\/posts\/25942"}],"collection":[{"href":"https:\/\/www.enerjigazetesi.ist\/en\/wp-json\/wp\/v2\/posts"}],"about":[{"href":"https:\/\/www.enerjigazetesi.ist\/en\/wp-json\/wp\/v2\/types\/post"}],"author":[{"embeddable":true,"href":"https:\/\/www.enerjigazetesi.ist\/en\/wp-json\/wp\/v2\/users\/1"}],"replies":[{"embeddable":true,"href":"https:\/\/www.enerjigazetesi.ist\/en\/wp-json\/wp\/v2\/comments?post=25942"}],"version-history":[{"count":2,"href":"https:\/\/www.enerjigazetesi.ist\/en\/wp-json\/wp\/v2\/posts\/25942\/revisions"}],"predecessor-version":[{"id":25944,"href":"https:\/\/www.enerjigazetesi.ist\/en\/wp-json\/wp\/v2\/posts\/25942\/revisions\/25944"}],"wp:featuredmedia":[{"embeddable":true,"href":"https:\/\/www.enerjigazetesi.ist\/en\/wp-json\/wp\/v2\/media\/15601"}],"wp:attachment":[{"href":"https:\/\/www.enerjigazetesi.ist\/en\/wp-json\/wp\/v2\/media?parent=25942"}],"wp:term":[{"taxonomy":"category","embeddable":true,"href":"https:\/\/www.enerjigazetesi.ist\/en\/wp-json\/wp\/v2\/categories?post=25942"},{"taxonomy":"post_tag","embeddable":true,"href":"https:\/\/www.enerjigazetesi.ist\/en\/wp-json\/wp\/v2\/tags?post=25942"}],"curies":[{"name":"wp","href":"https:\/\/api.w.org\/{rel}","templated":true}]}}