{"id":25935,"date":"2014-05-01T12:40:47","date_gmt":"2014-05-01T09:40:47","guid":{"rendered":"https:\/\/www.enerjigazetesi.ist\/?p=25935"},"modified":"2014-05-01T12:41:27","modified_gmt":"2014-05-01T09:41:27","slug":"bakan-yildiz-heslerde-su-kullanimi-azaltildi","status":"publish","type":"post","link":"https:\/\/www.enerjigazetesi.ist\/en\/bakan-yildiz-heslerde-su-kullanimi-azaltildi\/","title":{"rendered":"(Turkish) Bakan Y\u0131ld\u0131z: HES\u2019lerde Su Kullan\u0131m\u0131 Azalt\u0131ld\u0131&#8230;"},"content":{"rendered":"<p class=\"qtranxs-available-languages-message qtranxs-available-languages-message-en\">Sorry, this entry is only available in <a href=\"https:\/\/www.enerjigazetesi.ist\/tr\/wp-json\/wp\/v2\/posts\/25935\" class=\"qtranxs-available-language-link qtranxs-available-language-link-tr\" title=\"Turkish\">Turkish<\/a>. For the sake of viewer convenience, the content is shown below in the alternative language. You may click the link to switch the active language.<\/p><p><strong>Enerji ve Tabii Kaynaklar Bakan\u0131 Taner Y\u0131ld\u0131z, \u201c\u200bDo\u011fu Anadolu B\u00f6lgemiz\u2019deki bir miktardan bahsediyoruz. HES\u2019lerden \u00f6zellikle nisan, may\u0131s ay\u0131 i\u00e7erisinde daha az enerji elde edece\u011fimiz, haziran, temmuz ve a\u011fustos ay\u0131na biraz daha su biriktirece\u011fimiz bir yap\u0131y\u0131 kurguluyoruz. Son geldi\u011fimiz noktada suyun kullan\u0131m\u0131n\u0131 HES\u2019lerde bu aylarda k\u0131st\u0131\u011f\u0131m\u0131z\u0131 s\u00f6ylemem laz\u0131m\u201d dedi.<\/strong><\/p>\n<p>Bakan Y\u0131ld\u0131z, resmi ziyaret i\u00e7in bulundu\u011fu Norve\u00e7\u2019ten d\u00f6n\u00fc\u015f\u00fcnde u\u00e7akta bas\u0131n mensuplar\u0131na a\u00e7\u0131klamalarda bulundu.<\/p>\n<p>Norve\u00e7 temaslar\u0131n\u0131n son derece verimli oldu\u011funu, hatta umdu\u011fundan da verimli ge\u00e7ti\u011fini ifade eden Y\u0131ld\u0131z, LNG tedarikiyle alakal\u0131 6 milyar metrek\u00fcpl\u00fck talepte bulunduklar\u0131n\u0131 s\u00f6yledi. Uygun fiyatl\u0131 bir teklif verip veremeyeceklerine dair g\u00f6r\u00fc\u015fme yapt\u0131klar\u0131n\u0131 anlatan Y\u0131ld\u0131z, \u201cD\u00fcnya devlerinden biri olan Statoil\u2019le g\u00f6r\u00fc\u015fmemiz oldu. Kendilerinin LNG \u00fcretimi oldu\u011funu ama bu t\u00fcr bir mal teslimat\u0131 yap\u0131p yapmayacaklar\u0131n\u0131 kendi aralar\u0131nda tart\u0131\u015facaklar\u0131n\u0131 s\u00f6ylediler. Sonra da bize d\u00f6necekler. Katar, ABD, Norve\u00e7 dahil b\u00fct\u00fcn LNG \u00fcreten \u00fclkelere bu t\u00fcr \u00e7a\u011fr\u0131lar yap\u0131yoruz. T\u00fcrkiye\u2019nin, b\u00fcy\u00fcmesi, ilerlemesi, geli\u015fmesiyle alakal\u0131 b\u00f6yle bir LNG tedarikine ihtiyac\u0131 var. Ayn\u0131 teklifi Rusya i\u00e7in de yapm<a href=\"https:\/\/www.enerjigazetesi.ist\/wp-content\/uploads\/2014\/05\/bakan-yildiz-heslerde-su-kullanimi-azaltildi.jpg\"><img loading=\"lazy\" class=\"alignright size-medium wp-image-25936\" title=\"bakan-yildiz-heslerde-su-kullanimi-azaltildi\" src=\"https:\/\/www.enerjigazetesi.ist\/wp-content\/uploads\/2014\/05\/bakan-yildiz-heslerde-su-kullanimi-azaltildi-300x199.jpg\" alt=\"\" width=\"300\" height=\"199\" srcset=\"https:\/\/www.enerjigazetesi.ist\/wp-content\/uploads\/2014\/05\/bakan-yildiz-heslerde-su-kullanimi-azaltildi-300x199.jpg 300w, https:\/\/www.enerjigazetesi.ist\/wp-content\/uploads\/2014\/05\/bakan-yildiz-heslerde-su-kullanimi-azaltildi-500x332.jpg 500w, https:\/\/www.enerjigazetesi.ist\/wp-content\/uploads\/2014\/05\/bakan-yildiz-heslerde-su-kullanimi-azaltildi-75x50.jpg 75w, https:\/\/www.enerjigazetesi.ist\/wp-content\/uploads\/2014\/05\/bakan-yildiz-heslerde-su-kullanimi-azaltildi.jpg 505w\" sizes=\"(max-width: 300px) 100vw, 300px\" \/><\/a>\u0131\u015ft\u0131k\u201d diye konu\u015ftu.<\/p>\n<p>Norve\u00e7\u2019in ayn\u0131 zamanda bir HES \u00fclkesi oldu\u011funu ve do\u011fal gazdan daha ziyade elektri\u011fi yenilenebilir enerji kaynaklar\u0131ndan elde etti\u011fini dile getiren Y\u0131ld\u0131z, T\u00fcrkiye\u2019deki HES\u2019lerin rehabilitasyonuyla alakal\u0131 2 ayr\u0131 firmayla g\u00f6r\u00fc\u015ft\u00fcklerini, bunlar\u0131n T\u00fcrkiye\u2019ye davet edilmesiyle hem teknoloji transferini hem de T\u00fcrkiye\u2019de gerek kamu gerekse \u00f6zel sekt\u00f6rle yapabilecekleri ortakl\u0131klar\u0131 konu\u015ftuklar\u0131n\u0131 kaydetti.<\/p>\n<h2>Akdeniz ve Karadeniz\u2019deki arama faaliyetleri<\/h2>\n<p>Statoil \u015firketinin d\u00fcnyan\u0131n d\u00f6rt bir yan\u0131nda derin deniz aramac\u0131l\u0131\u011f\u0131 alan\u0131nda bir\u00e7ok faaliyet oldu\u011funa i\u015faret eden Y\u0131ld\u0131z, \u015f\u00f6yle konu\u015ftu:<\/p>\n<p>\u201cKendilerini hem Akdeniz\u2019e, hem Karadeniz\u2019e davet ettik. Bu bir proses \u00e7al\u0131\u015fmas\u0131. Biz hem 2, hem 3 boyutlu sismikleri belirlemeyle alakal\u0131 gemiyi Norve\u00e7\u2019ten alm\u0131\u015ft\u0131k. Bu konudaki bilgi birikimleri de \u00e7ok y\u00fcksek. Bundan sonra bir sondaj platformunun da bunun arkas\u0131ndan gelebilece\u011fini kendilerine s\u00f6yledik ama bunun i\u00e7in hen\u00fcz erken. Bir \u00e7al\u0131\u015fma yapabileceklerini, buna kap\u0131lar\u0131n\u0131n kapal\u0131 olmad\u0131\u011f\u0131n\u0131, ancak bu \u00e7al\u0131\u015fmadan sonra bunu s\u00f6yleyebileceklerini belirttiler.<\/p>\n<p>Sismik aramadan sonra kendilerine sondaj platformunu g\u00fcndeme getirdik. Sondaj platformuyla alakal\u0131 politikam\u0131z \u015fu: Yakla\u015f\u0131k 1,5 milyar dolar de\u011ferindeki bir sondaj platformunu, ancak Akdeniz veya Karadeniz\u2019de petrol, do\u011fal gaz bulmam\u0131zla beraber alabilece\u011fimizi bildirmi\u015ftik. Bulmadan almam\u0131z do\u011fru olmaz diye d\u00fc\u015f\u00fcn\u00fcyoruz.\u201d<\/p>\n<h2>\u201cRusya\u2019ya ile ili\u015fkileri geli\u015ftirmek istiyoruz\u201d<\/h2>\n<p>Rusya ile stratejik i\u015fbirli\u011fini daha da geni\u015fletmek, derinle\u015ftirmek istediklerini dile getiren Y\u0131ld\u0131z, \u201cBir k\u0131s\u0131m do\u011fal gaz santrallerine talip olabileceklerini ve do\u011fal gaz depolama tesisleriyle alakal\u0131 farkl\u0131 tekliflerinin olabilece\u011fini s\u00f6ylediler, bekliyoruz\u201d dedi.<\/p>\n<p>Mavi Ak\u0131m\u2019da kapasitenin artmas\u0131yla ilgili taleplerini belirttiklerini ifade eden Y\u0131ld\u0131z, Bat\u0131 Hatt\u0131\u2019yla alakal\u0131 Ukrayna konusunda bir risk ya\u015famamalar\u0131 gerekti\u011fini, b\u00f6yle bir s\u0131k\u0131nt\u0131n\u0131n \u00f6zellikle T\u00fcrkiye i\u00e7in \u00f6nemli oldu\u011fundan bahsettiklerini belirtti. Rus taraf\u0131n\u0131n de bu noktay\u0131 AB \u00fcyesi \u00fclkelerle beraber de\u011ferlendirece\u011fini s\u00f6yledi\u011fini payla\u015fan Y\u0131ld\u0131z, \u201cAB \u00fcyesi \u00fclkeler, alacaklar\u0131 karar\u0131 ve hareket tarz\u0131n\u0131 \u00e7ok net \u015fekilde ortaya koymal\u0131lar. AB\u2019nin enerji politikalar\u0131 \u00e7ok net anla\u015f\u0131labilmi\u015f de\u011fil. AB\u2019nin \u00f6zellikle enerji sekt\u00f6r\u00fcyle alakal\u0131 ekonomileri globalle\u015fiyor ama politikalar\u0131 ulusalla\u015f\u0131yor. Her bir \u00fclke AB\u2019ye ba\u011fl\u0131yken kendileri de ayr\u0131 ayr\u0131 atraksiyona ge\u00e7ebiliyorlar. Bunun net anla\u015f\u0131labiliyor olmas\u0131 laz\u0131m. AB \u00fcyesi \u00fclkelerin bu manada \u00e7\u00f6z\u00fcm \u00fczerinde anla\u015f\u0131labilir bir ifade tarzlar\u0131n\u0131n olmas\u0131 gerekiyor. Bunu \u00f6n\u00fcm\u00fczdeki g\u00fcnlerde bekledi\u011fimizi s\u00f6ylemem laz\u0131m\u201d de\u011ferlendirmesinde bulundu.<\/p>\n<p>Rusya Federasyonu ile yap\u0131lan g\u00f6r\u00fc\u015fmelerin olumlu ge\u00e7ti\u011fini belirten Y\u0131ld\u0131z, \u201cBat\u0131 Hatt\u0131\u2019ndaki herhangi bir do\u011fal gaz kesintisinin olabilece\u011fini \u00f6ng\u00f6rm\u00fcyorum ama olmas\u0131 halinde T\u00fcrkiye\u2019nin arz g\u00fcvenli\u011fiyle alakal\u0131 baz\u0131 konular g\u00fcndeme gelir. Elektrikte de\u011fil ama biz Marmara Ere\u011flisi\u2019nden gelen enerji ve depolama kapasitemizle beraber, buna ra\u011fmen Bat\u0131 Hatt\u0131\u2019ndan gelen g\u00fcnl\u00fck 42 milyon metrek\u00fcple Trakya B\u00f6lgesi\u2019nin do\u011fal gazdaki arz g\u00fcvenli\u011fini sa\u011fl\u0131yoruz. Bu \u00f6nemli bir miktard\u0131r. B\u00f6yle bir risk, tehlike ya\u015famayaca\u011f\u0131m\u0131z\u0131 \u00f6ng\u00f6r\u00fcyorum\u201d dedi.<\/p>\n<p>Bakan Y\u0131ld\u0131z, Rusya\u2019dan al\u0131nan do\u011fal gaz\u0131n fiyat\u0131nda revizyona gidilmesini talebinin \u00f6n\u00fcm\u00fczdeki s\u00fcre\u00e7te de\u011ferlendirilece\u011fini ifade etti.<\/p>\n<h2>Cezayir gaz\u0131na zaman ayar\u0131<\/h2>\n<p>Cezayir\u2019den gaz tedarikine ili\u015fkin sorular\u0131 da yan\u0131tlayan Y\u0131ld\u0131z, bu konuda y\u00fcr\u00fct\u00fclen g\u00f6r\u00fc\u015fmelere ili\u015fkin \u015fu bilgileri verdi:<\/p>\n<p>\u201cCezayir\u2019le yapt\u0131\u011f\u0131m\u0131z g\u00f6r\u00fc\u015fmelerde kontrat\u0131 yenilemek istiyoruz. Onlar da ayn\u0131 \u015fekilde kontrat\u0131 yenilemek istiyorlar. Bu konuda temel bir mutabakat sa\u011fland\u0131, ancak kendilerinden bir tak\u0131m isteklerimiz oldu\u011funu belirttik. Bunlardan en \u00f6nemlisi teslimatlar\u0131n zaman\u0131nda yap\u0131lam\u0131yor olmas\u0131. \u00d6zellikle k\u0131\u015f g\u00fcnlerinde b\u0131rak\u0131n 2-3 g\u00fcnl\u00fck gecikmeyi, normalde saatlik gecikmelerin bile \u00f6nemli oldu\u011funu biliyoruz. Gerek \u0130zmir\u2019e gerekse Marmara Ere\u011flisi\u2019ne teslimat\u0131n zaman\u0131nda yap\u0131lmas\u0131n\u0131 kendilerinin de bir k\u0131s\u0131m teknik \u00f6nlemler almas\u0131 gerekti\u011fini s\u00f6yledik. Bu konuyu dikkate alacaklar\u0131n\u0131 ve \u00fcretim planlamas\u0131n\u0131 buna g\u00f6re yapacaklar\u0131n\u0131 s\u00f6ylediler ama Cezayir ile temel konularda mutabakat sa\u011flad\u0131k.\u201d<\/p>\n<h2>\u201cHazine garantisi talebimiz olmad\u0131\u201d<\/h2>\n<p>Hazine garantilerinin enerji yat\u0131r\u0131mlar\u0131nda g\u00fcndeme gelip gelmeyece\u011fine y\u00f6nelik soruya Y\u0131ld\u0131z, \u201cHazine garantisi istenmesi konusunda enerji sekt\u00f6r\u00fcn\u00fcn bir talebi olmad\u0131. Enerji ve Tabii Kaynaklar Bakanl\u0131\u011f\u0131 olarak yapt\u0131\u011f\u0131m\u0131z hi\u00e7bir projede Hazine garantisi istemedik ve istetmedik. \u00c7\u00fcnk\u00fc bakanl\u0131\u011f\u0131n yapt\u0131\u011f\u0131 bu projelerde arz ve talep dengesini iyi kurgulamaya \u00e7al\u0131\u015f\u0131yoruz ve bununla alakal\u0131 kendi ayaklar\u0131 \u00fczerinde durabilecek bir sekt\u00f6r olu\u015fturmaya \u00e7al\u0131\u015f\u0131yoruz. \u00d6n\u00fcm\u00fczdeki s\u00fcre\u00e7 ne g\u00f6sterir\u2026 Ama bu talep bizden gelmedi\u201d yan\u0131t\u0131n\u0131 verdi.<\/p>\n<h2>HES\u2019lerde kurakl\u0131k \u00f6nlemi<\/h2>\n<p>Bakan Taner Y\u0131ld\u0131z, kural\u0131k ve buna ba\u011fl\u0131 olarak HES\u2019lerin elektrik \u00fcretiminde kullan\u0131m\u0131na y\u00f6nelik de\u011ferlendirmede bulunarak, d\u00fcnya baz\u0131 b\u00f6lgelerinde ya\u011fmur rejimleri ve kar miktar\u0131 a\u00e7\u0131s\u0131ndan azalma oldu\u011funu s\u00f6yledi.<\/p>\n<p>Bu durumun T\u00fcrkiye\u2019yi de elektrik \u00fcretimi a\u00e7\u0131s\u0131ndan olumsuz etkiledi\u011fini belirten Y\u0131ld\u0131z, \u201cAncak bununla alakal\u0131 bir s\u0131k\u0131nt\u0131 \u00f6ng\u00f6rm\u00fcyoruz\u201d dedi.<\/p>\n<p>Suyun, do\u011fal gaz, r\u00fczgar ve k\u00f6m\u00fcr gibi bir hammadde oldu\u011funun bilinmesi gerekti\u011fini dile getiren Y\u0131ld\u0131z, \u015f\u00f6yle konu\u015ftu:<\/p>\n<p>\u201cO hammaddenin azl\u0131\u011f\u0131 bizi etkiler. Ne olur, HES\u2019lerden elde edece\u011fimiz elektri\u011fi ba\u015fka kaynaklardan elde ederiz. Bunun i\u00e7erisinde do\u011fal gaz, k\u00f6m\u00fcr vard\u0131r. Do\u011fu Anadolu B\u00f6lgemiz\u2019deki bir miktardan bahsediyoruz. \u015euanda farkl\u0131 bir bilgi olarak \u015funu s\u00f6yleyebilirim: HES\u2019lerimizin su kullan\u0131m k\u0131s\u0131mlar\u0131yla alakal\u0131 arkada\u015flar\u0131m bizden bir olur ald\u0131lar ve daha k\u0131s\u0131tl\u0131 su kullan\u0131m\u0131 ve HES\u2019lerden \u00f6zellikle nisan, may\u0131s ay\u0131 i\u00e7erisinde daha az enerji elde edece\u011fimiz, haziran, temmuz ve a\u011fustos ay\u0131na biraz daha su biriktirece\u011fimiz bir yap\u0131y\u0131 kurguluyoruz. \u00c7\u00fcnk\u00fc \u00f6zellikle nisan ve may\u0131s ay\u0131nda kullan\u0131lan suyun, gelen sudan daha fazla olmamas\u0131 laz\u0131m. Ya\u011fmurlardan ve kardan gelen suyun daha fazla olmas\u0131 gerekirken \u015fuanda tersi. Biz ya\u011fmur ya\u011fmam\u0131\u015fken b\u00fcrokratlar, milletvekilleri ve bakanlar olarak ya\u011fmur ya\u011fd\u0131 muamelesi yapamay\u0131z. Ger\u00e7ek neyse onu kamuoyuyla payla\u015f\u0131r\u0131z. Son geldi\u011fimiz noktada suyun kullan\u0131m\u0131n\u0131 HES\u2019lerde bu aylarda k\u0131st\u0131\u011f\u0131m\u0131z\u0131 s\u00f6ylemem laz\u0131m.\u201d<\/p>\n<h2>\u201cUygun fiyatla ithalat da ihracat da yapar\u0131z\u201d<\/h2>\n<p>T\u00fcrkiye\u2019nin elektrik konusunda zaman zaman ithalat, zaman zaman da ihracat yapt\u0131\u011f\u0131n\u0131 anlatan Y\u0131ld\u0131z, ithalat miktar\u0131n\u0131n y\u00fczde 2,5-3\u2032ler civar\u0131nda oldu\u011funu s\u00f6yledi.<\/p>\n<p>\u00d6rne\u011fin Bulgaristan da n\u00fckleer santrallerde bir ar\u0131za oldu\u011funda elektrik ihracat\u0131 yap\u0131ld\u0131\u011f\u0131n\u0131 dile getiren Y\u0131ld\u0131z, \u201cBu bizim enerji sekt\u00f6r\u00fcyle alakal\u0131 derinli\u011fimizi g\u00f6steriyor. Daha geni\u015f bir havuzda bu i\u015fi yapabildi\u011fimizi g\u00f6steriyor. \u0130thalat\u0131m\u0131zda \u00f6nemli \u00f6l\u00e7\u00fcde bir art\u0131\u015f olmaz. Uygun fiyatla bulmam\u0131z halinde ithalatta yapar\u0131z, ihracatta yapar\u0131z\u201d dedi.<\/p>\n<p>Kaynak: <a href=\"http:\/\/www.bloomberght.com\/haberler\/haber\/1549897-bakan-yildiz-heslerde-su-kullanimi-kisildi\" target=\"_blank\">BloombergHT<\/a><\/p>","protected":false},"excerpt":{"rendered":"<p>Sorry, this entry is only available in Turkish. For the sake of viewer convenience, the content is shown below in the alternative language. You may click the link to switch the active language.Enerji ve Tabii Kaynaklar Bakan\u0131 Taner Y\u0131ld\u0131z, \u201c\u200bDo\u011fu Anadolu B\u00f6lgemiz\u2019deki bir miktardan bahsediyoruz. HES\u2019lerden \u00f6zellikle nisan, may\u0131s ay\u0131 i\u00e7erisinde daha az enerji elde [&hellip;]<\/p>\n","protected":false},"author":1,"featured_media":25936,"comment_status":"open","ping_status":"open","sticky":false,"template":"","format":"standard","meta":[],"categories":[53,47],"tags":[710,19,63,67,1009,165,35370,1090,667],"views":521,"_links":{"self":[{"href":"https:\/\/www.enerjigazetesi.ist\/en\/wp-json\/wp\/v2\/posts\/25935"}],"collection":[{"href":"https:\/\/www.enerjigazetesi.ist\/en\/wp-json\/wp\/v2\/posts"}],"about":[{"href":"https:\/\/www.enerjigazetesi.ist\/en\/wp-json\/wp\/v2\/types\/post"}],"author":[{"embeddable":true,"href":"https:\/\/www.enerjigazetesi.ist\/en\/wp-json\/wp\/v2\/users\/1"}],"replies":[{"embeddable":true,"href":"https:\/\/www.enerjigazetesi.ist\/en\/wp-json\/wp\/v2\/comments?post=25935"}],"version-history":[{"count":2,"href":"https:\/\/www.enerjigazetesi.ist\/en\/wp-json\/wp\/v2\/posts\/25935\/revisions"}],"predecessor-version":[{"id":25938,"href":"https:\/\/www.enerjigazetesi.ist\/en\/wp-json\/wp\/v2\/posts\/25935\/revisions\/25938"}],"wp:featuredmedia":[{"embeddable":true,"href":"https:\/\/www.enerjigazetesi.ist\/en\/wp-json\/wp\/v2\/media\/25936"}],"wp:attachment":[{"href":"https:\/\/www.enerjigazetesi.ist\/en\/wp-json\/wp\/v2\/media?parent=25935"}],"wp:term":[{"taxonomy":"category","embeddable":true,"href":"https:\/\/www.enerjigazetesi.ist\/en\/wp-json\/wp\/v2\/categories?post=25935"},{"taxonomy":"post_tag","embeddable":true,"href":"https:\/\/www.enerjigazetesi.ist\/en\/wp-json\/wp\/v2\/tags?post=25935"}],"curies":[{"name":"wp","href":"https:\/\/api.w.org\/{rel}","templated":true}]}}