{"id":25915,"date":"2014-04-30T14:09:42","date_gmt":"2014-04-30T11:09:42","guid":{"rendered":"https:\/\/www.enerjigazetesi.ist\/?p=25915"},"modified":"2014-04-30T14:09:42","modified_gmt":"2014-04-30T11:09:42","slug":"dunyanin-onemli-gunes-enerjisi-pazarindan-biri-turkiye-olacak","status":"publish","type":"post","link":"https:\/\/www.enerjigazetesi.ist\/en\/dunyanin-onemli-gunes-enerjisi-pazarindan-biri-turkiye-olacak\/","title":{"rendered":"(Turkish) D\u00fcnyan\u0131n \u00d6nemli G\u00fcne\u015f Enerjisi Pazar\u0131ndan Biri T\u00fcrkiye Olacak!"},"content":{"rendered":"<p class=\"qtranxs-available-languages-message qtranxs-available-languages-message-en\">Sorry, this entry is only available in <a href=\"https:\/\/www.enerjigazetesi.ist\/tr\/wp-json\/wp\/v2\/posts\/25915\" class=\"qtranxs-available-language-link qtranxs-available-language-link-tr\" title=\"Turkish\">Turkish<\/a>. For the sake of viewer convenience, the content is shown below in the alternative language. You may click the link to switch the active language.<\/p><p><\/p>\n<p style=\"text-align: left;\" align=\"center\"><strong>Yingli Solar T\u00fcrkiye M\u00fcd\u00fcr\u00fc U\u011fur K\u0131l\u0131\u00e7, \u0130stanbul Teknik \u00dcniversitesi\u2019nde d\u00fczenlenen Temiz Enerji G\u00fcnleri 2014 konferans\u0131nda yapt\u0131\u011f\u0131 konu\u015fmada, Yingli Solar\u2019\u0131n \u00fcretiminin b\u00fcy\u00fck bir k\u0131sm\u0131n\u0131 \u00c7in\u2019e satt\u0131\u011f\u0131n\u0131 belirterek, yak\u0131n d\u00f6nemde ABD, Japonya ve Kanada\u2019n\u0131n yan\u0131nda T\u00fcrkiye\u2019nin g\u00fcne\u015f enerjisi pazar\u0131nda \u00f6nemli bir \u00fclke olaca\u011f\u0131n\u0131 s\u00f6yledi. <\/strong><strong>U\u011fur K\u0131l\u0131\u00e7 Yingli Solar\u2019\u0131n sahip oldu\u011fu \u00fc\u00e7 adet AR-GE laboratuvar\u0131nda g\u00fcne\u015f paneli h\u00fccrelerinin verimlili\u011fini art\u0131rmak ve hammadde fiyatlar\u0131ndaki art\u0131\u015fa ra\u011fmen silikon d\u0131\u015f\u0131 hammaddelerde maliyetleri d\u00fc\u015f\u00fcrmek i\u00e7in \u00e7al\u0131\u015fmalar yapt\u0131klar\u0131n\u0131 belirtti.<\/strong><\/p>\n<p>Merkezi \u00c7in\u2019de bulunan, 2012 ve 2013 y\u0131llar\u0131n\u0131 d\u00fcnya pazar lideri olarak kapatan d\u00fcnyan\u0131n en b\u00fcy\u00fck g\u00fcne\u015f pane<a href=\"https:\/\/www.enerjigazetesi.ist\/wp-content\/uploads\/2014\/04\/dunyanin-onemli-gunes-enerjisi-pazarindan-biri-turkiye-olacak.jpg\"><img loading=\"lazy\" class=\"alignright size-medium wp-image-25916\" title=\"SONY DSC\" src=\"https:\/\/www.enerjigazetesi.ist\/wp-content\/uploads\/2014\/04\/dunyanin-onemli-gunes-enerjisi-pazarindan-biri-turkiye-olacak-300x204.jpg\" alt=\"\" width=\"300\" height=\"204\" srcset=\"https:\/\/www.enerjigazetesi.ist\/wp-content\/uploads\/2014\/04\/dunyanin-onemli-gunes-enerjisi-pazarindan-biri-turkiye-olacak-300x204.jpg 300w, https:\/\/www.enerjigazetesi.ist\/wp-content\/uploads\/2014\/04\/dunyanin-onemli-gunes-enerjisi-pazarindan-biri-turkiye-olacak-500x341.jpg 500w, https:\/\/www.enerjigazetesi.ist\/wp-content\/uploads\/2014\/04\/dunyanin-onemli-gunes-enerjisi-pazarindan-biri-turkiye-olacak-73x50.jpg 73w, https:\/\/www.enerjigazetesi.ist\/wp-content\/uploads\/2014\/04\/dunyanin-onemli-gunes-enerjisi-pazarindan-biri-turkiye-olacak.jpg 585w\" sizes=\"(max-width: 300px) 100vw, 300px\" \/><\/a>li \u00fcreticilerinden <strong>Yingli Solar T\u00fcrkiye M\u00fcd\u00fcr\u00fc U\u011fur K\u0131l\u0131\u00e7<\/strong>, \u0130stanbul Teknik \u00dcniversitesi S\u00fcleyman Demirel K\u00fclt\u00fcr Merkezi\u2019nde d\u00fczenlenen Temiz Enerji G\u00fcnleri 2014 Konferans\u0131\u2019na kat\u0131ld\u0131.<\/p>\n<p>U\u011fur K\u0131l\u0131\u00e7 g\u00fcne\u015f enerjisi alan\u0131nda Avrupa\u2019da bir gerileme oldu\u011funa dikkat \u00e7ekerek, \u00c7in, Kanada, ABD gibi \u00fclkelerde pazar\u0131n b\u00fcy\u00fcd\u00fc\u011f\u00fcn\u00fc, T\u00fcrkiye\u2019nin de g\u00fcne\u015f enerjisi pazar\u0131nda \u00f6nemli bir yeri oldu\u011funu s\u00f6zlerine ekledi.<\/p>\n<p><strong>T\u00fcrkiye\u2019de g\u00fcne\u015fin 2030 hedefi 15 GW<\/strong><\/p>\n<p>T\u00fcrkiye\u2019nin 2030 y\u0131l\u0131na kadar hedefinin toplam enerji \u00fcretiminin en az y\u00fczde 50\u2019lik b\u00f6l\u00fcm\u00fcn\u00fc yenilenebilir enerji kaynaklar\u0131ndan \u00fcretmek oldu\u011funu s\u00f6zlerine ekleyen K\u0131l\u0131\u00e7 \u015f\u00f6yle devam etti: \u201cYenilenebilir alanda r\u00fczgarda at\u0131l\u0131m var ancak g\u00fcne\u015fte bu at\u0131l\u0131m\u0131 yakalayamad\u0131k. Ancak 2030 hedefine bakt\u0131\u011f\u0131m\u0131zda T\u00fcrkiye\u2019de enerji kaynaklar\u0131n\u0131n y\u00fczde 50\u2019sinin minimum YEK kaynaklar\u0131ndan olu\u015fmas\u0131 hedefleniyor. Burada r\u00fczgar ve hidroelektrik kaynaklar ba\u015fl\u0131ca rol\u00fc oynuyor ama g\u00fcne\u015f i\u00e7in ise y\u00fczde 10 b\u00f6l\u00fcm gibi bir pay \u00f6ng\u00f6r\u00fcl\u00fcyor ki bu da 15 GW gibi bir g\u00fcce tekab\u00fcl ediyor.\u201d<\/p>\n<p>Konferansta ayr\u0131ca <strong>Hakan Erkan<\/strong> (GENSED), <strong>Haluk \u00d6zg\u00fcn<\/strong> (ABB T\u00fcrkiye) ve <strong>G\u00f6khan Kalayl\u0131 <\/strong>(SolBrella) T\u00fcrkiye\u2019deki ve d\u00fcnyadaki g\u00fcne\u015f enerjisi sekt\u00f6r\u00fcnde ya\u015fanan geli\u015fmeler hakk\u0131nda bilgi verdi. Konferans sonunda kat\u0131l\u0131mc\u0131lara plaketleri takdim edildi.<\/p>\n<p>Yay\u0131nc\u0131: <a href=\"https:\/\/www.enerjigazetesi.ist\" target=\"_blank\">Enerji Gazetesi<\/a><\/p>","protected":false},"excerpt":{"rendered":"<p>Sorry, this entry is only available in Turkish. For the sake of viewer convenience, the content is shown below in the alternative language. You may click the link to switch the active language. Yingli Solar T\u00fcrkiye M\u00fcd\u00fcr\u00fc U\u011fur K\u0131l\u0131\u00e7, \u0130stanbul Teknik \u00dcniversitesi\u2019nde d\u00fczenlenen Temiz Enerji G\u00fcnleri 2014 konferans\u0131nda yapt\u0131\u011f\u0131 konu\u015fmada, Yingli Solar\u2019\u0131n \u00fcretiminin b\u00fcy\u00fck bir [&hellip;]<\/p>\n","protected":false},"author":1,"featured_media":25916,"comment_status":"open","ping_status":"open","sticky":false,"template":"","format":"standard","meta":[],"categories":[53,49],"tags":[63,67,1009,165,227,13,2536,7728,870,2256,846,6681,105,12680],"views":990,"_links":{"self":[{"href":"https:\/\/www.enerjigazetesi.ist\/en\/wp-json\/wp\/v2\/posts\/25915"}],"collection":[{"href":"https:\/\/www.enerjigazetesi.ist\/en\/wp-json\/wp\/v2\/posts"}],"about":[{"href":"https:\/\/www.enerjigazetesi.ist\/en\/wp-json\/wp\/v2\/types\/post"}],"author":[{"embeddable":true,"href":"https:\/\/www.enerjigazetesi.ist\/en\/wp-json\/wp\/v2\/users\/1"}],"replies":[{"embeddable":true,"href":"https:\/\/www.enerjigazetesi.ist\/en\/wp-json\/wp\/v2\/comments?post=25915"}],"version-history":[{"count":1,"href":"https:\/\/www.enerjigazetesi.ist\/en\/wp-json\/wp\/v2\/posts\/25915\/revisions"}],"predecessor-version":[{"id":25917,"href":"https:\/\/www.enerjigazetesi.ist\/en\/wp-json\/wp\/v2\/posts\/25915\/revisions\/25917"}],"wp:featuredmedia":[{"embeddable":true,"href":"https:\/\/www.enerjigazetesi.ist\/en\/wp-json\/wp\/v2\/media\/25916"}],"wp:attachment":[{"href":"https:\/\/www.enerjigazetesi.ist\/en\/wp-json\/wp\/v2\/media?parent=25915"}],"wp:term":[{"taxonomy":"category","embeddable":true,"href":"https:\/\/www.enerjigazetesi.ist\/en\/wp-json\/wp\/v2\/categories?post=25915"},{"taxonomy":"post_tag","embeddable":true,"href":"https:\/\/www.enerjigazetesi.ist\/en\/wp-json\/wp\/v2\/tags?post=25915"}],"curies":[{"name":"wp","href":"https:\/\/api.w.org\/{rel}","templated":true}]}}