{"id":25891,"date":"2014-04-30T10:50:56","date_gmt":"2014-04-30T07:50:56","guid":{"rendered":"https:\/\/www.enerjigazetesi.ist\/?p=25891"},"modified":"2014-04-30T10:50:56","modified_gmt":"2014-04-30T07:50:56","slug":"ukrayna-gazpromu-mahkemeye-verecek","status":"publish","type":"post","link":"https:\/\/www.enerjigazetesi.ist\/en\/ukrayna-gazpromu-mahkemeye-verecek\/","title":{"rendered":"(Turkish) Ukrayna, Gazprom\u2019u Mahkemeye Verecek!"},"content":{"rendered":"<p class=\"qtranxs-available-languages-message qtranxs-available-languages-message-en\">Sorry, this entry is only available in <a href=\"https:\/\/www.enerjigazetesi.ist\/tr\/wp-json\/wp\/v2\/posts\/25891\" class=\"qtranxs-available-language-link qtranxs-available-language-link-tr\" title=\"Turkish\">Turkish<\/a>. For the sake of viewer convenience, the content is shown below in the alternative language. You may click the link to switch the active language.<\/p><p><strong>Ukrayna parlamentosu Y\u00fcksek Rada taraf\u0131ndan ba\u015fbakan olarak atanan Arseniy Yatsenyuk, Rus<a href=\"https:\/\/www.enerjigazetesi.ist\/wp-content\/uploads\/2014\/04\/ukrayna-gazpromu-mahkemeye-verecek.jpg\"><img loading=\"lazy\" class=\"alignright size-medium wp-image-25892\" title=\"ukrayna-gazpromu-mahkemeye-verecek\" src=\"https:\/\/www.enerjigazetesi.ist\/wp-content\/uploads\/2014\/04\/ukrayna-gazpromu-mahkemeye-verecek-300x220.jpg\" alt=\"\" width=\"300\" height=\"220\" srcset=\"https:\/\/www.enerjigazetesi.ist\/wp-content\/uploads\/2014\/04\/ukrayna-gazpromu-mahkemeye-verecek-300x220.jpg 300w, https:\/\/www.enerjigazetesi.ist\/wp-content\/uploads\/2014\/04\/ukrayna-gazpromu-mahkemeye-verecek-68x50.jpg 68w, https:\/\/www.enerjigazetesi.ist\/wp-content\/uploads\/2014\/04\/ukrayna-gazpromu-mahkemeye-verecek.jpg 454w\" sizes=\"(max-width: 300px) 100vw, 300px\" \/><\/a> do\u011falgaz holdingi Gazprom\u2019u mahkemeye verme s\u00fcrecini ba\u015flatt\u0131klar\u0131n\u0131 a\u00e7\u0131klad\u0131. Yatsenyuk, \u201cUkrayna h\u00fck\u00fcmeti ve do\u011frudan \u201cNaftogaz Ukrayna\u201d \u015firketi, Rus \u015firketi Gazprom\u2019u mahkemeye verme s\u00fcrecini ba\u015flatma karar\u0131n\u0131 ald\u0131lar.<\/strong><\/p>\n<p>Bug\u00fcn Rus tekelciye tahkim \u00f6ncesi nota g\u00f6nderildi. Rus tekelci, s\u00f6zle\u015fme \u015fartlar\u0131na uygun olarak 30 g\u00fcn i\u00e7erisinde sorular\u0131m\u0131za net bir yan\u0131t vermeli. \u0130lki, fiyatla ilgili\u201d dedi.<\/p>\n<p>Ge\u00e7ici ba\u015fbakan ayr\u0131ca Ukrayna\u2019n\u0131n s\u00f6zle\u015fmedeki baz\u0131 maddelerin g\u00f6zden ge\u00e7irilmesini talep etti\u011fini s\u00f6yledi.<\/p>\n<p>Gazprom\u2019dan ilgili tahkim \u00f6ncesi notaya yan\u0131t beklediklerini ve konunun mahkemeye varmamas\u0131n\u0131 umduklar\u0131n\u0131 belirten Yatsenyuk, \u201cRus tekelcinin Ukrayna h\u00fck\u00fcmeti ve Naftogaz \u015firketi taraf\u0131ndan s\u00fcr\u00fclen \u015fartlar\u0131 kabul ederek bu konunun mahkemeye ta\u015f\u0131nmas\u0131ndan ka\u00e7\u0131nabilece\u011fini umuyoruz\u201d ifadesini kulland\u0131.<\/p>\n<p>Kaynak: <a href=\"http:\/\/turkish.ruvr.ru\/news\/2014_04_28\/Kiev-Gazpromu-mahkemeye-verecek\/\" target=\"_blank\">Rusya&#8217;n\u0131n Sesi<\/a><\/p>","protected":false},"excerpt":{"rendered":"<p>Sorry, this entry is only available in Turkish. For the sake of viewer convenience, the content is shown below in the alternative language. You may click the link to switch the active language.Ukrayna parlamentosu Y\u00fcksek Rada taraf\u0131ndan ba\u015fbakan olarak atanan Arseniy Yatsenyuk, Rus do\u011falgaz holdingi Gazprom\u2019u mahkemeye verme s\u00fcrecini ba\u015flatt\u0131klar\u0131n\u0131 a\u00e7\u0131klad\u0131. Yatsenyuk, \u201cUkrayna h\u00fck\u00fcmeti ve [&hellip;]<\/p>\n","protected":false},"author":1,"featured_media":25892,"comment_status":"open","ping_status":"open","sticky":false,"template":"","format":"standard","meta":[],"categories":[46,53],"tags":[92,226,63,67,1009,165,1277,14549,2584],"views":601,"_links":{"self":[{"href":"https:\/\/www.enerjigazetesi.ist\/en\/wp-json\/wp\/v2\/posts\/25891"}],"collection":[{"href":"https:\/\/www.enerjigazetesi.ist\/en\/wp-json\/wp\/v2\/posts"}],"about":[{"href":"https:\/\/www.enerjigazetesi.ist\/en\/wp-json\/wp\/v2\/types\/post"}],"author":[{"embeddable":true,"href":"https:\/\/www.enerjigazetesi.ist\/en\/wp-json\/wp\/v2\/users\/1"}],"replies":[{"embeddable":true,"href":"https:\/\/www.enerjigazetesi.ist\/en\/wp-json\/wp\/v2\/comments?post=25891"}],"version-history":[{"count":1,"href":"https:\/\/www.enerjigazetesi.ist\/en\/wp-json\/wp\/v2\/posts\/25891\/revisions"}],"predecessor-version":[{"id":25893,"href":"https:\/\/www.enerjigazetesi.ist\/en\/wp-json\/wp\/v2\/posts\/25891\/revisions\/25893"}],"wp:featuredmedia":[{"embeddable":true,"href":"https:\/\/www.enerjigazetesi.ist\/en\/wp-json\/wp\/v2\/media\/25892"}],"wp:attachment":[{"href":"https:\/\/www.enerjigazetesi.ist\/en\/wp-json\/wp\/v2\/media?parent=25891"}],"wp:term":[{"taxonomy":"category","embeddable":true,"href":"https:\/\/www.enerjigazetesi.ist\/en\/wp-json\/wp\/v2\/categories?post=25891"},{"taxonomy":"post_tag","embeddable":true,"href":"https:\/\/www.enerjigazetesi.ist\/en\/wp-json\/wp\/v2\/tags?post=25891"}],"curies":[{"name":"wp","href":"https:\/\/api.w.org\/{rel}","templated":true}]}}