{"id":25882,"date":"2014-04-30T10:32:37","date_gmt":"2014-04-30T07:32:37","guid":{"rendered":"https:\/\/www.enerjigazetesi.ist\/?p=25882"},"modified":"2014-04-30T10:32:37","modified_gmt":"2014-04-30T07:32:37","slug":"sahdeniz-2-azerbaycan-dogalgazini-avrupaya-tasiyacak","status":"publish","type":"post","link":"https:\/\/www.enerjigazetesi.ist\/en\/sahdeniz-2-azerbaycan-dogalgazini-avrupaya-tasiyacak\/","title":{"rendered":"(Turkish) \u015eahdeniz-2 Azerbaycan Do\u011falgaz\u0131n\u0131 Avrupa\u2019ya Ta\u015f\u0131yacak&#8230;"},"content":{"rendered":"<p class=\"qtranxs-available-languages-message qtranxs-available-languages-message-en\">Sorry, this entry is only available in <a href=\"https:\/\/www.enerjigazetesi.ist\/tr\/wp-json\/wp\/v2\/posts\/25882\" class=\"qtranxs-available-language-link qtranxs-available-language-link-tr\" title=\"Turkish\">Turkish<\/a>. For the sake of viewer convenience, the content is shown below in the alternative language. You may click the link to switch the active language.<\/p><p><strong>Azeri devlet petrol \u015firketi SOCAR, \u015eahdeniz -2 projesinin Azeri do\u011falgaz\u0131n\u0131 Avrupa\u2019ya ta\u015f\u0131yaca\u011f\u0131n\u0131 s\u00f6yledi. Bak\u00fc\u2019de d\u00fczenlenen 7. Hazar Petrol-Do\u011falgaz Ticareti ve Nakliyat\u0131 Konferans\u0131na kat\u0131lan SOCAR Yat\u0131r\u0131mc\u0131larla \u0130li\u015fkiler Dairesi Ba\u015fkan\u0131 Perviz B<a href=\"https:\/\/www.enerjigazetesi.ist\/wp-content\/uploads\/2014\/04\/sahdeniz-2-azerbaycan-dogalgazini-avrupaya-tasiyacak.jpg\"><img loading=\"lazy\" class=\"alignleft size-medium wp-image-25883\" title=\"sahdeniz-2-azerbaycan-dogalgazini-avrupaya-tasiyacak\" src=\"https:\/\/www.enerjigazetesi.ist\/wp-content\/uploads\/2014\/04\/sahdeniz-2-azerbaycan-dogalgazini-avrupaya-tasiyacak-300x176.jpg\" alt=\"\" width=\"300\" height=\"176\" srcset=\"https:\/\/www.enerjigazetesi.ist\/wp-content\/uploads\/2014\/04\/sahdeniz-2-azerbaycan-dogalgazini-avrupaya-tasiyacak-300x176.jpg 300w, https:\/\/www.enerjigazetesi.ist\/wp-content\/uploads\/2014\/04\/sahdeniz-2-azerbaycan-dogalgazini-avrupaya-tasiyacak-80x46.jpg 80w, https:\/\/www.enerjigazetesi.ist\/wp-content\/uploads\/2014\/04\/sahdeniz-2-azerbaycan-dogalgazini-avrupaya-tasiyacak.jpg 448w\" sizes=\"(max-width: 300px) 100vw, 300px\" \/><\/a>abayev, \u015eahdeniz-2 projesinin Azerbaycan do\u011falgaz\u0131n\u0131 yeni pazarlara ta\u015f\u0131yaca\u011f\u0131n\u0131 belirtti.<\/strong><\/p>\n<p>Babayev, \u015eahdeniz yata\u011f\u0131n\u0131n birinci a\u015famas\u0131 \u00e7er\u00e7evesinde do\u011falgaz\u0131n G\u00fcrcistan ve T\u00fcrkiye\u2019ye ihra\u00e7 edildi\u011fini, ikinci a\u015faman\u0131n ger\u00e7ekle\u015ftirilmesi ile Azerbaycan do\u011falgaz\u0131n\u0131n Avrupa pazar\u0131na ta\u015f\u0131naca\u011f\u0131n\u0131 belirtti.<\/p>\n<p>9 Avrupal\u0131 al\u0131c\u0131yla anla\u015fma imzaland\u0131\u011f\u0131na dikkat \u00e7eken Babayev, Azerbaycan do\u011falgaz\u0131n\u0131n sat\u0131\u015f\u0131n\u0131n G\u00fcney Do\u011falgaz Koridoru projesi ve \u015eahdeniz yata\u011f\u0131n\u0131n ikinci a\u015famas\u0131n\u0131n ger\u00e7ekle\u015ftirilmesi, G\u00fcney Kafkasya do\u011falgaz hatt\u0131n\u0131n geni\u015fletilmesi, TANAP ve TAP do\u011falgaz hatlar\u0131n\u0131n yap\u0131m\u0131yla m\u00fcmk\u00fcn olaca\u011f\u0131n\u0131 vurgulad\u0131.<\/p>\n<p>Babayev, TANAP projesinin 10 milyar\u0131n \u00fczerinde, TAP projesinin 5,2 milyar dolar olarak de\u011ferlendirildi\u011fini s\u00f6zlerine ekledi.<\/p>\n<p>Kaynak: <a href=\"http:\/\/enerjigunlugu.net\/sahdeniz-2-azerbaycan-dogalgazini-avrupaya-tasiyac_8256.html\" target=\"_blank\">Enerji G\u00fcnl\u00fc\u011f\u00fc<\/a><\/p>","protected":false},"excerpt":{"rendered":"<p>Sorry, this entry is only available in Turkish. For the sake of viewer convenience, the content is shown below in the alternative language. You may click the link to switch the active language.Azeri devlet petrol \u015firketi SOCAR, \u015eahdeniz -2 projesinin Azeri do\u011falgaz\u0131n\u0131 Avrupa\u2019ya ta\u015f\u0131yaca\u011f\u0131n\u0131 s\u00f6yledi. Bak\u00fc\u2019de d\u00fczenlenen 7. Hazar Petrol-Do\u011falgaz Ticareti ve Nakliyat\u0131 Konferans\u0131na kat\u0131lan [&hellip;]<\/p>\n","protected":false},"author":1,"featured_media":25883,"comment_status":"open","ping_status":"open","sticky":false,"template":"","format":"standard","meta":[],"categories":[46,53],"tags":[7919,92,226,63,67,1009,165,14547,11072,769],"views":902,"_links":{"self":[{"href":"https:\/\/www.enerjigazetesi.ist\/en\/wp-json\/wp\/v2\/posts\/25882"}],"collection":[{"href":"https:\/\/www.enerjigazetesi.ist\/en\/wp-json\/wp\/v2\/posts"}],"about":[{"href":"https:\/\/www.enerjigazetesi.ist\/en\/wp-json\/wp\/v2\/types\/post"}],"author":[{"embeddable":true,"href":"https:\/\/www.enerjigazetesi.ist\/en\/wp-json\/wp\/v2\/users\/1"}],"replies":[{"embeddable":true,"href":"https:\/\/www.enerjigazetesi.ist\/en\/wp-json\/wp\/v2\/comments?post=25882"}],"version-history":[{"count":1,"href":"https:\/\/www.enerjigazetesi.ist\/en\/wp-json\/wp\/v2\/posts\/25882\/revisions"}],"predecessor-version":[{"id":25884,"href":"https:\/\/www.enerjigazetesi.ist\/en\/wp-json\/wp\/v2\/posts\/25882\/revisions\/25884"}],"wp:featuredmedia":[{"embeddable":true,"href":"https:\/\/www.enerjigazetesi.ist\/en\/wp-json\/wp\/v2\/media\/25883"}],"wp:attachment":[{"href":"https:\/\/www.enerjigazetesi.ist\/en\/wp-json\/wp\/v2\/media?parent=25882"}],"wp:term":[{"taxonomy":"category","embeddable":true,"href":"https:\/\/www.enerjigazetesi.ist\/en\/wp-json\/wp\/v2\/categories?post=25882"},{"taxonomy":"post_tag","embeddable":true,"href":"https:\/\/www.enerjigazetesi.ist\/en\/wp-json\/wp\/v2\/tags?post=25882"}],"curies":[{"name":"wp","href":"https:\/\/api.w.org\/{rel}","templated":true}]}}