{"id":25868,"date":"2014-04-29T14:26:08","date_gmt":"2014-04-29T11:26:08","guid":{"rendered":"https:\/\/www.enerjigazetesi.ist\/?p=25868"},"modified":"2014-04-29T14:26:08","modified_gmt":"2014-04-29T11:26:08","slug":"tusiad-baskani-enerji-merkezi-olmak-icin-yonetim-sistemi-gelistirilmeli","status":"publish","type":"post","link":"https:\/\/www.enerjigazetesi.ist\/en\/tusiad-baskani-enerji-merkezi-olmak-icin-yonetim-sistemi-gelistirilmeli\/","title":{"rendered":"(Turkish) T\u00fcsiad Ba\u015fkan\u0131: Enerji Merkezi Olmak \u0130\u00e7in Y\u00f6netim Sistemi Geli\u015ftirilmeli"},"content":{"rendered":"<p class=\"qtranxs-available-languages-message qtranxs-available-languages-message-en\">Sorry, this entry is only available in <a href=\"https:\/\/www.enerjigazetesi.ist\/tr\/wp-json\/wp\/v2\/posts\/25868\" class=\"qtranxs-available-language-link qtranxs-available-language-link-tr\" title=\"Turkish\">Turkish<\/a>. For the sake of viewer convenience, the content is shown below in the alternative language. You may click the link to switch the active language.<\/p><p><strong>T\u00fcrk Sanayicileri ve \u0130\u015fadamlar\u0131 Derne\u011fi (T\u00dcS\u0130AD) Ba\u015fkan\u0131 Muharrem Y\u0131lmaz, T\u00fcrkiye\u2019nin enerji merkezi olma hedefine ula\u015fmas\u0131 i\u00e7in pazar ekonomisi kurulu\u015flar\u0131n\u0131 ve y\u00f6netim sistemini geli\u015ftirmesi gerekti\u011fini s\u00f6yledi.<\/strong><\/p>\n<p>ABD\u2019nin sayg\u0131n d\u00fc\u015f\u00fcnce kurulu\u015flar\u0131ndan Brookings Enstit\u00fcs\u00fc\u2019nin d\u00fczenledi\u011fi \u201cT\u00fcrkiye\u2019nin Enerji G\u00fcvenli\u011fi Hesab\u0131: Arzular ve Ger\u00e7ekler\u201d ba\u015fl\u0131kl\u0131 panelde T\u00fcrkiye\u2019nin enerji politikas\u0131 ele al\u0131nd\u0131. Panelde konu\u015fan uzmanlar enerji politikas\u0131n\u0131n i\u00e7 siyaset ve d\u00fcnyada ya\u015fanan geli\u015fmelerden ba\u011f\u0131ms\u0131z d\u00fc\u015f\u00fcn\u00fclemeyece\u011fine dikkat \u00e7ekti. Yolsuzluk iddialar\u0131, T\u00fcrkiye\u2019nin kar\u015f\u0131 kar\u015f\u0131ya oldu\u011fu zorluklar aras\u0131nda g\u00f6sterildi.<\/p>\n<p>Panelin a\u00e7\u0131l\u0131\u015f konu\u015fmas\u0131n\u0131 yapan Muha<a href=\"https:\/\/www.enerjigazetesi.ist\/wp-content\/uploads\/2014\/04\/tusiad-baskani-enerji-merkezi-olmak-icin-yonetim-sistemi-gelistirilmeli.jpg\"><img loading=\"lazy\" class=\"alignleft size-medium wp-image-25869\" title=\"tusiad-baskani-enerji-merkezi-olmak-icin-yonetim-sistemi-gelistirilmeli\" src=\"https:\/\/www.enerjigazetesi.ist\/wp-content\/uploads\/2014\/04\/tusiad-baskani-enerji-merkezi-olmak-icin-yonetim-sistemi-gelistirilmeli-300x204.jpg\" alt=\"\" width=\"300\" height=\"204\" srcset=\"https:\/\/www.enerjigazetesi.ist\/wp-content\/uploads\/2014\/04\/tusiad-baskani-enerji-merkezi-olmak-icin-yonetim-sistemi-gelistirilmeli-300x204.jpg 300w, https:\/\/www.enerjigazetesi.ist\/wp-content\/uploads\/2014\/04\/tusiad-baskani-enerji-merkezi-olmak-icin-yonetim-sistemi-gelistirilmeli-73x50.jpg 73w, https:\/\/www.enerjigazetesi.ist\/wp-content\/uploads\/2014\/04\/tusiad-baskani-enerji-merkezi-olmak-icin-yonetim-sistemi-gelistirilmeli.jpg 417w\" sizes=\"(max-width: 300px) 100vw, 300px\" \/><\/a>rrem Y\u0131lmaz, T\u00fcrkiye\u2019nin sadece d\u00fcnyan\u0131n en h\u0131zl\u0131 b\u00fcy\u00fcyen ekonomilerinden biri de\u011fil, ayr\u0131ca en h\u0131zl\u0131 b\u00fcy\u00fcyen enerji ekonomilerinden biri oldu\u011funu dile getirdi. Y\u0131lmaz, ki\u015fi ba\u015f\u0131na enerji t\u00fcketimi OECD \u00fclkeleri ortalamas\u0131n\u0131n alt\u0131nda olmas\u0131na kar\u015f\u0131n T\u00fcrkiye enerji piyasas\u0131n\u0131n ekonominin geli\u015fmesi, n\u00fcfusun artmas\u0131n ve \u015fehirle\u015fme dolay\u0131s\u0131yla h\u0131zl\u0131 bir \u015fekilde b\u00fcy\u00fcd\u00fc\u011f\u00fcne dikkat \u00e7ekti.<\/p>\n<p>T\u00fcketim rakamlar\u0131na g\u00f6re T\u00fcrkiye\u2019nin do\u011fal gazda OECD \u00fclkeleri listesinin en \u00fcst\u00fcnde oldu\u011funu dile getiren Y\u0131lmaz, \u201cEkonomik b\u00fcy\u00fcme 2011 ve 2012 y\u0131llar\u0131nda yava\u015flamas\u0131na ra\u011fmen, enerji ihtiyac\u0131n\u0131n artmaya devam etmesi bekleniyor. T\u00fcrkiye \u015fu anda Avrupa\u2019n\u0131n 6. b\u00fcy\u00fck elektrik pazar\u0131 konumunda. 2030 y\u0131l\u0131nda ilk 3\u2019e girmeyi istiyor.\u201d \u015feklinde konu\u015ftu.<\/p>\n<p>T\u00fcrkiye\u2019nin d\u00fcnya petrol rezervinin y\u00fczde 68\u2019i, do\u011fal gaz rezervinin ise y\u00fczde 75\u2019inin ortas\u0131nda oldu\u011funu hat\u0131rlatan Y\u0131lmaz, T\u00fcrkiye\u2019nin global enerji sahnesinde daha b\u00fcy\u00fck rol oynayabilece\u011fini dile getirdi. Y\u0131lmaz, \u201cT\u00fcrkiye, ba\u015far\u0131l\u0131 bir enerji merkezi olma potansiyeline sahip. Bununla birlikte bu amaca ula\u015fmak i\u00e7in T\u00fcrkiye\u2019nin pazar ekonomisi kurulu\u015flar\u0131n\u0131 ve y\u00f6netim sistemini geli\u015ftirmeli.\u201d ifadelerini kulland\u0131.<\/p>\n<h2>\u201c\u0130\u00e7 ve d\u0131\u015f siyaset enerji politikas\u0131n\u0131 etkiler\u201d<\/h2>\n<p>Panelde tan\u0131t\u0131m\u0131 yap\u0131lan \u201cT\u00fcrkiye\u2019nin Enerji Arzular\u0131n\u0131 Anlamak\u201d ba\u015fl\u0131kl\u0131 raporun yazar\u0131 Gareth Winrow, Enerji politikas\u0131n\u0131n i\u00e7 siyaset ve d\u0131\u015f politika kayg\u0131lar\u0131ndan ba\u011f\u0131ms\u0131z d\u00fc\u015f\u00fcn\u00fclemeyece\u011fini vurgulad\u0131. Raporu yazd\u0131\u011f\u0131 s\u0131rada T\u00fcrkiye\u2019deki g\u00fcndemin yerel se\u00e7imler oldu\u011funu ve Ukrayna ile Rusya aras\u0131nda \u2018K\u0131r\u0131m\u2019 krizinin patlak verdi\u011fini ifade eden Winrow, bu geli\u015fmelerin enerji meselesi noktas\u0131nda T\u00fcrkiye\u2019yi etkilerini analiz etti.<\/p>\n<p>T\u00fcrkiye\u2019de yolsuzluk iddialar\u0131 ortaya \u00e7\u0131kt\u0131\u011f\u0131n\u0131 ve T\u00fcrkiye toplumunda tehlikeli bir \u015fekilde kutupla\u015fmalar\u0131n artt\u0131\u011f\u0131n\u0131 ifade eden Winrow, hukukun \u00fcst\u00fcnl\u00fc\u011f\u00fc ve \u015feffafl\u0131k gibi meselelerin etkilerine de de\u011findi. Son olarak T\u00fcrkiye\u2019nin ihtiya\u00e7 duydu\u011fu enerjinin y\u00fczde 75\u2019ini d\u0131\u015far\u0131dan kar\u015f\u0131lad\u0131\u011f\u0131n\u0131 hat\u0131rlatan Winrow, \u201cT\u00fcrkiye\u2019nin do\u011fal gaz ihtiyac\u0131 b\u00fcy\u00fck \u00f6l\u00e7\u00fcde Rusya\u2019dan kar\u015f\u0131lan\u0131yor. T\u00fcrkiye\u2019deki do\u011fal gaz\u0131n y\u00fczde 60\u2019\u0131 Rusya\u2019dan geliyor. A\u00e7\u0131k\u00e7as\u0131 bu do\u011fal gaz ba\u011f\u0131ml\u0131l\u0131\u011f\u0131 dolay\u0131s\u0131yla T\u00fcrkiye Ukrayna sebebiyle Rusya ile ili\u015fkisini riske atmak istemeyecektir.\u201d \u015feklinde konu\u015ftu.<\/p>\n<p>Panelin bir di\u011fer konu\u015fmac\u0131s\u0131 Brookings Enstit\u00fcs\u00fc Enerji G\u00fcvenli\u011fi \u0130nsiyatifi Direkt\u00f6r\u00fc Charles Ebinger, T\u00fcrkiye gibi ekonomik anlamda h\u0131zla b\u00fcy\u00fcyen bir \u00fclkede gaz ve elektrik ihtiyac\u0131n\u0131n \u015f\u00fcphesiz ki artaca\u011f\u0131n\u0131 dile getirdi. T\u00fcrkiye\u2019nin enerji noktas\u0131nda bir\u00e7ok f\u0131rsat\u0131 olmas\u0131n\u0131n yan\u0131nda zorluklarla da kar\u015f\u0131 kar\u015f\u0131ya oldu\u011funu kaydeden Charlie, \u2018yolsuzluk, yurt i\u00e7i fiyat ve mevzuat d\u00fczenleme s\u00fcrecini\u2019 buna \u00f6rnek g\u00f6sterdi.<\/p>\n<p>Sabanc\u0131 Holding Enerji Grup Ba\u015fkan\u0131 Selahattin Hakman ise T\u00fcrkiye\u2019deki enerji t\u00fcketiminin OECD ortalamas\u0131n\u0131n 4\u2019te 1\u2019i, Ab ortalamas\u0131n\u0131n ise yar\u0131s\u0131 kadar oldu\u011funu kaydetti. T\u00fcrkiye\u2019nin ekonomik geli\u015fmesine bak\u0131ld\u0131\u011f\u0131nda enerji ihtiyac\u0131n\u0131n artaca\u011f\u0131n\u0131n g\u00f6r\u00fclece\u011fini ifade eden Hakman, artan enerji ihtiyac\u0131n\u0131n i\u00e7 kaynaklar ile kar\u015f\u0131lanamayaca\u011f\u0131na dikkat \u00e7ekti. Hakman, T\u00fcrkiye\u2019nin gaz kaynaklar\u0131 olan \u00fclkeler ile \u00e7evrelenmi\u015f olmas\u0131n\u0131n bir \u015fans oldu\u011funu belirtti.<\/p>\n<p>Kaynak: <a href=\"http:\/\/www.haberler.com\/tusiad-baskani-yilmaz-enerji-merkezi-olmak-icin-5961968-haberi\/\" target=\"_blank\">Haberler<\/a><\/p>","protected":false},"excerpt":{"rendered":"<p>Sorry, this entry is only available in Turkish. For the sake of viewer convenience, the content is shown below in the alternative language. You may click the link to switch the active language.T\u00fcrk Sanayicileri ve \u0130\u015fadamlar\u0131 Derne\u011fi (T\u00dcS\u0130AD) Ba\u015fkan\u0131 Muharrem Y\u0131lmaz, T\u00fcrkiye\u2019nin enerji merkezi olma hedefine ula\u015fmas\u0131 i\u00e7in pazar ekonomisi kurulu\u015flar\u0131n\u0131 ve y\u00f6netim sistemini geli\u015ftirmesi [&hellip;]<\/p>\n","protected":false},"author":1,"featured_media":25869,"comment_status":"open","ping_status":"open","sticky":false,"template":"","format":"standard","meta":[],"categories":[53],"tags":[14541,63,67,1009,3443,165,4830,11481,846,1481,14540],"views":715,"_links":{"self":[{"href":"https:\/\/www.enerjigazetesi.ist\/en\/wp-json\/wp\/v2\/posts\/25868"}],"collection":[{"href":"https:\/\/www.enerjigazetesi.ist\/en\/wp-json\/wp\/v2\/posts"}],"about":[{"href":"https:\/\/www.enerjigazetesi.ist\/en\/wp-json\/wp\/v2\/types\/post"}],"author":[{"embeddable":true,"href":"https:\/\/www.enerjigazetesi.ist\/en\/wp-json\/wp\/v2\/users\/1"}],"replies":[{"embeddable":true,"href":"https:\/\/www.enerjigazetesi.ist\/en\/wp-json\/wp\/v2\/comments?post=25868"}],"version-history":[{"count":1,"href":"https:\/\/www.enerjigazetesi.ist\/en\/wp-json\/wp\/v2\/posts\/25868\/revisions"}],"predecessor-version":[{"id":25870,"href":"https:\/\/www.enerjigazetesi.ist\/en\/wp-json\/wp\/v2\/posts\/25868\/revisions\/25870"}],"wp:featuredmedia":[{"embeddable":true,"href":"https:\/\/www.enerjigazetesi.ist\/en\/wp-json\/wp\/v2\/media\/25869"}],"wp:attachment":[{"href":"https:\/\/www.enerjigazetesi.ist\/en\/wp-json\/wp\/v2\/media?parent=25868"}],"wp:term":[{"taxonomy":"category","embeddable":true,"href":"https:\/\/www.enerjigazetesi.ist\/en\/wp-json\/wp\/v2\/categories?post=25868"},{"taxonomy":"post_tag","embeddable":true,"href":"https:\/\/www.enerjigazetesi.ist\/en\/wp-json\/wp\/v2\/tags?post=25868"}],"curies":[{"name":"wp","href":"https:\/\/api.w.org\/{rel}","templated":true}]}}