{"id":25860,"date":"2014-04-29T11:38:06","date_gmt":"2014-04-29T08:38:06","guid":{"rendered":"https:\/\/www.enerjigazetesi.ist\/?p=25860"},"modified":"2014-04-29T11:38:06","modified_gmt":"2014-04-29T08:38:06","slug":"almanyada-emlakta-enerji-pasaportu-zorunlulugu","status":"publish","type":"post","link":"https:\/\/www.enerjigazetesi.ist\/en\/almanyada-emlakta-enerji-pasaportu-zorunlulugu\/","title":{"rendered":"(Turkish) Almanya`da Emlakta Enerji Pasaportu Zorunlulu\u011fu&#8230;"},"content":{"rendered":"<p class=\"qtranxs-available-languages-message qtranxs-available-languages-message-en\">Sorry, this entry is only available in <a href=\"https:\/\/www.enerjigazetesi.ist\/tr\/wp-json\/wp\/v2\/posts\/25860\" class=\"qtranxs-available-language-link qtranxs-available-language-link-tr\" title=\"Turkish\">Turkish<\/a>. For the sake of viewer convenience, the content is shown below in the alternative language. You may click the link to switch the active language.<\/p><p><strong>Almanya`da 1 May\u0131s tarihinden itibaren daire sat\u0131m veya kiralama i\u015flemlerinde enerji pasaportu \u015feklinde haz\u0131rlanan enerji bilgilerini g\u00f6stermek zorunlu olacak.<\/strong><\/p>\n<p>Berlin merkezli Almanya M\u00fclk Sahipleri Birli\u011fi Ev ve Temel Vakf\u0131 konuyla ilgili olarak yapt\u0131\u011f\u0131 a\u00e7\u0131klamada, yeni d\u00fczenlemeye uyar\u0131nca 1 May\u0131s itibariyle ev almakveya ev kiralamak isteyenlere ev veya daire ile ilgili evin ne kadar enerji t\u00fcketti\u011fi, ne kadar enerji muhafaza etti\u011fi, yak\u0131t de\u011ferleri <a href=\"https:\/\/www.enerjigazetesi.ist\/wp-content\/uploads\/2014\/04\/almanyada-emlakta-enerji-pasaportu-zorunlulugu.jpg\"><img loading=\"lazy\" class=\"alignleft size-medium wp-image-25861\" title=\"almanyada-emlakta-enerji-pasaportu-zorunlulugu\" src=\"https:\/\/www.enerjigazetesi.ist\/wp-content\/uploads\/2014\/04\/almanyada-emlakta-enerji-pasaportu-zorunlulugu-300x199.jpg\" alt=\"\" width=\"300\" height=\"199\" srcset=\"https:\/\/www.enerjigazetesi.ist\/wp-content\/uploads\/2014\/04\/almanyada-emlakta-enerji-pasaportu-zorunlulugu-300x199.jpg 300w, https:\/\/www.enerjigazetesi.ist\/wp-content\/uploads\/2014\/04\/almanyada-emlakta-enerji-pasaportu-zorunlulugu-75x50.jpg 75w, https:\/\/www.enerjigazetesi.ist\/wp-content\/uploads\/2014\/04\/almanyada-emlakta-enerji-pasaportu-zorunlulugu.jpg 410w\" sizes=\"(max-width: 300px) 100vw, 300px\" \/><\/a>ve tipi, kalorifer \u00e7e\u015fidi ve tam tesisat bilgileri de dahil t\u00fcm bilgileri eksiksiz g\u00f6stermenin zorunluluk oldu\u011fu belirtildi. Enerji bilgileri bir enerji pasaportu \u015feklinde haz\u0131rlanacak.<\/p>\n<p><strong>CAYDIRICI PARA CEZASI<\/strong><br \/>\nYeni d\u00fczenleme uyar\u0131nca, \u00fcr\u00fcn\u00fcn enerji kalitesi hakk\u0131nda tam bilgilendirilmeyen m\u00fc\u015fterilerin itiraz etme hakk\u0131 var. Bu zorunlulu\u011fu yerine getirmeyenleri ise 15 bin Euro tutar\u0131nda bir ceza bekliyor.<\/p>\n<p><strong>YA\u015eANAN MA\u011eDUR\u0130YETLER YASANIN GET\u0130R\u0130LMES\u0130NDE ETK\u0130L\u0130<\/strong><br \/>\n\u0130nternet veya gazeteler \u00fczerinden ev satan ve kiralayanlar\u0131n da ev hakk\u0131ndaki bilgilerin yan\u0131na enerji harcamas\u0131na dair bilgileri eklemeleri gerekiyor.<\/p>\n<p>Karar\u0131n getirilmesindeki en b\u00fcy\u00fck etken ise bir\u00e7ok kirac\u0131n\u0131n veya m\u00fclk sat\u0131n alan ki\u015filerin \u00f6nceden bilemeyece\u011fi sebeplerden dolay\u0131 y\u00fckl\u00fc enerji \u00fccretleri \u00f6demek zorunda kalmalar\u0131 oldu.<\/p>\n<p>Kaynak: <a href=\"http:\/\/www.enerjigunlugu.net\/almanyada-emlakta-enerji-pasaportu-zorunlulugu_8243.html\" target=\"_blank\">Enerji G\u00fcnl\u00fc\u011f\u00fc<\/a><\/p>","protected":false},"excerpt":{"rendered":"<p>Sorry, this entry is only available in Turkish. For the sake of viewer convenience, the content is shown below in the alternative language. You may click the link to switch the active language.Almanya`da 1 May\u0131s tarihinden itibaren daire sat\u0131m veya kiralama i\u015flemlerinde enerji pasaportu \u015feklinde haz\u0131rlanan enerji bilgilerini g\u00f6stermek zorunlu olacak. Berlin merkezli Almanya M\u00fclk [&hellip;]<\/p>\n","protected":false},"author":1,"featured_media":25861,"comment_status":"open","ping_status":"open","sticky":false,"template":"","format":"standard","meta":[],"categories":[51,53],"tags":[929,14535,63,14536,14534,67,1009,14537,14533,165],"views":774,"_links":{"self":[{"href":"https:\/\/www.enerjigazetesi.ist\/en\/wp-json\/wp\/v2\/posts\/25860"}],"collection":[{"href":"https:\/\/www.enerjigazetesi.ist\/en\/wp-json\/wp\/v2\/posts"}],"about":[{"href":"https:\/\/www.enerjigazetesi.ist\/en\/wp-json\/wp\/v2\/types\/post"}],"author":[{"embeddable":true,"href":"https:\/\/www.enerjigazetesi.ist\/en\/wp-json\/wp\/v2\/users\/1"}],"replies":[{"embeddable":true,"href":"https:\/\/www.enerjigazetesi.ist\/en\/wp-json\/wp\/v2\/comments?post=25860"}],"version-history":[{"count":2,"href":"https:\/\/www.enerjigazetesi.ist\/en\/wp-json\/wp\/v2\/posts\/25860\/revisions"}],"predecessor-version":[{"id":25863,"href":"https:\/\/www.enerjigazetesi.ist\/en\/wp-json\/wp\/v2\/posts\/25860\/revisions\/25863"}],"wp:featuredmedia":[{"embeddable":true,"href":"https:\/\/www.enerjigazetesi.ist\/en\/wp-json\/wp\/v2\/media\/25861"}],"wp:attachment":[{"href":"https:\/\/www.enerjigazetesi.ist\/en\/wp-json\/wp\/v2\/media?parent=25860"}],"wp:term":[{"taxonomy":"category","embeddable":true,"href":"https:\/\/www.enerjigazetesi.ist\/en\/wp-json\/wp\/v2\/categories?post=25860"},{"taxonomy":"post_tag","embeddable":true,"href":"https:\/\/www.enerjigazetesi.ist\/en\/wp-json\/wp\/v2\/tags?post=25860"}],"curies":[{"name":"wp","href":"https:\/\/api.w.org\/{rel}","templated":true}]}}