{"id":25851,"date":"2014-04-29T11:13:06","date_gmt":"2014-04-29T08:13:06","guid":{"rendered":"https:\/\/www.enerjigazetesi.ist\/?p=25851"},"modified":"2014-04-29T11:13:06","modified_gmt":"2014-04-29T08:13:06","slug":"turkiyenin-enerji-politikasi-washingtonda-tartisildi","status":"publish","type":"post","link":"https:\/\/www.enerjigazetesi.ist\/en\/turkiyenin-enerji-politikasi-washingtonda-tartisildi\/","title":{"rendered":"(Turkish) T\u00fcrkiye\u2019nin Enerji Politikas\u0131 Washington\u2019da Tart\u0131\u015f\u0131ld\u0131&#8230;"},"content":{"rendered":"<p class=\"qtranxs-available-languages-message qtranxs-available-languages-message-en\">Sorry, this entry is only available in <a href=\"https:\/\/www.enerjigazetesi.ist\/tr\/wp-json\/wp\/v2\/posts\/25851\" class=\"qtranxs-available-language-link qtranxs-available-language-link-tr\" title=\"Turkish\">Turkish<\/a>. For the sake of viewer convenience, the content is shown below in the alternative language. You may click the link to switch the active language.<\/p><p><strong>Bo\u011fazi\u00e7i \u00dcniversitesi eski \u00f6\u011fretim \u00fcyelerinden ara\u015ft\u0131rmac\u0131 Winrow, Rusya\u2019n\u0131n Ukrayna\u2019ya m\u00fcdahalesinin ard\u0131ndan di\u011fer b\u00f6lge \u00fclkelerinin Avrupa\u2019ya g\u00f6nderece\u011fi do\u011falgaz ge\u00e7i\u015fi i\u00e7in T\u00fcrkiye\u2019nin stratejik \u00f6neminin artt\u0131\u011f\u0131n\u0131 bildirdi. T\u00fcrk Sanayici ve \u0130\u015fadamlar\u0131 Derne\u011fi\u2019nin (T\u00dcS\u0130AD) ABD-T\u00fcrkiye Forumu etkinlikleri kapsam\u0131nda Washington\u2019un sayg\u0131n d\u00fc\u015f\u00fcnce kurulu\u015flar\u0131ndan Brookings Enstit\u00fcs\u00fc\u2019nde d\u00fczenlenen \u201cT\u00fcrkiye\u2019nin Enerji G\u00fcvenli\u011fi Hesab\u0131: Arzular ve Ger\u00e7ekler\u201d adl\u0131 panelde, enerji politikalar\u0131 ve bunlar\u0131 etkileyen jeopolitik geli\u015fmeler tart\u0131\u015f\u0131ld\u0131.<\/strong><\/p>\n<p>Panelin a\u00e7\u0131l\u0131\u015f konu\u015fmas\u0131n\u0131 yapan T\u00dcS\u0130AD Ba\u015fkan\u0131 Muharrem Y\u0131lmaz, T\u00fcrkiye\u2019nin enerji t\u00fcketiminin Ekonomik Kalk\u0131nma ve \u0130\u015fbirli\u011fi \u00d6rg\u00fct\u00fc (OECD) ortalamas\u0131n\u0131n alt\u0131nda kalmas\u0131na kar\u015f\u0131n \u201cekonomik geli\u015fme, n\u00fcfus art\u0131\u015f\u0131 ve \u015fe<a href=\"https:\/\/www.enerjigazetesi.ist\/wp-content\/uploads\/2014\/04\/turkiyenin-enerji-politikasi-washingtonda-tartisildi.jpg\"><img loading=\"lazy\" class=\"alignright size-medium wp-image-25852\" title=\"turkiyenin-enerji-politikasi-washingtonda-tartisildi\" src=\"https:\/\/www.enerjigazetesi.ist\/wp-content\/uploads\/2014\/04\/turkiyenin-enerji-politikasi-washingtonda-tartisildi-300x199.jpg\" alt=\"\" width=\"300\" height=\"199\" srcset=\"https:\/\/www.enerjigazetesi.ist\/wp-content\/uploads\/2014\/04\/turkiyenin-enerji-politikasi-washingtonda-tartisildi-300x199.jpg 300w, https:\/\/www.enerjigazetesi.ist\/wp-content\/uploads\/2014\/04\/turkiyenin-enerji-politikasi-washingtonda-tartisildi-500x332.jpg 500w, https:\/\/www.enerjigazetesi.ist\/wp-content\/uploads\/2014\/04\/turkiyenin-enerji-politikasi-washingtonda-tartisildi-75x50.jpg 75w, https:\/\/www.enerjigazetesi.ist\/wp-content\/uploads\/2014\/04\/turkiyenin-enerji-politikasi-washingtonda-tartisildi.jpg 505w\" sizes=\"(max-width: 300px) 100vw, 300px\" \/><\/a>hirle\u015fme\u201d gibi nedenlerden \u00f6t\u00fcr\u00fc en h\u0131zl\u0131 b\u00fcy\u00fcyen enerji piyasalar\u0131ndan biri oldu\u011funu kaydetti.<\/p>\n<p>T\u00fcrkiye\u2019nin ayn\u0131 zamanda OECD i\u00e7indeki en b\u00fcy\u00fck do\u011falgaz piyasalar\u0131ndan biri konumunda bulundu\u011funu ifade eden Y\u0131lmaz, T\u00fcrkiye\u2019nin 2030 y\u0131l\u0131nda Avrupa\u2019n\u0131n en \u00f6nemli \u00fc\u00e7\u00fcnc\u00fc piyasas\u0131 olaca\u011f\u0131n\u0131 \u00f6ng\u00f6rd\u00fcklerini belirtti.<\/p>\n<p>Y\u0131lmaz, \u00f6nemli b\u00fcy\u00fcme hedefleri olan ancak \u00e7ok s\u0131n\u0131rl\u0131 hidrokarbon rezervlerine sahip \u00fclke i\u00e7in enerji g\u00fcvenli\u011finin ya\u015famsal \u00f6nemde bulundu\u011funu anlatarak, T\u00fcrkiye\u2019nin, d\u00fcnya petrol\u00fcn\u00fcn y\u00fczde 68\u2032ine do\u011falgaz\u0131n\u0131n ise y\u00fczde 75\u2032ine sahip b\u00f6lgede bulunmas\u0131n\u0131n arz istikrar\u0131 ve kaynak \u00e7e\u015fitlendirmesi a\u00e7\u0131s\u0131ndan f\u0131rsat te\u015fkil etti\u011fini s\u00f6yledi.<\/p>\n<h2>T\u00fcrkiye\u2019nin do\u011falgaz ge\u00e7i\u015fi i\u00e7in stratejik \u00f6nemi<\/h2>\n<p>Panelin konuk konu\u015fmac\u0131s\u0131 Bo\u011fazi\u00e7i \u00dcniversitesi eski \u00f6\u011fretim \u00fcyelerinden ara\u015ft\u0131rmac\u0131 Gareth Winrow da enerji politikalar\u0131nda, i\u00e7 ve d\u0131\u015f politika \u00f6nceliklerinden farkl\u0131 d\u00fc\u015f\u00fcnmenin m\u00fcmk\u00fcn olmad\u0131\u011f\u0131n\u0131 belirterek, Rusya\u2019n\u0131n Ukrayna\u2019ya m\u00fcdahalesinin ard\u0131ndan T\u00fcrkiye\u2019nin di\u011fer b\u00f6lge \u00fclkelerinin Avrupa\u2019ya g\u00f6nderece\u011fi do\u011falgaz ge\u00e7i\u015fi i\u00e7in stratejik \u00f6neminin artt\u0131\u011f\u0131n\u0131 s\u00f6yledi.<\/p>\n<p>T\u00fcrkiye\u2019nin enerji ihtiyac\u0131n\u0131n y\u00fczde 75\u2032ini ithal etti\u011fini hat\u0131rlatan Winrow, \u00fclkenin hem b\u00fcy\u00fcyen ekonomisinin artan ihtiyac\u0131n\u0131 kar\u015f\u0131lamak hem de transit ge\u00e7i\u015f merkezi olmak i\u00e7in boru hatlar\u0131yla ilgilendi\u011finin alt\u0131n\u0131 \u00e7izdi.<\/p>\n<p>Winrow, n\u00fckleer enerjinin devreye girmesinin gecikti\u011fini, k\u00f6m\u00fcr\u00fcn ise b\u00fcy\u00fck \u00f6l\u00e7\u00fcde y\u00fcksek s\u00fclf\u00fcrl\u00fc ve k\u00f6t\u00fc kaliteli linyitten olu\u015ftu\u011funu anlatarak, do\u011falgaz\u0131n daha uzun bir s\u00fcre T\u00fcrkiye\u2019nin enerji tercihinde \u00fcst s\u0131ralarda yer alaca\u011f\u0131n\u0131 dile getirdi. T\u00fcrkiye\u2019nin, gaz ithalat\u0131n\u0131n y\u00fczde 60\u2032\u0131n\u0131n Rusya\u2019dan yap\u0131ld\u0131\u011f\u0131n\u0131n alt\u0131n\u0131 \u00e7izen Winrow, T\u00fcrkiye\u2019nin, bu ba\u011f\u0131ml\u0131l\u0131k y\u00fcz\u00fcnden Ukrayna konusunda Rusya ile ters d\u00fc\u015fmek istemedi\u011fini savundu.<\/p>\n<p>T\u00fcrkiye\u2019nin gelecekteki gaz politikas\u0131nda arz \u00e7e\u015fitlendirmesinin \u00f6nemli yer tutaca\u011f\u0131n\u0131 ifade eden Winrow, bu \u00e7er\u00e7evede Irak\u2019\u0131n kuzeyindeki b\u00f6lgesel y\u00f6netimle Kas\u0131m 2013\u2032te 20 milyar metrek\u00fcp gaz al\u0131m\u0131n\u0131 i\u00e7eren anla\u015fman\u0131n \u00f6nemini vurgulad\u0131.<\/p>\n<p>\u00d6te yandan, \u0130srail\u2019in Do\u011fu Akdeniz\u2019deki Leviathan gaz sahas\u0131n\u0131n da T\u00fcrkiye i\u00e7in de\u011ferlendirilebilecek bir alternatif olu\u015fturdu\u011funu dile getiren Winrow, Israil\u2019le ya\u015fanan politik sorunlardan dolay\u0131 gaz ta\u015f\u0131ma projesinin k\u0131sa s\u00fcrede sonu\u00e7 vermesinin beklenemeyece\u011fini kaydetti.<\/p>\n<p>Winrow, b\u00f6lgesinde gaz ta\u015f\u0131ma merkezi olmay\u0131 ama\u00e7layan T\u00fcrkiye\u2019nin \u00f6ncelikle boru hatt\u0131 ve gaz depolama tesisi gibi altyap\u0131 projelerine e\u011filmesi gerekti\u011fini vurgularken, ayr\u0131ca s\u00fcbvansiyonlar\u0131n g\u00f6zden ge\u00e7irilmesinin, sa\u011flam bir hukuk sisteminin kurulmas\u0131n\u0131n, gaz piyasas\u0131 i\u00e7in bir \u00f6demeler sistemi geli\u015ftirilmesinin ve Bota\u015f\u2019\u0131n reforma tabi tutulmas\u0131n\u0131n yap\u0131lmas\u0131 gereken i\u015fler oldu\u011funu s\u00f6zlerine ekledi.<\/p>\n<p>Kaynak: <a href=\"http:\/\/www.haberler.com\/turkiye-nin-enerji-politikasi-washington-da-5961876-haberi\/\" target=\"_blank\">Haberler<\/a><\/p>","protected":false},"excerpt":{"rendered":"<p>Sorry, this entry is only available in Turkish. For the sake of viewer convenience, the content is shown below in the alternative language. You may click the link to switch the active language.Bo\u011fazi\u00e7i \u00dcniversitesi eski \u00f6\u011fretim \u00fcyelerinden ara\u015ft\u0131rmac\u0131 Winrow, Rusya\u2019n\u0131n Ukrayna\u2019ya m\u00fcdahalesinin ard\u0131ndan di\u011fer b\u00f6lge \u00fclkelerinin Avrupa\u2019ya g\u00f6nderece\u011fi do\u011falgaz ge\u00e7i\u015fi i\u00e7in T\u00fcrkiye\u2019nin stratejik \u00f6neminin artt\u0131\u011f\u0131n\u0131 [&hellip;]<\/p>\n","protected":false},"author":1,"featured_media":25852,"comment_status":"open","ping_status":"open","sticky":false,"template":"","format":"standard","meta":[],"categories":[46,53],"tags":[92,226,2092,63,67,1009,86,165,846,6107],"views":534,"_links":{"self":[{"href":"https:\/\/www.enerjigazetesi.ist\/en\/wp-json\/wp\/v2\/posts\/25851"}],"collection":[{"href":"https:\/\/www.enerjigazetesi.ist\/en\/wp-json\/wp\/v2\/posts"}],"about":[{"href":"https:\/\/www.enerjigazetesi.ist\/en\/wp-json\/wp\/v2\/types\/post"}],"author":[{"embeddable":true,"href":"https:\/\/www.enerjigazetesi.ist\/en\/wp-json\/wp\/v2\/users\/1"}],"replies":[{"embeddable":true,"href":"https:\/\/www.enerjigazetesi.ist\/en\/wp-json\/wp\/v2\/comments?post=25851"}],"version-history":[{"count":1,"href":"https:\/\/www.enerjigazetesi.ist\/en\/wp-json\/wp\/v2\/posts\/25851\/revisions"}],"predecessor-version":[{"id":25853,"href":"https:\/\/www.enerjigazetesi.ist\/en\/wp-json\/wp\/v2\/posts\/25851\/revisions\/25853"}],"wp:featuredmedia":[{"embeddable":true,"href":"https:\/\/www.enerjigazetesi.ist\/en\/wp-json\/wp\/v2\/media\/25852"}],"wp:attachment":[{"href":"https:\/\/www.enerjigazetesi.ist\/en\/wp-json\/wp\/v2\/media?parent=25851"}],"wp:term":[{"taxonomy":"category","embeddable":true,"href":"https:\/\/www.enerjigazetesi.ist\/en\/wp-json\/wp\/v2\/categories?post=25851"},{"taxonomy":"post_tag","embeddable":true,"href":"https:\/\/www.enerjigazetesi.ist\/en\/wp-json\/wp\/v2\/tags?post=25851"}],"curies":[{"name":"wp","href":"https:\/\/api.w.org\/{rel}","templated":true}]}}