{"id":25811,"date":"2014-04-28T10:57:39","date_gmt":"2014-04-28T07:57:39","guid":{"rendered":"https:\/\/www.enerjigazetesi.ist\/?p=25811"},"modified":"2014-04-28T10:57:39","modified_gmt":"2014-04-28T07:57:39","slug":"scada-sistemiyle-elektrik-kesintileri-azalacak","status":"publish","type":"post","link":"https:\/\/www.enerjigazetesi.ist\/en\/scada-sistemiyle-elektrik-kesintileri-azalacak\/","title":{"rendered":"(Turkish) SCADA Sistemiyle Elektrik Kesintileri Azalacak&#8230;"},"content":{"rendered":"<p class=\"qtranxs-available-languages-message qtranxs-available-languages-message-en\">Sorry, this entry is only available in <a href=\"https:\/\/www.enerjigazetesi.ist\/tr\/wp-json\/wp\/v2\/posts\/25811\" class=\"qtranxs-available-language-link qtranxs-available-language-link-tr\" title=\"Turkish\">Turkish<\/a>. For the sake of viewer convenience, the content is shown below in the alternative language. You may click the link to switch the active language.<\/p><p><strong>Enerji ve Tabii Kaynaklar Bakan\u0131 Taner Y\u0131ld\u0131z, SCADA sistemiyle elektrik da\u011f\u0131t\u0131m\u0131n\u0131n t\u00fcm merkezlerinden an\u0131nda bilgi al\u0131nabildi\u011fini s\u00f6yleyerek sistemin elektrik ar\u0131zalar\u0131na daha h\u0131zl\u0131 m\u00fcdahale edilmesini ve kesintilerin azalmas\u0131n\u0131 sa\u011flayaca\u011f\u0131n\u0131 s\u00f6yledi.<a href=\"https:\/\/www.enerjigazetesi.ist\/wp-content\/uploads\/2014\/04\/scada-sistemiyle-elektrik-kesintileri-azalacak.jpg\"><img loading=\"lazy\" class=\"alignright size-medium wp-image-25812\" title=\"scada-sistemiyle-elektrik-kesintileri-azalacak\" src=\"https:\/\/www.enerjigazetesi.ist\/wp-content\/uploads\/2014\/04\/scada-sistemiyle-elektrik-kesintileri-azalacak-300x217.jpg\" alt=\"\" width=\"300\" height=\"217\" srcset=\"https:\/\/www.enerjigazetesi.ist\/wp-content\/uploads\/2014\/04\/scada-sistemiyle-elektrik-kesintileri-azalacak-300x217.jpg 300w, https:\/\/www.enerjigazetesi.ist\/wp-content\/uploads\/2014\/04\/scada-sistemiyle-elektrik-kesintileri-azalacak-69x50.jpg 69w, https:\/\/www.enerjigazetesi.ist\/wp-content\/uploads\/2014\/04\/scada-sistemiyle-elektrik-kesintileri-azalacak.jpg 468w\" sizes=\"(max-width: 300px) 100vw, 300px\" \/><\/a><\/strong><\/p>\n<p>Gebze il\u00e7esinde SEDA\u015e SCADA Merkezi a\u00e7\u0131l\u0131\u015f t\u00f6reninde Y\u0131ld\u0131z, SCADA sisteminin T\u00fcrkiye\u2019de ilk defa 1994 y\u0131l\u0131nda Kayseri\u2019de uyguland\u0131\u011f\u0131n\u0131 belirterek, o zaman T\u00fcrkiye\u2019nin b\u00f6yle bir de\u011fi\u015fime ne kadar haz\u0131r oldu\u011funu hep beraber test ettiklerini s\u00f6yledi. Kurulan sistemle trafo ve indirici merkezlerle alakal\u0131 her t\u00fcrl\u00fc bilginin al\u0131nabildi\u011fine dikkati \u00e7eken Y\u0131ld\u0131z, \u201cBunu vatanda\u015f\u0131m\u0131z bir m\u00fcddet sonra hissedecek. Ar\u0131zalara daha h\u0131zl\u0131 m\u00fcdahale edildi\u011fi ve kesintilerin daha az oldu\u011fu bir T\u00fcrkiye olu\u015fturmak istiyoruz\u201d diye konu\u015ftu.<\/p>\n<h2>242\u00a0milyar kilovat saat t\u00fckettik<\/h2>\n<p>Kesintileri azaltmak i\u00e7in b\u00f6ylesine modern, fonksiyonel bir merkezi T\u00fcrkiye\u2019nin her taraf\u0131nda yayg\u0131nla\u015ft\u0131racaklar\u0131n\u0131 anlatan Y\u0131ld\u0131z, T\u00fcrkiye\u2019de 2013 y\u0131l\u0131nda fiili olarak 242 milyar kilovat saat elektrik t\u00fcketildi\u011fini a\u00e7\u0131klad\u0131.<\/p>\n<p>Kaynak: <a href=\"http:\/\/www.hurriyet.com.tr\/ekonomi\/26295996.asp\" target=\"_blank\">H\u00fcrriyet<\/a><\/p>","protected":false},"excerpt":{"rendered":"<p>Sorry, this entry is only available in Turkish. For the sake of viewer convenience, the content is shown below in the alternative language. You may click the link to switch the active language.Enerji ve Tabii Kaynaklar Bakan\u0131 Taner Y\u0131ld\u0131z, SCADA sistemiyle elektrik da\u011f\u0131t\u0131m\u0131n\u0131n t\u00fcm merkezlerinden an\u0131nda bilgi al\u0131nabildi\u011fini s\u00f6yleyerek sistemin elektrik ar\u0131zalar\u0131na daha h\u0131zl\u0131 m\u00fcdahale [&hellip;]<\/p>\n","protected":false},"author":1,"featured_media":25812,"comment_status":"open","ping_status":"open","sticky":false,"template":"","format":"standard","meta":[],"categories":[51,53],"tags":[14509,710,68,170,61,130,63,67,1009,165,14508,3736,14507,667],"views":788,"_links":{"self":[{"href":"https:\/\/www.enerjigazetesi.ist\/en\/wp-json\/wp\/v2\/posts\/25811"}],"collection":[{"href":"https:\/\/www.enerjigazetesi.ist\/en\/wp-json\/wp\/v2\/posts"}],"about":[{"href":"https:\/\/www.enerjigazetesi.ist\/en\/wp-json\/wp\/v2\/types\/post"}],"author":[{"embeddable":true,"href":"https:\/\/www.enerjigazetesi.ist\/en\/wp-json\/wp\/v2\/users\/1"}],"replies":[{"embeddable":true,"href":"https:\/\/www.enerjigazetesi.ist\/en\/wp-json\/wp\/v2\/comments?post=25811"}],"version-history":[{"count":2,"href":"https:\/\/www.enerjigazetesi.ist\/en\/wp-json\/wp\/v2\/posts\/25811\/revisions"}],"predecessor-version":[{"id":25814,"href":"https:\/\/www.enerjigazetesi.ist\/en\/wp-json\/wp\/v2\/posts\/25811\/revisions\/25814"}],"wp:featuredmedia":[{"embeddable":true,"href":"https:\/\/www.enerjigazetesi.ist\/en\/wp-json\/wp\/v2\/media\/25812"}],"wp:attachment":[{"href":"https:\/\/www.enerjigazetesi.ist\/en\/wp-json\/wp\/v2\/media?parent=25811"}],"wp:term":[{"taxonomy":"category","embeddable":true,"href":"https:\/\/www.enerjigazetesi.ist\/en\/wp-json\/wp\/v2\/categories?post=25811"},{"taxonomy":"post_tag","embeddable":true,"href":"https:\/\/www.enerjigazetesi.ist\/en\/wp-json\/wp\/v2\/tags?post=25811"}],"curies":[{"name":"wp","href":"https:\/\/api.w.org\/{rel}","templated":true}]}}