{"id":25763,"date":"2014-04-25T15:48:43","date_gmt":"2014-04-25T12:48:43","guid":{"rendered":"https:\/\/www.enerjigazetesi.ist\/?p=25763"},"modified":"2014-04-25T15:48:43","modified_gmt":"2014-04-25T12:48:43","slug":"iklimlendirme-cihazlarina-da-enerji-verimliligi-sarti-geliyor","status":"publish","type":"post","link":"https:\/\/www.enerjigazetesi.ist\/en\/iklimlendirme-cihazlarina-da-enerji-verimliligi-sarti-geliyor\/","title":{"rendered":"(Turkish) \u0130klimlendirme Cihazlar\u0131na da Enerji Verimlili\u011fi \u015eart\u0131 Geliyor!"},"content":{"rendered":"<p class=\"qtranxs-available-languages-message qtranxs-available-languages-message-en\">Sorry, this entry is only available in <a href=\"https:\/\/www.enerjigazetesi.ist\/tr\/wp-json\/wp\/v2\/posts\/25763\" class=\"qtranxs-available-language-link qtranxs-available-language-link-tr\" title=\"Turkish\">Turkish<\/a>. For the sake of viewer convenience, the content is shown below in the alternative language. You may click the link to switch the active language.<\/p><p><strong>\u0130klimlendirme sekt\u00f6r\u00fcnde tasarrufu ve verimlili\u011fi \u00f6n plana \u00e7\u0131karacak olan ErP sistemli \u00fcr\u00fcnler 2015\u2019te Avrupa\u2019da, 2017\u2019de ise T\u00fcrkiye\u2019de piyasaya girmesi planlan\u0131yor. Sekt\u00f6r\u00fcnde <\/strong><strong>daima ilklerin \u00f6nc\u00fcs\u00fc olarak gazl\u0131 termosifon, \u015fofben, duvar tipi kat kaloriferi ve kombinin mucidi Vaillant ise, ErP sistemi \u00fczerine Avrupa\u2019da edindi\u011fi deneyimlerle T\u00fcrkiye pazar\u0131nda \u00f6nc\u00fc olacak.<\/strong><!--?xml:namespace prefix = \"o\" ns = \"urn:schemas-microsoft-com:office:office\" \/--><\/p>\n<p>Enerji tasarrufunun hayat\u0131m\u0131zdaki \u00f6nemi g\u00fcnden g\u00fcne art\u0131yor. Buna ba\u011fl\u0131 olarak enerji kullan\u0131mlar\u0131m\u0131z\u0131 d\u00fczenleyen yasalar da enerji verimlili\u011fi daha y\u00fcksek \u00fcr\u00fcnlerin kullan\u0131m\u0131n\u0131 te\u015fvik edecek \u015fekilde de\u011fi\u015ftiriliyor. Enerji t\u00fcketen cihaz ve sistemlerde verimlili\u011fi ve tasarrufu art\u0131rman\u0131n yan\u0131 s\u0131ra t<a href=\"https:\/\/www.enerjigazetesi.ist\/wp-content\/uploads\/2014\/04\/iklimlendirme-cihazlarina-enerji-verimliligi-sarti-geliyor.jpg\"><img loading=\"lazy\" class=\"alignleft size-medium wp-image-25764\" title=\"iklimlendirme-cihazlarina-enerji-verimliligi-sarti-geliyor\" src=\"https:\/\/www.enerjigazetesi.ist\/wp-content\/uploads\/2014\/04\/iklimlendirme-cihazlarina-enerji-verimliligi-sarti-geliyor-300x207.jpg\" alt=\"\" width=\"300\" height=\"207\" srcset=\"https:\/\/www.enerjigazetesi.ist\/wp-content\/uploads\/2014\/04\/iklimlendirme-cihazlarina-enerji-verimliligi-sarti-geliyor-300x207.jpg 300w, https:\/\/www.enerjigazetesi.ist\/wp-content\/uploads\/2014\/04\/iklimlendirme-cihazlarina-enerji-verimliligi-sarti-geliyor-500x345.jpg 500w, https:\/\/www.enerjigazetesi.ist\/wp-content\/uploads\/2014\/04\/iklimlendirme-cihazlarina-enerji-verimliligi-sarti-geliyor-72x50.jpg 72w, https:\/\/www.enerjigazetesi.ist\/wp-content\/uploads\/2014\/04\/iklimlendirme-cihazlarina-enerji-verimliligi-sarti-geliyor.jpg 746w\" sizes=\"(max-width: 300px) 100vw, 300px\" \/><\/a>\u00fcketicilerin \u015feffaf bir \u015fekilde bilgi almas\u0131n\u0131 hedefleyen ErP d\u00fczenlemesi ile kombi, klima ve \u0131s\u0131 pompalar\u0131 gibi cihazlarda b\u00fcy\u00fck bir d\u00f6n\u00fc\u015f\u00fcm\u00fcn ya\u015fanmas\u0131 hedefleniyor.<\/p>\n<p><strong>En ge\u00e7 2017\u2019de T\u00fcrkiye pazar\u0131na girecek<\/strong><\/p>\n<p>Yap\u0131-End\u00fcstri Merkezi taraf\u0131ndan bu y\u0131l 7\u2019ncisi d\u00fczenlenen ve Vaillant\u2019\u0131n ana sponsorlar\u0131ndan biri oldu\u011fu EKODesign Konferans\u0131 2014\u2019e konu\u015fmac\u0131 olarak kat\u0131lan <strong>Vaillant Group Strateji Direkt\u00f6r\u00fc Dr. Patrick Metzler<\/strong>, buzdolab\u0131, \u00e7ama\u015f\u0131r ve bula\u015f\u0131k makinesi gibi beyaz e\u015fyalarda enerji verimlili\u011fini temsil eden A, A+,B.C\u2026 gibi enerji s\u0131n\u0131f\u0131 etiketlerinin ErP d\u00fczenlemesi ile iklimlendirme sekt\u00f6r\u00fcndeki cihazlarda da uygulanmaya ba\u015flayaca\u011f\u0131n\u0131 s\u00f6yledi.<\/p>\n<p>Enerji tasarrufu konusundaki duyarl\u0131l\u0131\u011f\u0131n her ge\u00e7en g\u00fcn artt\u0131\u011f\u0131na dikkat \u00e7eken Metzler \u201cCihazlar\u0131n \u00fczerinde yer alan verimlilik etiketleri sayesinde t\u00fcketiciler daha bilin\u00e7li tercihler yapma imkan\u0131 bulacaklar. Beyaz e\u015fya sekt\u00f6r\u00fcndeki uygulamalardan farkl\u0131 olarak \u0131s\u0131tma, so\u011futma ve s\u0131cak su sistemlerinde kullan\u0131lacak her bir cihaz i\u00e7in ayr\u0131 ayr\u0131 etiketler bulunacak ve sistem bu i\u015fin uzman\u0131 partnerlerimiz taraf\u0131ndan hesaplanarak ayr\u0131ca etiketlenecek\u201d dedi.<\/p>\n<p>Tasarrufu \u00f6n plana \u00e7\u0131karacak olan ErP sistemli \u00fcr\u00fcnlerin en ge\u00e7 2015\u2019te Avrupa\u2019da, 2017\u2019de ise T\u00fcrkiye\u2019de piyasaya s\u00fcr\u00fclece\u011fini belirten<strong> Metzler, \u201c<\/strong>Vaillant olarak Enerji tasarrufu ve verimlili\u011fi sa\u011flayan ErP sistemli \u00fcr\u00fcnler \u00fczerine \u00e7al\u0131\u015fmalar\u0131m\u0131z\u0131 y\u00fcr\u00fct\u00fcyoruz. ErP etiketli Vaillant \u00fcr\u00fcnleri ilk olarak Avrupa\u2019da piyasaya s\u00fcr\u00fclecek. Burada kazand\u0131\u011f\u0131m\u0131z deneyimler ve Vaillant\u2019\u0131n 140 y\u0131ll\u0131k tecr\u00fcbesiyle T\u00fcrkiye\u2019de bu konuda \u00f6nc\u00fc ve lider olaca\u011f\u0131z. \u201d dedi.<\/p>\n<p><strong>Metzler,<\/strong> enerji verimlili\u011finde sadece tek bir cihaza odaklanmak yerine t\u00fcm sistemi g\u00f6z \u00f6n\u00fcnde bulundurmak gerekti\u011fini ifade ederek, \u201c\u0130\u015f ortaklar\u0131m\u0131z\u0131 bu konuda t\u00fcketicilerimize dan\u0131\u015fmanl\u0131k hizmeti verecek \u015fekilde yeniden yap\u0131land\u0131r\u0131yoruz\u201d diye konu\u015ftu.<\/p>\n<p>Yay\u0131nc\u0131: <a href=\"https:\/\/www.enerjigazetesi.ist\" target=\"_blank\">Enerji Gazetesi<\/a><\/p>","protected":false},"excerpt":{"rendered":"<p>Sorry, this entry is only available in Turkish. For the sake of viewer convenience, the content is shown below in the alternative language. You may click the link to switch the active language.\u0130klimlendirme sekt\u00f6r\u00fcnde tasarrufu ve verimlili\u011fi \u00f6n plana \u00e7\u0131karacak olan ErP sistemli \u00fcr\u00fcnler 2015\u2019te Avrupa\u2019da, 2017\u2019de ise T\u00fcrkiye\u2019de piyasaya girmesi planlan\u0131yor. Sekt\u00f6r\u00fcnde daima ilklerin [&hellip;]<\/p>\n","protected":false},"author":1,"featured_media":25764,"comment_status":"open","ping_status":"open","sticky":false,"template":"","format":"standard","meta":[],"categories":[53,52],"tags":[14481,14479,63,67,1009,165,14484,103,407,14485,12,14476,14477,14475,14482,2491,1440,14478,14483,14480],"views":891,"_links":{"self":[{"href":"https:\/\/www.enerjigazetesi.ist\/en\/wp-json\/wp\/v2\/posts\/25763"}],"collection":[{"href":"https:\/\/www.enerjigazetesi.ist\/en\/wp-json\/wp\/v2\/posts"}],"about":[{"href":"https:\/\/www.enerjigazetesi.ist\/en\/wp-json\/wp\/v2\/types\/post"}],"author":[{"embeddable":true,"href":"https:\/\/www.enerjigazetesi.ist\/en\/wp-json\/wp\/v2\/users\/1"}],"replies":[{"embeddable":true,"href":"https:\/\/www.enerjigazetesi.ist\/en\/wp-json\/wp\/v2\/comments?post=25763"}],"version-history":[{"count":1,"href":"https:\/\/www.enerjigazetesi.ist\/en\/wp-json\/wp\/v2\/posts\/25763\/revisions"}],"predecessor-version":[{"id":25765,"href":"https:\/\/www.enerjigazetesi.ist\/en\/wp-json\/wp\/v2\/posts\/25763\/revisions\/25765"}],"wp:featuredmedia":[{"embeddable":true,"href":"https:\/\/www.enerjigazetesi.ist\/en\/wp-json\/wp\/v2\/media\/25764"}],"wp:attachment":[{"href":"https:\/\/www.enerjigazetesi.ist\/en\/wp-json\/wp\/v2\/media?parent=25763"}],"wp:term":[{"taxonomy":"category","embeddable":true,"href":"https:\/\/www.enerjigazetesi.ist\/en\/wp-json\/wp\/v2\/categories?post=25763"},{"taxonomy":"post_tag","embeddable":true,"href":"https:\/\/www.enerjigazetesi.ist\/en\/wp-json\/wp\/v2\/tags?post=25763"}],"curies":[{"name":"wp","href":"https:\/\/api.w.org\/{rel}","templated":true}]}}