{"id":25759,"date":"2014-04-25T14:27:01","date_gmt":"2014-04-25T11:27:01","guid":{"rendered":"https:\/\/www.enerjigazetesi.ist\/?p=25759"},"modified":"2014-04-25T14:27:01","modified_gmt":"2014-04-25T11:27:01","slug":"temiz-enerji-gunleri-itu-ayazaga-yerleskesinde-28-nisanda-basliyor","status":"publish","type":"post","link":"https:\/\/www.enerjigazetesi.ist\/en\/temiz-enerji-gunleri-itu-ayazaga-yerleskesinde-28-nisanda-basliyor\/","title":{"rendered":"(Turkish) Temiz Enerji G\u00fcnleri \u0130T\u00dc Ayaza\u011fa Yerle\u015fkesinde 28 Nisan&#8217;da Ba\u015fl\u0131yor&#8230;"},"content":{"rendered":"<p class=\"qtranxs-available-languages-message qtranxs-available-languages-message-en\">Sorry, this entry is only available in <a href=\"https:\/\/www.enerjigazetesi.ist\/tr\/wp-json\/wp\/v2\/posts\/25759\" class=\"qtranxs-available-language-link qtranxs-available-language-link-tr\" title=\"Turkish\">Turkish<\/a>. For the sake of viewer convenience, the content is shown below in the alternative language. You may click the link to switch the active language.<\/p><p><\/p>\n<div><strong>\u0130stanbul Teknik \u00dcniversitesi Elektrik M\u00fchendisli\u011fi Kul\u00fcb\u00fc taraf\u0131ndan d\u00fczenlenen \u201cTemiz Enerji G\u00fcnleri\u201d 28-29 Nisan tarihlerinde Ayaza\u011fa Yerle\u015fkesi S\u00fcleyman Demirel K\u00fclt\u00fcr Merkezi\u2019nde 4. kez <a href=\"https:\/\/www.enerjigazetesi.ist\/wp-content\/uploads\/2014\/04\/temiz-enerji-gunleri-maslak-itu-kampusun-de-basladi.jpg\"><img loading=\"lazy\" class=\"alignright size-medium wp-image-25760\" title=\"temiz-enerji-gunleri-maslak-itu-kampusun-de-basladi\" src=\"https:\/\/www.enerjigazetesi.ist\/wp-content\/uploads\/2014\/04\/temiz-enerji-gunleri-maslak-itu-kampusun-de-basladi-300x214.jpg\" alt=\"\" width=\"300\" height=\"214\" srcset=\"https:\/\/www.enerjigazetesi.ist\/wp-content\/uploads\/2014\/04\/temiz-enerji-gunleri-maslak-itu-kampusun-de-basladi-300x214.jpg 300w, https:\/\/www.enerjigazetesi.ist\/wp-content\/uploads\/2014\/04\/temiz-enerji-gunleri-maslak-itu-kampusun-de-basladi-500x357.jpg 500w, https:\/\/www.enerjigazetesi.ist\/wp-content\/uploads\/2014\/04\/temiz-enerji-gunleri-maslak-itu-kampusun-de-basladi-69x50.jpg 69w, https:\/\/www.enerjigazetesi.ist\/wp-content\/uploads\/2014\/04\/temiz-enerji-gunleri-maslak-itu-kampusun-de-basladi.jpg 600w\" sizes=\"(max-width: 300px) 100vw, 300px\" \/><\/a>ger\u00e7ekle\u015ftirilecek.<\/strong><\/div>\n<div>\n<p>Sekt\u00f6r\u00fcn \u00f6nc\u00fc firmalar\u0131ndan uzmanlar\u0131n ve y\u00f6neticilerin konu\u015fmac\u0131 olarak kat\u0131laca\u011f\u0131 konferanslar da enerji sekt\u00f6r\u00fc d\u00fcn\u00fc ve bug\u00fcn\u00fcyle de\u011ferlendirilecek ve gelecek beklentileri masaya yat\u0131r\u0131lacak.<\/p>\n<p>R\u00fczg\u00e2r ve g\u00fcne\u015f enerjisi, enerji verimlili\u011fini ve elektrikli ara\u00e7lar Temiz Enerji G\u00fcnleri kapsam\u0131nda ele al\u0131nacak konu aras\u0131nda yer al\u0131yor.<\/p>\n<p><strong><\/strong><\/div>\n<p>Daha Detayl\u0131 Bilgi \u0130\u00e7in,<\/p>\n<div><strong>G\u00fcl\u015fah Seyhan<\/strong><\/div>\n<div><strong>\u0130T\u00dc Kurumsal \u0130leti\u015fim<\/strong><\/div>\n<div><strong>G.<\/strong>0530 108 3181<\/div>\n<div><a href=\"mailto:seyhang@itu.edu.tr\">seyhang@itu.edu.tr<\/a><\/div>\n<div><\/div>\n<div>Yay\u0131nc\u0131: <a href=\"https:\/\/www.enerjigazetesi.ist\" target=\"_blank\">Enerji Gazetesi<\/a><\/div>\n<p><\/p>","protected":false},"excerpt":{"rendered":"<p>Sorry, this entry is only available in Turkish. For the sake of viewer convenience, the content is shown below in the alternative language. You may click the link to switch the active language. \u0130stanbul Teknik \u00dcniversitesi Elektrik M\u00fchendisli\u011fi Kul\u00fcb\u00fc taraf\u0131ndan d\u00fczenlenen \u201cTemiz Enerji G\u00fcnleri\u201d 28-29 Nisan tarihlerinde Ayaza\u011fa Yerle\u015fkesi S\u00fcleyman Demirel K\u00fclt\u00fcr Merkezi\u2019nde 4. kez [&hellip;]<\/p>\n","protected":false},"author":1,"featured_media":25760,"comment_status":"open","ping_status":"open","sticky":false,"template":"","format":"standard","meta":[],"categories":[51,53,52,49,50],"tags":[1311,63,67,1009,165,12,227,13,870,14474,69,16,2256],"views":1220,"_links":{"self":[{"href":"https:\/\/www.enerjigazetesi.ist\/en\/wp-json\/wp\/v2\/posts\/25759"}],"collection":[{"href":"https:\/\/www.enerjigazetesi.ist\/en\/wp-json\/wp\/v2\/posts"}],"about":[{"href":"https:\/\/www.enerjigazetesi.ist\/en\/wp-json\/wp\/v2\/types\/post"}],"author":[{"embeddable":true,"href":"https:\/\/www.enerjigazetesi.ist\/en\/wp-json\/wp\/v2\/users\/1"}],"replies":[{"embeddable":true,"href":"https:\/\/www.enerjigazetesi.ist\/en\/wp-json\/wp\/v2\/comments?post=25759"}],"version-history":[{"count":2,"href":"https:\/\/www.enerjigazetesi.ist\/en\/wp-json\/wp\/v2\/posts\/25759\/revisions"}],"predecessor-version":[{"id":25762,"href":"https:\/\/www.enerjigazetesi.ist\/en\/wp-json\/wp\/v2\/posts\/25759\/revisions\/25762"}],"wp:featuredmedia":[{"embeddable":true,"href":"https:\/\/www.enerjigazetesi.ist\/en\/wp-json\/wp\/v2\/media\/25760"}],"wp:attachment":[{"href":"https:\/\/www.enerjigazetesi.ist\/en\/wp-json\/wp\/v2\/media?parent=25759"}],"wp:term":[{"taxonomy":"category","embeddable":true,"href":"https:\/\/www.enerjigazetesi.ist\/en\/wp-json\/wp\/v2\/categories?post=25759"},{"taxonomy":"post_tag","embeddable":true,"href":"https:\/\/www.enerjigazetesi.ist\/en\/wp-json\/wp\/v2\/tags?post=25759"}],"curies":[{"name":"wp","href":"https:\/\/api.w.org\/{rel}","templated":true}]}}