{"id":25735,"date":"2014-04-25T10:36:18","date_gmt":"2014-04-25T07:36:18","guid":{"rendered":"https:\/\/www.enerjigazetesi.ist\/?p=25735"},"modified":"2014-04-25T10:36:18","modified_gmt":"2014-04-25T07:36:18","slug":"yildiz-konyaya-dunyanin-en-buyuk-gunes-santralini-kuracagiz","status":"publish","type":"post","link":"https:\/\/www.enerjigazetesi.ist\/en\/yildiz-konyaya-dunyanin-en-buyuk-gunes-santralini-kuracagiz\/","title":{"rendered":"(Turkish) Y\u0131ld\u0131z: Konya\u2019ya D\u00fcnyan\u0131n En B\u00fcy\u00fck G\u00fcne\u015f Santralini Kuraca\u011f\u0131z!"},"content":{"rendered":"<p class=\"qtranxs-available-languages-message qtranxs-available-languages-message-en\">Sorry, this entry is only available in <a href=\"https:\/\/www.enerjigazetesi.ist\/tr\/wp-json\/wp\/v2\/posts\/25735\" class=\"qtranxs-available-language-link qtranxs-available-language-link-tr\" title=\"Turkish\">Turkish<\/a>. For the sake of viewer convenience, the content is shown below in the alternative language. You may click the link to switch the active language.<\/p><p><strong>Enerji ve Tabii Kaynaklar Bakan\u0131 Taner Y\u0131ld\u0131z, Konya\u2019ya d\u00fcnyan\u0131n en b\u00fcy\u00fck g\u00fcne\u015f enerjisi santralini yapmak \u00fczere \u00f6zel bir \u00e7al\u0131\u015fma ba\u015flatt\u0131klar\u0131n\u0131 s\u00f6yledi. ICCI 2014 \u2013 20. Uluslararas\u0131 Enerji ve \u00c7evre Fuar\u0131 ve Konferans\u0131\u2019n\u0131n a\u00e7\u0131l\u0131\u015f t\u00f6reninde yapt\u0131\u011f\u0131 konu\u015fmada Konya\u2019ya d\u00fcnyan\u0131n en b\u00fcy\u00fck g\u00fcne\u015f enerjisi santralini yapmak \u00fczere \u00f6zel bir \u00e7al\u0131\u015fma ba\u015flatt\u0131klar\u0131n\u0131 s\u00f6yledi. Konya Karap\u0131nar b\u00f6lgesinde 3 bin MW\u2019lik bir proje i\u00e7in ufuk \u00e7izgisinin g\u00f6ky\u00fcz\u00fc ile birle\u015fti\u011fi d\u00fcz bir arazinin a\u00e7\u0131laca\u011f\u0131n\u0131 belirtti.<\/strong><\/p>\n<p>ICCI 2014 a\u00e7\u0131l\u0131\u015f\u0131na Enerji ve Tabii Kaynaklar Bakan\u0131 Taner Y\u0131ld\u0131z, TBMM Sanayi, Ticaret, Enerji Tabii Kaynaklar, Bilgi ve Teknoloji Komisyonu Ba\u015fkan\u0131 Halil Maz\u0131c\u0131<a href=\"https:\/\/www.enerjigazetesi.ist\/wp-content\/uploads\/2014\/04\/yildiz-konyaya-dunyanin-en-buyuk-gunes-santralini-kuracagiz.jpg\"><img loading=\"lazy\" class=\"alignleft size-medium wp-image-25736\" title=\"yildiz-konyaya-dunyanin-en-buyuk-gunes-santralini-kuracagiz\" src=\"https:\/\/www.enerjigazetesi.ist\/wp-content\/uploads\/2014\/04\/yildiz-konyaya-dunyanin-en-buyuk-gunes-santralini-kuracagiz-300x200.jpg\" alt=\"\" width=\"300\" height=\"200\" srcset=\"https:\/\/www.enerjigazetesi.ist\/wp-content\/uploads\/2014\/04\/yildiz-konyaya-dunyanin-en-buyuk-gunes-santralini-kuracagiz-300x200.jpg 300w, https:\/\/www.enerjigazetesi.ist\/wp-content\/uploads\/2014\/04\/yildiz-konyaya-dunyanin-en-buyuk-gunes-santralini-kuracagiz-74x50.jpg 74w, https:\/\/www.enerjigazetesi.ist\/wp-content\/uploads\/2014\/04\/yildiz-konyaya-dunyanin-en-buyuk-gunes-santralini-kuracagiz.jpg 448w\" sizes=\"(max-width: 300px) 100vw, 300px\" \/><\/a>o\u011flu, TBMM \u00c7evre Komisyonu Ba\u015fkan\u0131 Erol Kaya, EPDK Ba\u015fkan\u0131 Mustafa Y\u0131lmaz, M\u00dcSIAD Y\u00f6netim Kurulu Ba\u015fkan\u0131 Nail Olpak, ICCI Y\u00fcr\u00fctme Kurulu Ba\u015fkan\u0131 ve ETKB M\u00fcste\u015far Yard\u0131mc\u0131s\u0131 Dr. Selahattin \u00c7imen, Hannover Fairs T\u00fcrkiye Fuarc\u0131l\u0131k Genel M\u00fcd\u00fcr\u00fc Alexander Kuehnel ve Sekt\u00f6rel Fuarc\u0131l\u0131k Genel M\u00fcd\u00fcr\u00fc S\u00fcleyman Bulak kat\u0131ld\u0131.<\/p>\n<p><strong>N\u00dcKLEER SANTRALE YERL\u0130 ORTAK<\/strong><\/p>\n<p>Enerji ve Tabii Kaynaklar Bakan\u0131 Taner Y\u0131ld\u0131z, T\u00fcrkiye\u2019de yap\u0131lan n\u00fckleer santrallere ortak alacaklar\u0131n\u0131 belirterek, \u201cVarsan\u0131z buyrun, n\u00fckleer santrallerde y\u00fczde 5 ila 20 aras\u0131nda payla yerli ortak alaca\u011f\u0131z. Her iki santral i\u00e7in de bunu yapaca\u011f\u0131z. Kamunun bir miktar pay\u0131 olabilir. Konya Karap\u0131nar Ayranc\u0131 b\u00f6lgesinde ufuk \u00e7izgisinin g\u00f6ky\u00fcz\u00fc ile birle\u015fti\u011fi d\u00fcmd\u00fcz bir arazi var. Oraya \u00f6zel bir \u00e7al\u0131\u015fma yap\u0131yoruz. 3 bin MW\u2019l\u0131k g\u00fcne\u015f santrali i\u00e7in o b\u00f6lgeyi a\u00e7aca\u011f\u0131z. Tar\u0131m arazisi de\u011fil. EPDK\u2019nin 600 MW\u2019l\u0131k ihalesine 9 bin MW\u2019l\u0131k talep geldi, bunu yapabilece\u011fini s\u00f6yleyen yat\u0131r\u0131mc\u0131m\u0131z var. Burada d\u00fcnyan\u0131n en b\u00fcy\u00fck santralini kuraca\u011f\u0131z. \u0130letim hatlar\u0131n\u0131 ona g\u00f6re dizayn ettiriyoruz.\u201d dedi.<\/p>\n<p><strong>N\u00dcKLEER SANTRAL\u0130 10 YIL \u00d6NCE B\u0130T\u0130RSEYD\u0130K\u2026<\/strong><\/p>\n<p>Bakan Taner Y\u0131ld\u0131z, T\u00fcrkiye\u2019deki iki n\u00fckleer enerji santralinin 10 y\u0131l \u00f6nce yap\u0131lm\u0131\u015f olsayd\u0131 7.6 milyar dolarl\u0131k daha az ithalat yap\u0131lm\u0131\u015f olaca\u011f\u0131n\u0131n alt\u0131n\u0131 \u00e7izerek \u015f\u00f6yle devam etti:<\/p>\n<p>\u201cNet ithalat\u0131m\u0131z 52 milyar dolar, bunun y\u00fczde 60\u2019\u0131 ula\u015ft\u0131rma ile ilgili. T\u00fcrkiye\u2019nin bu kadar b\u00fcy\u00fcme ve \u00fcretime ra\u011fmen enerjiyle alakal\u0131 ithalat oranlar\u0131 artmam\u0131\u015ft\u0131r. \u00c7\u00fcnk\u00fc T\u00fcrkiye\u2019nin ekonomik derinli\u011fi artmaktad\u0131r. Almanya \u00f6rne\u011finde iki \u00f6nce n\u00fckleerden vazge\u00e7ece\u011fini s\u00f6yledi. Ama iki hafta \u00f6nce tekrar d\u00fc\u015f\u00fcnebilece\u011fini s\u00f6yleyen a\u00e7\u0131klama yapt\u0131, neden, Ukrayna krizi y\u00fcz\u00fcnden. Anl\u0131k reflekslerle \u00fclkeyi y\u00f6netirseniz bu do\u011fru olmaz. Biz 10 y\u0131l \u00f6nce n\u00fckleeri yapaca\u011f\u0131z dedik, 10 g\u00fcn \u00f6nce de yapaca\u011f\u0131z diyoruz, in\u015fallah 10 y\u0131l sonra da yapm\u0131\u015f olaca\u011f\u0131z.\u201d<\/p>\n<p><strong>2013\u2019TE CUMHUR\u0130YET TAR\u0130H\u0130 REKORU<\/strong><\/p>\n<p>TBMM Sanayi, Ticaret, Enerji Tabii Kaynaklar, Bilgi ve Teknoloji Komisyonu Ba\u015fkan\u0131 Halil Maz\u0131c\u0131o\u011flu yapt\u0131\u011f\u0131 konu\u015fmas\u0131nda \u00fclkemizin ya\u015fad\u0131\u011f\u0131 ekonomik geli\u015fme ve halk\u0131n refah seviyesinin artmas\u0131n\u0131n merkezinde enerji sekt\u00f6r\u00fcn\u00fcn oldu\u011funa dikkat \u00e7ekti. Gelece\u011fin planlamas\u0131nda ise enerjinin \u00f6nemli bir noktada bulundu\u011funu anlatt\u0131. Maz\u0131c\u0131o\u011flu \u015f\u00f6yle devam etti:<\/p>\n<p>\u201c\u00dclkemizde enerji yat\u0131r\u0131mlar\u0131 h\u0131z kesmeden devam etmi\u015ftir. D\u00fcnyada ya\u015fanan olumsuz geli\u015fmelere ra\u011fmen 2013 y\u0131l\u0131nda yakla\u015f\u0131k maliyeti 7 milyar dolar olan 6 bin 985 MW kurulu g\u00fc\u00e7 eklenerek Cumhuriyet tarihimizin rekoru k\u0131r\u0131lm\u0131\u015ft\u0131r.\u201d<\/p>\n<p><strong>YEN\u0130LENEB\u0130L\u0130R ENERJ\u0130 \u201cCENNET KAYNAKLARI\u201d<\/strong><\/p>\n<p>TBMM \u00c7evre Komisyonu Ba\u015fkan\u0131 Erol Kaya ise a\u00e7\u0131klamalar\u0131nda temennilerinin\u00fclkenin hi\u00e7 bir yerinde su ve elektrik s\u0131k\u0131nt\u0131s\u0131 \u00e7ekilmemesi oldu\u011funu anlatarak \u201cBarajlar\u0131m\u0131zdaki doluluk oranlar\u0131n\u0131 yak\u0131ndan takip etmemiz gerekiyor. Sizden ricam bu s\u0131k\u0131nt\u0131l\u0131 s\u00fcre\u00e7te elimizdeki k\u0131s\u0131tl\u0131 imkanlar\u0131 tasarruflu bir \u015fekilde kullanmakt\u0131r.\u201d dedi. \u00c7evre konusunda ahlaki boyutun da g\u00f6z ard\u0131 edilmemesi gerekti\u011finin alt\u0131n\u0131 \u00e7izen Kaya, ABD\u2019li bir aktivist yer alt\u0131ndaki fosil yak\u0131t kaynaklar\u0131n\u0131 \u201cCehennem Yak\u0131tlar\u0131\u201d olarak de\u011ferlendiriyor. G\u00f6ky\u00fcz\u00fcndekileri ise \u201cCennet Enerji Kaynaklar\u0131\u201d olarak tan\u0131ml\u0131yor. Cennet kaynaklar\u0131 olan su g\u00fcne\u015f, r\u00fczgar gibi enerji kaynaklar\u0131n\u0131n gereklilik oldu\u011funu s\u00f6zlerine ekledi.<\/p>\n<p><strong>ENERJ\u0130 BORSASI YAKINDA A\u00c7ILACAK<\/strong><\/p>\n<p>EPDK Ba\u015fkan\u0131 Mustafa Y\u0131lmaz lisanlar\u0131 verilen projelerin pek \u00e7o\u011funun hayata ge\u00e7meye ba\u015flayaca\u011f\u0131n\u0131, T\u00fcrkiye\u2019de ulusal ve uluslararas\u0131 enerji ticaretinin daha kapsaml\u0131 hale gelece\u011fini, do\u011falgaz ithalat\u0131nda \u00f6zel sekt\u00f6r\u00fcn pay\u0131n\u0131n artaca\u011f\u0131n\u0131, t\u00fcketicilerin daha kaliteli hizmet alaca\u011f\u0131n\u0131 ve enerji borsas\u0131n\u0131n yak\u0131nda zaman kurulaca\u011f\u0131 bilgilerini payla\u015ft\u0131.<\/p>\n<p><strong>ENERJ\u0130, CAR\u0130 A\u00c7I\u011eIN G\u00dcNAH KE\u00c7\u0130S\u0130 DE\u011e\u0130L<\/strong><\/p>\n<p>M\u00dcS\u0130AD Y\u00f6netim Kurulu Ba\u015fkan\u0131 Nail Olpak ise yapt\u0131\u011f\u0131 a\u00e7\u0131klamalarda cari a\u00e7\u0131k sorunu ile ilgili ifadelerde s\u00fcrekli olarak enerji a\u00e7\u0131\u011f\u0131na ba\u011flamak gibi bir al\u0131\u015fkanl\u0131\u011f\u0131m\u0131z oldu\u011funu vurgulayarak \u201cBelki biraz abartarak s\u00f6yleyece\u011fim, \u015fu enerji talebi olmasa da cari a\u00e7\u0131k da olmasa noktas\u0131na gelecek. Bu iki kavram\u0131n bu kadar \u00e7ok bir arada kullan\u0131lmas\u0131n\u0131 do\u011fru bulmuyoruz, bunu \u00f6nlemeliyiz. Cari a\u00e7\u0131\u011f\u0131n tek sebebi enerji de\u011fildir, enerjiyi g\u00fcnah ke\u00e7isi olmaktan kurtarmal\u0131y\u0131z.\u201d diye konu\u015ftu.<\/p>\n<p>\u0130ktisadi Kalk\u0131nma Vakf\u0131 Ba\u015fkan\u0131 \u00d6mer Cihad Vardan ise konu\u015fmas\u0131nda Avrupa\u2019da Ukrayna krizinin ne kadar \u00f6nemli oldu\u011funa dikkat \u00e7ekerek, b\u00f6lgemizde enerjiyi elinde bulunduranlarla enerjiyi kullanmak isteyenlerin m\u00fccadelesine tan\u0131kl\u0131k etti\u011fimizi belirtti.<\/p>\n<p>ICCI Y\u00fcr\u00fctme Kurulu Ba\u015fkan\u0131 ve ETKB M\u00fcste\u015far Yard\u0131mc\u0131s\u0131 Dr. Selahattin \u00c7imen konu\u015fmas\u0131nda T\u00fcrkiye\u2019nin enerji talebi art\u0131\u015f\u0131nda \u00c7in\u2019den sonra d\u00fcnyada ikinci \u00fclke oldu\u011funa dikkat \u00e7ekerek, ge\u00e7ti\u011fimiz y\u0131l 6 bin 850 MW kurulu g\u00fc\u00e7 ilave ettiklerini aktard\u0131. \u00c7imen, \u201cBu y\u0131l ise 450 MW g\u00fc\u00e7 ilave ettik. Amac\u0131m\u0131z bunlar\u0131n yenilenebilir enerji kaynaklar\u0131ndan olmas\u0131.\u201d diye konu\u015ftu.<\/p>\n<p>Sekt\u00f6rel Fuarc\u0131l\u0131k Genel M\u00fcd\u00fcr\u00fc S\u00fcleyman Bulak konu\u015fmas\u0131nda bundan 20 y\u0131l \u00f6nce ICCI etkinli\u011finin ilk kez d\u00fczenlendi\u011fi 1994 y\u0131l\u0131nda kurulu g\u00fc\u00e7 kapasitesi 20 bin MW civar\u0131da iken bug\u00fcn 64 bin MW seviyelerine ula\u015ft\u0131\u011f\u0131n\u0131 vurgulad\u0131. 20 boyunca ayn\u0131 enerji ve heyecanla \u00e7al\u0131\u015f\u0131p bug\u00fcnk\u00fc g\u00fc\u00e7l\u00fc durumuna getirdiklerini s\u00f6zlerine ekleyen Bulak, \u201cEnerjimizi enerjiden ald\u0131k. Bundan sonra yapaca\u011f\u0131m\u0131z fuarlarda daha nitelikli bir ortamda hayata ge\u00e7irece\u011fiz\u201d dedi.<\/p>\n<p>Kaynak: <a href=\"http:\/\/www.enerjigunlugu.net\/yildiz:-konyaya-dunyanin-en-buyuk-gunes-santrali-k_8183.html\" target=\"_blank\">Enerji G\u00fcnl\u00fc\u011f\u00fc<\/a><\/p>","protected":false},"excerpt":{"rendered":"<p>Sorry, this entry is only available in Turkish. For the sake of viewer convenience, the content is shown below in the alternative language. You may click the link to switch the active language.Enerji ve Tabii Kaynaklar Bakan\u0131 Taner Y\u0131ld\u0131z, Konya\u2019ya d\u00fcnyan\u0131n en b\u00fcy\u00fck g\u00fcne\u015f enerjisi santralini yapmak \u00fczere \u00f6zel bir \u00e7al\u0131\u015fma ba\u015flatt\u0131klar\u0131n\u0131 s\u00f6yledi. ICCI 2014 [&hellip;]<\/p>\n","protected":false},"author":1,"featured_media":25736,"comment_status":"open","ping_status":"open","sticky":false,"template":"","format":"standard","meta":[],"categories":[53,49],"tags":[14447,710,63,112,67,1009,165,2326,227,13,2569,14115,2441,14459,69,99,667,105],"views":714,"_links":{"self":[{"href":"https:\/\/www.enerjigazetesi.ist\/en\/wp-json\/wp\/v2\/posts\/25735"}],"collection":[{"href":"https:\/\/www.enerjigazetesi.ist\/en\/wp-json\/wp\/v2\/posts"}],"about":[{"href":"https:\/\/www.enerjigazetesi.ist\/en\/wp-json\/wp\/v2\/types\/post"}],"author":[{"embeddable":true,"href":"https:\/\/www.enerjigazetesi.ist\/en\/wp-json\/wp\/v2\/users\/1"}],"replies":[{"embeddable":true,"href":"https:\/\/www.enerjigazetesi.ist\/en\/wp-json\/wp\/v2\/comments?post=25735"}],"version-history":[{"count":1,"href":"https:\/\/www.enerjigazetesi.ist\/en\/wp-json\/wp\/v2\/posts\/25735\/revisions"}],"predecessor-version":[{"id":25737,"href":"https:\/\/www.enerjigazetesi.ist\/en\/wp-json\/wp\/v2\/posts\/25735\/revisions\/25737"}],"wp:featuredmedia":[{"embeddable":true,"href":"https:\/\/www.enerjigazetesi.ist\/en\/wp-json\/wp\/v2\/media\/25736"}],"wp:attachment":[{"href":"https:\/\/www.enerjigazetesi.ist\/en\/wp-json\/wp\/v2\/media?parent=25735"}],"wp:term":[{"taxonomy":"category","embeddable":true,"href":"https:\/\/www.enerjigazetesi.ist\/en\/wp-json\/wp\/v2\/categories?post=25735"},{"taxonomy":"post_tag","embeddable":true,"href":"https:\/\/www.enerjigazetesi.ist\/en\/wp-json\/wp\/v2\/tags?post=25735"}],"curies":[{"name":"wp","href":"https:\/\/api.w.org\/{rel}","templated":true}]}}