{"id":25729,"date":"2014-04-25T10:19:48","date_gmt":"2014-04-25T07:19:48","guid":{"rendered":"https:\/\/www.enerjigazetesi.ist\/?p=25729"},"modified":"2014-04-25T10:19:48","modified_gmt":"2014-04-25T07:19:48","slug":"ucuz-kuzey-irak-gazi-ve-ukrayna-krizi-ile-turkiyenin-eli-gucleniyor","status":"publish","type":"post","link":"https:\/\/www.enerjigazetesi.ist\/en\/ucuz-kuzey-irak-gazi-ve-ukrayna-krizi-ile-turkiyenin-eli-gucleniyor\/","title":{"rendered":"(Turkish) Ucuz Kuzey Irak Gaz\u0131 ve Ukrayna Krizi \u0130le T\u00fcrkiye\u2019nin Eli G\u00fc\u00e7leniyor!"},"content":{"rendered":"<p class=\"qtranxs-available-languages-message qtranxs-available-languages-message-en\">Sorry, this entry is only available in <a href=\"https:\/\/www.enerjigazetesi.ist\/tr\/wp-json\/wp\/v2\/posts\/25729\" class=\"qtranxs-available-language-link qtranxs-available-language-link-tr\" title=\"Turkish\">Turkish<\/a>. For the sake of viewer convenience, the content is shown below in the alternative language. You may click the link to switch the active language.<\/p><p><strong>Ucuz Kuzey Irak gaz\u0131 ve Ukrayna krizi sonras\u0131 T\u00fcrkiye\u2019nin artan \u00f6nemi; pazarl\u0131kta Ankara\u2019n\u0131n elini g\u00fc\u00e7lendiriyor.<\/strong><\/p>\n<p>T\u00fcrkiye, do\u011falgaz pazarl\u0131\u011f\u0131nda masaya hi\u00e7 olmad\u0131\u011f\u0131 kadar g\u00fc\u00e7l\u00fc oturuyor. Do\u011falgaz faturas\u0131n\u0131 d\u00fc\u015f\u00fcrecek m\u00fczakerelerde en kritik koz ise, Ukrayna krizi sonras\u0131 T\u00fcrkiye ge\u00e7i\u015finin artan \u00f6nemi oldu. Ankara, do\u011falgazda indirim i\u00e7in Rusya ve \u0130ran\u2019a bask\u0131s\u0131n\u0131 s\u00fcrd\u00fcr\u00fcyor. Gaz al\u0131m\u0131nda yetkili kamu \u015firketi BOTA\u015e, en pahal\u0131 do\u011falgaz\u0131 \u0130ran\u2019dan al\u0131yor. Ancak Rusya\u2019n\u0131n kamu \u015firketi Gazprom\u2019dan al\u0131nan gaz\u0131n fiyat\u0131 da Avrupa\u2019y<a href=\"https:\/\/www.enerjigazetesi.ist\/wp-content\/uploads\/2014\/04\/ucuz-kuzey-irak-gazi-ve-ukrayna-krizi-ile-turkiyenin-eli-gucleniyor.jpg\"><img loading=\"lazy\" class=\"alignleft size-medium wp-image-25730\" title=\"ucuz-kuzey-irak-gazi-ve-ukrayna-krizi-ile-turkiyenin-eli-gucleniyor\" src=\"https:\/\/www.enerjigazetesi.ist\/wp-content\/uploads\/2014\/04\/ucuz-kuzey-irak-gazi-ve-ukrayna-krizi-ile-turkiyenin-eli-gucleniyor-300x211.jpg\" alt=\"\" width=\"300\" height=\"211\" srcset=\"https:\/\/www.enerjigazetesi.ist\/wp-content\/uploads\/2014\/04\/ucuz-kuzey-irak-gazi-ve-ukrayna-krizi-ile-turkiyenin-eli-gucleniyor-300x211.jpg 300w, https:\/\/www.enerjigazetesi.ist\/wp-content\/uploads\/2014\/04\/ucuz-kuzey-irak-gazi-ve-ukrayna-krizi-ile-turkiyenin-eli-gucleniyor-71x50.jpg 71w, https:\/\/www.enerjigazetesi.ist\/wp-content\/uploads\/2014\/04\/ucuz-kuzey-irak-gazi-ve-ukrayna-krizi-ile-turkiyenin-eli-gucleniyor.jpg 445w\" sizes=\"(max-width: 300px) 100vw, 300px\" \/><\/a>a g\u00f6re pahal\u0131. Do\u011falgaza Almanya\u2019dan 20-25 dolar daha fazla para \u00f6deyen T\u00fcrkiye, \u00f6nceki g\u00fcn Ankara\u2019ya gelen Gazprom Ba\u015fkan Yard\u0131mc\u0131s\u0131 Alexander Medvedev\u2019den indirim istedi.<\/p>\n<p>Gazprom ile g\u00f6r\u00fc\u015fmelerin y\u0131l sonuna kadar s\u00fcrmesi bekleniyor. Almanya, bin metrek\u00fcp do\u011falgaz i\u00e7in Rusya\u2019ya 375-380 dolar \u00f6derken, T\u00fcrkiye (kamu-\u00f6zel ortalamas\u0131) ayn\u0131 miktar i\u00e7in ortalama 400 dolar \u00f6deme yap\u0131yor. Bir ba\u015fka deyi\u015fle Rusya\u2019n\u0131n Almanya\u2019dan sonra en b\u00fcy\u00fck do\u011falgaz m\u00fc\u015fterisi T\u00fcrkiye, bin metrek\u00fcp i\u00e7in Almanya\u2019dan 20-25 dolar daha fazla \u00f6d\u00fcyor.<\/p>\n<p>T\u00fcrkiye, 2013\u2032te (kamu ve \u00f6zel sekt\u00f6r) toplam 45,2 milyar metrek\u00fcp do\u011falgaz ithal etti. \u0130thalat\u0131n yakla\u015f\u0131k y\u00fczde 60\u2032\u0131 Rusya\u2019dan yap\u0131ld\u0131. T\u00fcrkiye do\u011falgaz ithalat\u0131n\u0131n y\u00fczde 25\u2032ini \u0130ran\u2019dan kalan\u0131 ise Azerbaycan, Nijerya ve Cezayir\u2019den kayna\u011f\u0131ndan sa\u011fl\u0131yor. \u0130ran\u2019a bin metrek\u00fcp do\u011falgaz i\u00e7in yakla\u015f\u0131k 490 dolar \u00f6denirken, ayn\u0131 miktar gaz i\u00e7in Rusya\u2019ya yakla\u015f\u0131k 425 dolar, Azerbaycan\u2019a ise 335 dolar \u00f6deme yap\u0131l\u0131yor.<\/p>\n<h2>T\u00fcrkiye\u2019nin eli neden g\u00fc\u00e7l\u00fc?<\/h2>\n<p>Enerji y\u00f6netimini, pazarl\u0131k masas\u0131na g\u00fc\u00e7l\u00fc oturtan unsurlar aras\u0131nda \u015funlar yer al\u0131yor:<\/p>\n<p>&#8211;\u00a0Kuzey Irak do\u011falgaz\u0131n\u0131n bin metrek\u00fcp\u00fcn\u00fcn 200 dolarlar seviyesinde olmas\u0131, T\u00fcrkiye\u2019nin gaz pazarl\u0131klar\u0131nda elini g\u00fc\u00e7lendirirken, gaz faturas\u0131n\u0131 da ciddi anlamda d\u00fc\u015f\u00fcrecek. 2017\u2032de ba\u015flayacak gaz ihracat\u0131n\u0131n 20 milyar metrek\u00fcpe ula\u015fabilece\u011fi s\u00f6yleniyor.<\/p>\n<p>&#8211;\u00a0T\u00fcrkiye, TANAP projesiyle de hem do\u011fal gaz arz g\u00fcvenli\u011fine hem de enerjide b\u00f6lgesel g\u00fc\u00e7 olmada kritik bir ad\u0131m att\u0131. \u0130lk gaz ak\u0131\u015f\u0131n\u0131n 2018\u2032de ba\u015flayaca\u011f\u0131 TANAP\u2019ta, ikinci a\u015fama 2020\u2032de y\u0131ll\u0131k 16 milyar metrek\u00fcp gaz ak\u0131\u015f\u0131 olacak. \u00dc\u00e7\u00fcnc\u00fc a\u015fama olan 2023\u2032de 23 milyar, d\u00f6rd\u00fcnc\u00fc ve son a\u015fama olan 2026\u2032da 31 milyar metrek\u00fcp seviyesine ula\u015f\u0131lacak.<\/p>\n<p>&#8211; Ukrayna krizi sonras\u0131 T\u00fcrkiye\u2019den Avrupa\u2019ya ge\u00e7i\u015fin artan \u00f6nemi ve T\u00fcrkiye\u2019nin stratejik \u00fcst\u00fcnl\u00fc\u011f\u00fc.<\/p>\n<p>&#8211;\u00a0Kaya gaz\u0131 gibi alternatiflerin do\u011falgaz fiyatlar\u0131 \u00fczerinde indirim y\u00f6n\u00fcnde bask\u0131 yap\u0131yor. Kaya gaz\u0131 aramalar\u0131na h\u0131z veren ABD, 2010 y\u0131l\u0131nda do\u011falgaz fiyatlar\u0131n\u0131 y\u00fczde 35 oran\u0131nda d\u00fc\u015f\u00fcr\u00fcrken, do\u011fal gaz ihra\u00e7 edebilecek konuma geldi.<\/p>\n<h2>\u0130ran Cumhurba\u015fkan\u0131 Ruhani may\u0131s ay\u0131nda T\u00fcrkiye\u2019ye geliyor<\/h2>\n<p>Pahal\u0131 \u0130ran gaz\u0131nda, May\u0131s ay\u0131 kritik \u00f6nem ta\u015f\u0131yacak. 29 May\u0131s\u2019ta T\u00fcrkiye\u2019ye gelmesi beklenen \u0130ran Cumhurba\u015fkan\u0131 Hasan Ruhani ile Ba\u015fbakan Recep Tayyip Erdo\u011fan\u2019la g\u00f6r\u00fc\u015fmesinde en kritik ba\u015fl\u0131\u011f\u0131n \u2018do\u011falgazda indirim\u2019 olaca\u011f\u0131 belirtiliyor. \u0130ndirim i\u00e7in gaz miktar\u0131n\u0131n art\u0131r\u0131lmas\u0131n\u0131 isteyen \u0130ran\u2019a kar\u015f\u0131, T\u00fcrkiye\u2019nin eli olduk\u00e7a g\u00fc\u00e7l\u00fc.<\/p>\n<p><strong>Haberin <a href=\"http:\/\/www.turkiyegazetesi.com.tr\/ekonomi\/151443.aspx\" target=\"_blank\">Devam\u0131 \u0130\u00e7in TIKLAYIN&gt;&gt;<\/a><\/strong><\/p>\n<p>Kaynak: T\u00fcrkiye Gazetesi<\/p>","protected":false},"excerpt":{"rendered":"<p>Sorry, this entry is only available in Turkish. For the sake of viewer convenience, the content is shown below in the alternative language. You may click the link to switch the active language.Ucuz Kuzey Irak gaz\u0131 ve Ukrayna krizi sonras\u0131 T\u00fcrkiye\u2019nin artan \u00f6nemi; pazarl\u0131kta Ankara\u2019n\u0131n elini g\u00fc\u00e7lendiriyor. T\u00fcrkiye, do\u011falgaz pazarl\u0131\u011f\u0131nda masaya hi\u00e7 olmad\u0131\u011f\u0131 kadar g\u00fc\u00e7l\u00fc [&hellip;]<\/p>\n","protected":false},"author":1,"featured_media":25730,"comment_status":"open","ping_status":"open","sticky":false,"template":"","format":"standard","meta":[],"categories":[46,53],"tags":[92,226,14456,13155,63,67,1009,165,1333,885,846,14455,13521],"views":696,"_links":{"self":[{"href":"https:\/\/www.enerjigazetesi.ist\/en\/wp-json\/wp\/v2\/posts\/25729"}],"collection":[{"href":"https:\/\/www.enerjigazetesi.ist\/en\/wp-json\/wp\/v2\/posts"}],"about":[{"href":"https:\/\/www.enerjigazetesi.ist\/en\/wp-json\/wp\/v2\/types\/post"}],"author":[{"embeddable":true,"href":"https:\/\/www.enerjigazetesi.ist\/en\/wp-json\/wp\/v2\/users\/1"}],"replies":[{"embeddable":true,"href":"https:\/\/www.enerjigazetesi.ist\/en\/wp-json\/wp\/v2\/comments?post=25729"}],"version-history":[{"count":1,"href":"https:\/\/www.enerjigazetesi.ist\/en\/wp-json\/wp\/v2\/posts\/25729\/revisions"}],"predecessor-version":[{"id":25731,"href":"https:\/\/www.enerjigazetesi.ist\/en\/wp-json\/wp\/v2\/posts\/25729\/revisions\/25731"}],"wp:featuredmedia":[{"embeddable":true,"href":"https:\/\/www.enerjigazetesi.ist\/en\/wp-json\/wp\/v2\/media\/25730"}],"wp:attachment":[{"href":"https:\/\/www.enerjigazetesi.ist\/en\/wp-json\/wp\/v2\/media?parent=25729"}],"wp:term":[{"taxonomy":"category","embeddable":true,"href":"https:\/\/www.enerjigazetesi.ist\/en\/wp-json\/wp\/v2\/categories?post=25729"},{"taxonomy":"post_tag","embeddable":true,"href":"https:\/\/www.enerjigazetesi.ist\/en\/wp-json\/wp\/v2\/tags?post=25729"}],"curies":[{"name":"wp","href":"https:\/\/api.w.org\/{rel}","templated":true}]}}