{"id":25714,"date":"2014-04-24T18:39:44","date_gmt":"2014-04-24T15:39:44","guid":{"rendered":"https:\/\/www.enerjigazetesi.ist\/?p=25714"},"modified":"2014-04-24T18:39:44","modified_gmt":"2014-04-24T15:39:44","slug":"bakan-yildiz-elektrik-fiyatlari-uzerine-spekulasyonlar-yapiliyor","status":"publish","type":"post","link":"https:\/\/www.enerjigazetesi.ist\/en\/bakan-yildiz-elektrik-fiyatlari-uzerine-spekulasyonlar-yapiliyor\/","title":{"rendered":"(Turkish) Bakan Y\u0131ld\u0131z: Elektrik Fiyatlar\u0131 \u00dczerine Spek\u00fclasyonlar Yap\u0131l\u0131yor!"},"content":{"rendered":"<p class=\"qtranxs-available-languages-message qtranxs-available-languages-message-en\">Sorry, this entry is only available in <a href=\"https:\/\/www.enerjigazetesi.ist\/tr\/wp-json\/wp\/v2\/posts\/25714\" class=\"qtranxs-available-language-link qtranxs-available-language-link-tr\" title=\"Turkish\">Turkish<\/a>. For the sake of viewer convenience, the content is shown below in the alternative language. You may click the link to switch the active language.<\/p><p><strong>Enerji ve Tabii Kaynaklar Bakan\u0131 Taner Y\u0131ld\u0131z,\u201d T\u00fcrkiye\u2019de enerji \u00fcretimi, t\u00fcketimiyle alakal\u0131 ve kesintileriyle alakal\u0131 kriz s\u00f6z konusu de\u011fildir\u201d dedi. Y\u0131ld\u0131z, \u201cT\u00fcrkiye\u2019de elektrik konusunda herhangi bir s\u0131k\u0131nt\u0131 ya\u015fanmas\u0131 s\u00f6z konusu de\u011fildir. Bunlar\u0131n elektrik fiyatlar\u0131na yans\u0131mas\u0131yla ilgili spek\u00fclasyonlar yap\u0131l\u0131yor. Bundan kaynaklanacak herhangi bir maliyet art\u0131\u015f\u0131n\u0131 T\u00fcrkiye g\u00f6\u011f\u00fcsleyebilecek bir g\u00fcce sahiptir\u201d diye konu\u015ftu.<\/strong><\/p>\n<p>Bakan Y\u0131ld\u0131z, Ye\u015filk\u00f6y\u2019deki \u0130stanbul Fuar Merkezi\u2019nde d\u00fczenlenen 20. Uluslararas\u0131 Enerji ve \u00c7evre Fuar\u0131 ve Konferans\u0131\u2019n\u0131n a\u00e7\u0131l\u0131\u015f t\u00f6renine kat\u0131ld\u0131. Y\u0131ld\u0131z t\u00f6renin a\u00e7\u0131l\u0131\u015f\u0131 \u00f6nce<a href=\"https:\/\/www.enerjigazetesi.ist\/wp-content\/uploads\/2014\/04\/bakan-yildiz-elektrik-fiyatlari-uzerine-spekulasyonlar-yapiliyor.jpg\"><img loading=\"lazy\" class=\"alignleft size-medium wp-image-25715\" title=\"bakan-yildiz-elektrik-fiyatlari-uzerine-spekulasyonlar-yapiliyor\" src=\"https:\/\/www.enerjigazetesi.ist\/wp-content\/uploads\/2014\/04\/bakan-yildiz-elektrik-fiyatlari-uzerine-spekulasyonlar-yapiliyor-300x203.jpg\" alt=\"\" width=\"300\" height=\"203\" srcset=\"https:\/\/www.enerjigazetesi.ist\/wp-content\/uploads\/2014\/04\/bakan-yildiz-elektrik-fiyatlari-uzerine-spekulasyonlar-yapiliyor-300x203.jpg 300w, https:\/\/www.enerjigazetesi.ist\/wp-content\/uploads\/2014\/04\/bakan-yildiz-elektrik-fiyatlari-uzerine-spekulasyonlar-yapiliyor-73x50.jpg 73w, https:\/\/www.enerjigazetesi.ist\/wp-content\/uploads\/2014\/04\/bakan-yildiz-elektrik-fiyatlari-uzerine-spekulasyonlar-yapiliyor.jpg 419w\" sizes=\"(max-width: 300px) 100vw, 300px\" \/><\/a>sinde gazetecilerin sorular\u0131n\u0131 yan\u0131tlad\u0131. Bir gazetecinin \u201cPutin\u2019in bir mektubu oldu. Bu mektuba Avrupa \u00fclkelerinden de\u011fi\u015fik tepkiler geldi. T\u00fcrkiye\u2019nin tavr\u0131 ne olacak\u201d \u015feklindeki sorusuna Y\u0131ld\u0131z, \u015fu yan\u0131t\u0131 verdi:<\/p>\n<p>\u201cSay\u0131n Putin\u2019in ba\u015fbakan\u0131m\u0131za yazd\u0131\u011f\u0131 mektup \u00e7er\u00e7evesinde bir k\u0131s\u0131m g\u00f6r\u00fc\u015fmelerimiz oldu. Gazprom Ba\u015fkan Yard\u0131mc\u0131s\u0131 say\u0131n Medvedev ile bir araya geldik. T\u00fcrkiye ile Rusya aras\u0131nda m\u00fcstakil bir g\u00f6r\u00fc\u015fmenin daha iyi olaca\u011f\u0131 kanaatine vard\u0131k. Yani Rusya\u2019n\u0131n Avrupa Birli\u011fi \u00fclkeleriyle yap\u0131lacak g\u00f6r\u00fc\u015fmelerinde ayr\u0131ca bir taraf olmak istemiyoruz. \u00c7\u00fcnk\u00fc Romanya, Bulgaristan \u00fczerinden T\u00fcrkiye\u2019ye gelecek hatt\u0131n hem \u00e7\u0131k\u0131\u015flar\u0131 hem gaz miktarlar\u0131 daha farkl\u0131. Biz Ukrayna\u2019n\u0131n \u00f6zellikle mali durumuyla alakal\u0131 bir g\u00f6r\u00fc\u015fmede taraf olmak istemiyoruz. T\u00fcrkiye\u2019nin problemi daha farkl\u0131. Bu nedenle bizim say\u0131n Medvedev ile yapt\u0131\u011f\u0131m\u0131z toplant\u0131lar son derece olumlu ge\u00e7ti. T\u00fcrkiye\u2019nin arz g\u00fcvenli\u011fi ile ilgili herhangi bir problem ya\u015famamas\u0131na d\u00f6n\u00fck g\u00f6r\u00fc\u015fmelerde bulunduk. \u00d6n\u00fcm\u00fczdeki ay St. Petersburg\u2019da bir enerji toplant\u0131s\u0131n\u0131 yapmak istiyoruz.\u201d<\/p>\n<h2>\u201cElektrik fiyatlar\u0131 \u00fczerinde spek\u00fclasyonlar yap\u0131l\u0131yor\u201d<\/h2>\n<p>Bir gazetecinin, ge\u00e7ti\u011fimiz g\u00fcnlerde Orman ve Su \u0130\u015fleri Bakan\u0131 Veysel Ero\u011flu ile enerji ithalat\u0131 ile ilgili konuda farkl\u0131 a\u00e7\u0131klamalar yapt\u0131klar\u0131n\u0131 hat\u0131rlatmas\u0131 \u00fczerine Y\u0131ld\u0131z, \u015f\u00f6yle konu\u015ftu:<\/p>\n<p>\u201cT\u00fcrkiye\u2019de su miktarlar\u0131 seviyesiyle enerjinin \u00fcretilmesi birbiriyle ba\u011flant\u0131l\u0131 olsa da ayr\u0131 sonu\u00e7lar do\u011furan bir konudur. T\u00fcrkiye\u2019de kar ve ya\u011fmur ya\u011f\u0131\u015flar\u0131n\u0131n \u00f6nceki y\u0131llara oranla daha d\u00fc\u015f\u00fck oldu\u011fundan bahsediyorum. Bunu herhangi bir krize d\u00f6n\u00fc\u015ft\u00fcrenlerin do\u011fru yapmad\u0131klar\u0131n\u0131 d\u00fc\u015f\u00fcn\u00fcyorum. T\u00fcrkiye\u2019de enerji \u00fcretimi, t\u00fcketimiyle alakal\u0131 ve kesintileriyle alakal\u0131 kriz s\u00f6z konusu de\u011fildir. Biz HES\u2019lerden elde edece\u011fimiz elektrik yerine olmad\u0131\u011f\u0131 kadar\u0131n\u0131 di\u011fer kaynaklardan \u00fcretiriz. T\u00fcrkiye\u2019nin toplam elektrik t\u00fcketiminin ithalattaki pay\u0131 y\u00fczde 3\u2032t\u00fcr. T\u00fcrkiye\u2019nin elektrik ihracat\u0131 da var. Tamam\u0131n\u0131 ithal ediyormu\u015f gibi bir g\u00f6r\u00fcnt\u00fcn\u00fcn enerji sekt\u00f6r\u00fcnde elektrik \u00fcretimi yapanlara haks\u0131zl\u0131k oldu\u011funu d\u00fc\u015f\u00fcn\u00fcyorum. T\u00fcrkiye\u2019de elektrik konusunda herhangi bir s\u0131k\u0131nt\u0131 ya\u015fanmas\u0131 s\u00f6z konusu de\u011fildir. Bunlar\u0131n elektrik fiyatlar\u0131na yans\u0131mas\u0131yla ilgili spek\u00fclasyonlar yap\u0131l\u0131yor. Bundan kaynaklanacak herhangi bir maliyet art\u0131\u015f\u0131n\u0131 T\u00fcrkiye g\u00f6\u011f\u00fcsleyebilecek bir g\u00fcce sahiptir. D\u00fcn say\u0131n bakan\u0131m\u0131zla g\u00f6r\u00fc\u015ft\u00fc\u011f\u00fcm\u00fczde de ayn\u0131 \u015feyleri s\u00f6yledi\u011fimizi g\u00f6r\u00fcyorum. T\u00fcrkiye\u2019de elektrik \u00fcretiminde HES\u2019lerden ald\u0131\u011f\u0131m\u0131z pay\u0131n d\u00fc\u015fmemesi i\u00e7in u\u011fra\u015f\u0131yoruz.\u201d<\/p>\n<p>Taner Y\u0131ld\u0131z, herkesin enerji verimlili\u011fi ve tasarrufu konusunda da dikkatli olmas\u0131 gerekti\u011fini s\u00f6yledi.<\/p>\n<h2>\u201cBiz T\u00fcrkiye\u2019yi enerjisiz b\u0131rakmay\u0131z\u201d<\/h2>\n<p>Bir gazetecinin \u201cDo\u011falgazda elektrik pay\u0131n\u0131n artaca\u011f\u0131 ve bunun ekstra zam olarak gelece\u011fi y\u00f6n\u00fcnde iddialar var. Bununla ilgili ne s\u00f6yleyeceksiniz\u201d s\u00f6zleri \u00fczerine Taner Y\u0131ld\u0131z, \u015funlar\u0131 s\u00f6yledi:<\/p>\n<p>\u201cS\u00f6yledi\u011finizin birinci k\u0131sm\u0131 do\u011fru, ikincisi yanl\u0131\u015f. E\u011fer ya\u011fmur, kar az ya\u011fm\u0131\u015f olursa bizim HES\u2019lerden \u00fcretece\u011fimiz elektrik azal\u0131r, bunun yerine de ba\u015fka kaynaklar ikame edilir. Nedir o kaynaklar; do\u011falgaz, yerli k\u00f6m\u00fcr ve ithal k\u00f6m\u00fcr gibi kaynaklard\u0131r bunlar. Biz T\u00fcrkiye\u2019yi enerjisiz b\u0131rakmay\u0131z ancak onu hangi kaynaktan \u00fcretece\u011fimiz \u00f6nemli. O zaman di\u011fer kaynaklar\u0131 da kullanma zorunlulu\u011fumuz do\u011far ki do\u011falgaz\u0131n pay\u0131 artar. Bizim y\u00fczde 43\u2032lere kadar indirdi\u011fimiz do\u011falgaz pay\u0131 ya\u011f\u0131\u015f rejimlerinin d\u00fczenli olmamas\u0131ndan kaynaklanan sebeplerle daha da artar bu oran. Biz bunu temenni etmiyoruz. \u00d6zellikle 30 Mart se\u00e7imlerinden sonra her vesileyle herhangi bir problem olu\u015fturulmas\u0131na kar\u015f\u0131y\u0131z. Hamdolsun kaynaklar\u0131m\u0131z son derece m\u00fcsait ve bu nedenle biz bir s\u0131k\u0131nt\u0131 g\u00f6rm\u00fcyoruz.\u201d<\/p>\n<p>Taner Y\u0131ld\u0131z gazetecilerin sorular\u0131n\u0131 yan\u0131tlad\u0131ktan sonra 20. Uluslararas\u0131 Enerji ve \u00c7evre Fuar\u0131 ve Konferans\u0131\u2019n\u0131n a\u00e7\u0131l\u0131\u015f\u0131n\u0131 yapt\u0131.<\/p>\n<p>Kaynak: <a href=\"http:\/\/www.sondakika.com\/haber\/haber-enerji-bakani-yildiz-elektrik-fiyatlari-uzerine-5945116\/\" target=\"_blank\">Son Dakika<\/a><\/p>","protected":false},"excerpt":{"rendered":"<p>Sorry, this entry is only available in Turkish. For the sake of viewer convenience, the content is shown below in the alternative language. You may click the link to switch the active language.Enerji ve Tabii Kaynaklar Bakan\u0131 Taner Y\u0131ld\u0131z,\u201d T\u00fcrkiye\u2019de enerji \u00fcretimi, t\u00fcketimiyle alakal\u0131 ve kesintileriyle alakal\u0131 kriz s\u00f6z konusu de\u011fildir\u201d dedi. Y\u0131ld\u0131z, \u201cT\u00fcrkiye\u2019de elektrik [&hellip;]<\/p>\n","protected":false},"author":1,"featured_media":25715,"comment_status":"open","ping_status":"open","sticky":false,"template":"","format":"standard","meta":[],"categories":[51,53],"tags":[710,68,61,343,14452,63,67,1009,165,667],"views":652,"_links":{"self":[{"href":"https:\/\/www.enerjigazetesi.ist\/en\/wp-json\/wp\/v2\/posts\/25714"}],"collection":[{"href":"https:\/\/www.enerjigazetesi.ist\/en\/wp-json\/wp\/v2\/posts"}],"about":[{"href":"https:\/\/www.enerjigazetesi.ist\/en\/wp-json\/wp\/v2\/types\/post"}],"author":[{"embeddable":true,"href":"https:\/\/www.enerjigazetesi.ist\/en\/wp-json\/wp\/v2\/users\/1"}],"replies":[{"embeddable":true,"href":"https:\/\/www.enerjigazetesi.ist\/en\/wp-json\/wp\/v2\/comments?post=25714"}],"version-history":[{"count":1,"href":"https:\/\/www.enerjigazetesi.ist\/en\/wp-json\/wp\/v2\/posts\/25714\/revisions"}],"predecessor-version":[{"id":25716,"href":"https:\/\/www.enerjigazetesi.ist\/en\/wp-json\/wp\/v2\/posts\/25714\/revisions\/25716"}],"wp:featuredmedia":[{"embeddable":true,"href":"https:\/\/www.enerjigazetesi.ist\/en\/wp-json\/wp\/v2\/media\/25715"}],"wp:attachment":[{"href":"https:\/\/www.enerjigazetesi.ist\/en\/wp-json\/wp\/v2\/media?parent=25714"}],"wp:term":[{"taxonomy":"category","embeddable":true,"href":"https:\/\/www.enerjigazetesi.ist\/en\/wp-json\/wp\/v2\/categories?post=25714"},{"taxonomy":"post_tag","embeddable":true,"href":"https:\/\/www.enerjigazetesi.ist\/en\/wp-json\/wp\/v2\/tags?post=25714"}],"curies":[{"name":"wp","href":"https:\/\/api.w.org\/{rel}","templated":true}]}}