{"id":25682,"date":"2014-04-24T11:05:45","date_gmt":"2014-04-24T08:05:45","guid":{"rendered":"https:\/\/www.enerjigazetesi.ist\/?p=25682"},"modified":"2014-04-24T11:05:45","modified_gmt":"2014-04-24T08:05:45","slug":"almanyada-bir-inegin-diskisindan-yilda-bin-kwh-elektrik-uretiyor","status":"publish","type":"post","link":"https:\/\/www.enerjigazetesi.ist\/en\/almanyada-bir-inegin-diskisindan-yilda-bin-kwh-elektrik-uretiyor\/","title":{"rendered":"(Turkish) Almanya\u2019da Bir \u0130ne\u011fin D\u0131\u015fk\u0131s\u0131ndan Y\u0131lda Bin kw\/h Elektrik \u00dcretiyor&#8230;"},"content":{"rendered":"<p class=\"qtranxs-available-languages-message qtranxs-available-languages-message-en\">Sorry, this entry is only available in <a href=\"https:\/\/www.enerjigazetesi.ist\/tr\/wp-json\/wp\/v2\/posts\/25682\" class=\"qtranxs-available-language-link qtranxs-available-language-link-tr\" title=\"Turkish\">Turkish<\/a>. For the sake of viewer convenience, the content is shown below in the alternative language. You may click the link to switch the active language.<\/p><p><strong>Alman Federal Tar\u0131m Bakanl\u0131\u011f\u0131, bir inek s\u00fcr\u00fcs\u00fcn\u00fcn d\u0131\u015fk\u0131s\u0131ndan elde edilen elektrik enerjisinin 7 ailenin bir y\u0131ll\u0131k ihtiyac\u0131n\u0131 kar\u015f\u0131lad\u0131\u011f\u0131n\u0131 bildirdi.<\/strong><\/p>\n<p>Alman Federal Tar\u0131m Bakanl\u0131\u011f\u0131n\u0131n hesa<a href=\"https:\/\/www.enerjigazetesi.ist\/wp-content\/uploads\/2014\/04\/almanyada-bir-inegin-diskisindan-yilda-bin-kwh-elektrik-uretiyor.jpg\"><img loading=\"lazy\" class=\"alignleft size-medium wp-image-25683\" title=\"almanyada-bir-inegin-diskisindan-yilda-bin-kwh-elektrik-uretiyor\" src=\"https:\/\/www.enerjigazetesi.ist\/wp-content\/uploads\/2014\/04\/almanyada-bir-inegin-diskisindan-yilda-bin-kwh-elektrik-uretiyor-300x189.jpg\" alt=\"\" width=\"300\" height=\"189\" srcset=\"https:\/\/www.enerjigazetesi.ist\/wp-content\/uploads\/2014\/04\/almanyada-bir-inegin-diskisindan-yilda-bin-kwh-elektrik-uretiyor-300x189.jpg 300w, https:\/\/www.enerjigazetesi.ist\/wp-content\/uploads\/2014\/04\/almanyada-bir-inegin-diskisindan-yilda-bin-kwh-elektrik-uretiyor-80x50.jpg 80w, https:\/\/www.enerjigazetesi.ist\/wp-content\/uploads\/2014\/04\/almanyada-bir-inegin-diskisindan-yilda-bin-kwh-elektrik-uretiyor.jpg 428w\" sizes=\"(max-width: 300px) 100vw, 300px\" \/><\/a>b\u0131na g\u00f6re bir ine\u011fin d\u0131\u015fk\u0131s\u0131ndan y\u0131lda bin kw\/h elektrik \u00fcretilebiliyor ve elde edilen elektrik, bir \u00e7ama\u015f\u0131r makinas\u0131n\u0131n bin sefer \u00e7ama\u015f\u0131r y\u0131kamas\u0131na yetiyor. Bakanl\u0131k taraf\u0131ndan Berlin\u2019de yap\u0131lan a\u00e7\u0131klamada 25 inekten olu\u015fan bir s\u00fcr\u00fcden elde edilen elektrik enerjisinin bir y\u0131l boyunca 7 ailenin ihtiyac\u0131n\u0131 kar\u015f\u0131lad\u0131\u011f\u0131 bildirildi.<\/p>\n<p>Alman Tar\u0131m Bakanl\u0131\u011f\u0131 bas\u0131n a\u00e7\u0131klamas\u0131nda biyoenerjinin hem s\u00fcrekli oldu\u011fu, hem de iklime zarar vermedi\u011fi kaydedildi. Bin kw\/h elektrik enerjisi inek d\u0131\u015fk\u0131s\u0131ndan \u00fcretildi\u011finde, k\u00fcresel \u0131s\u0131nmaya neden olan 600 kilodan daha fazla sera gaz\u0131 \u00fcretilmemi\u015f oluyor. Bu miktarda sera gaz\u0131, k\u00f6m\u00fcrle elektrik \u00fcreten bir santralde 2 saniyede olu\u015fuyor.<\/p>\n<p>Biyolojik enerji \u00fcretimi i\u00e7in inek d\u0131\u015fk\u0131s\u0131 yan\u0131nda di\u011fer organik at\u0131klar da kullan\u0131labiliyor. \u00d6rne\u011fin bir \u00e7\u00f6p kutusu dolu organik maddelerden \u00fcretilen yakla\u015f\u0131k 4 kw\/h elektrik, bir evde kullan\u0131lan elektrik oca\u011f\u0131n\u0131n bir haftal\u0131k ihtiyac\u0131n\u0131 kar\u015f\u0131l\u0131yor.<\/p>\n<p>Kaynak: <a href=\"http:\/\/www.dunyabulteni.net\/gunun-haberleri\/296148\/almanyada-bir-inek-yilda-bin-kw-elektrik-uretiyor\" target=\"_blank\">D\u00fcnya B\u00fclteni<\/a><\/p>","protected":false},"excerpt":{"rendered":"<p>Sorry, this entry is only available in Turkish. For the sake of viewer convenience, the content is shown below in the alternative language. You may click the link to switch the active language.Alman Federal Tar\u0131m Bakanl\u0131\u011f\u0131, bir inek s\u00fcr\u00fcs\u00fcn\u00fcn d\u0131\u015fk\u0131s\u0131ndan elde edilen elektrik enerjisinin 7 ailenin bir y\u0131ll\u0131k ihtiyac\u0131n\u0131 kar\u015f\u0131lad\u0131\u011f\u0131n\u0131 bildirdi. Alman Federal Tar\u0131m Bakanl\u0131\u011f\u0131n\u0131n [&hellip;]<\/p>\n","protected":false},"author":1,"featured_media":25683,"comment_status":"open","ping_status":"open","sticky":false,"template":"","format":"standard","meta":[],"categories":[51,53],"tags":[14440,14441,68,61,19,63,67,1009,165,14439],"views":993,"_links":{"self":[{"href":"https:\/\/www.enerjigazetesi.ist\/en\/wp-json\/wp\/v2\/posts\/25682"}],"collection":[{"href":"https:\/\/www.enerjigazetesi.ist\/en\/wp-json\/wp\/v2\/posts"}],"about":[{"href":"https:\/\/www.enerjigazetesi.ist\/en\/wp-json\/wp\/v2\/types\/post"}],"author":[{"embeddable":true,"href":"https:\/\/www.enerjigazetesi.ist\/en\/wp-json\/wp\/v2\/users\/1"}],"replies":[{"embeddable":true,"href":"https:\/\/www.enerjigazetesi.ist\/en\/wp-json\/wp\/v2\/comments?post=25682"}],"version-history":[{"count":1,"href":"https:\/\/www.enerjigazetesi.ist\/en\/wp-json\/wp\/v2\/posts\/25682\/revisions"}],"predecessor-version":[{"id":25684,"href":"https:\/\/www.enerjigazetesi.ist\/en\/wp-json\/wp\/v2\/posts\/25682\/revisions\/25684"}],"wp:featuredmedia":[{"embeddable":true,"href":"https:\/\/www.enerjigazetesi.ist\/en\/wp-json\/wp\/v2\/media\/25683"}],"wp:attachment":[{"href":"https:\/\/www.enerjigazetesi.ist\/en\/wp-json\/wp\/v2\/media?parent=25682"}],"wp:term":[{"taxonomy":"category","embeddable":true,"href":"https:\/\/www.enerjigazetesi.ist\/en\/wp-json\/wp\/v2\/categories?post=25682"},{"taxonomy":"post_tag","embeddable":true,"href":"https:\/\/www.enerjigazetesi.ist\/en\/wp-json\/wp\/v2\/tags?post=25682"}],"curies":[{"name":"wp","href":"https:\/\/api.w.org\/{rel}","templated":true}]}}