{"id":25631,"date":"2014-04-22T17:03:35","date_gmt":"2014-04-22T14:03:35","guid":{"rendered":"https:\/\/www.enerjigazetesi.ist\/?p=25631"},"modified":"2014-04-22T17:06:48","modified_gmt":"2014-04-22T14:06:48","slug":"bakan-eroglu-barajlar-dolu-istenen-oranda-enerji-uretilebilir","status":"publish","type":"post","link":"https:\/\/www.enerjigazetesi.ist\/en\/bakan-eroglu-barajlar-dolu-istenen-oranda-enerji-uretilebilir\/","title":{"rendered":"(Turkish) Bakan Ero\u011flu: Barajlar Dolu, \u0130stenen Oranda Enerji \u00dcretilebilir&#8230;"},"content":{"rendered":"<p class=\"qtranxs-available-languages-message qtranxs-available-languages-message-en\">Sorry, this entry is only available in <a href=\"https:\/\/www.enerjigazetesi.ist\/tr\/wp-json\/wp\/v2\/posts\/25631\" class=\"qtranxs-available-language-link qtranxs-available-language-link-tr\" title=\"Turkish\">Turkish<\/a>. For the sake of viewer convenience, the content is shown below in the alternative language. You may click the link to switch the active language.<\/p><p><strong>Orman ve Su \u0130\u015fleri Bakan\u0131 Veysel Ero\u011flu, Enerji ve Tabii Kaynaklar Bakan\u0131 Taner Y\u0131ld\u0131z\u2019\u0131n s\u00f6zlerinin aksine Dicle-F\u0131rat havzas\u0131ndaki barajlar\u0131nda y\u00fczde 50\u2019den fazla bir doluluk oldu\u011funu belirterek, istenen oranda enerji \u00fcretilebilece\u011fini s\u00f6yledi.<\/strong><\/p>\n<p>Bakan Veysel Ero\u011flu, \u0130\u00e7i\u015fleri Bakanl\u0131\u011f\u0131 E\u011fitim Dairesi Ba\u015fkanl\u0131\u011f\u0131 99. d\u00f6nem kaymakam adaylar\u0131na hitab\u0131 \u00f6ncesinde gazetecilerin sorular\u0131n\u0131 cevaplad\u0131. Enerji ve Tabii Kaynaklar Bakan\u0131 Y\u0131ld\u0131z\u2019\u0131n, barajlardaki sular\u0131n azl\u0131\u011f\u0131 nedeniyle enerji ithalat\u0131 <a href=\"https:\/\/www.enerjigazetesi.ist\/wp-content\/uploads\/2014\/04\/Veysel-ero\u011flu-orman-bakan-198235465-505x308.jpg\"><img loading=\"lazy\" class=\"alignright size-medium wp-image-25632\" title=\"Veysel-ero\u011flu-orman-bakan-198235465-505x308\" src=\"https:\/\/www.enerjigazetesi.ist\/wp-content\/uploads\/2014\/04\/Veysel-ero\u011flu-orman-bakan-198235465-505x308-300x244.jpg\" alt=\"\" width=\"300\" height=\"244\" srcset=\"https:\/\/www.enerjigazetesi.ist\/wp-content\/uploads\/2014\/04\/Veysel-ero\u011flu-orman-bakan-198235465-505x308-300x244.jpg 300w, https:\/\/www.enerjigazetesi.ist\/wp-content\/uploads\/2014\/04\/Veysel-ero\u011flu-orman-bakan-198235465-505x308-61x50.jpg 61w, https:\/\/www.enerjigazetesi.ist\/wp-content\/uploads\/2014\/04\/Veysel-ero\u011flu-orman-bakan-198235465-505x308.jpg 366w\" sizes=\"(max-width: 300px) 100vw, 300px\" \/><\/a>y\u00f6n\u00fcndeki a\u00e7\u0131klamas\u0131na ili\u015fkin soruya Ero\u011flu, \u201c\u015eu anda Dicle-F\u0131rat havzas\u0131nda ki barajlar\u0131m\u0131zda y\u00fczde 50\u2019den fazla bir doluluk vard\u0131 zaten. Yani istedi\u011fi kadar enerji \u00fcretebilir, diye d\u00fc\u015f\u00fcn\u00fcyorum. Yani bu ya\u011f\u0131\u015flar gelmezse e\u011fer Nisan ay\u0131nda nitekim Do\u011fu Anadolu\u2019da da nisan ya\u011f\u0131\u015flar\u0131 devam ediyor. Nisan ve May\u0131s\u2019ta normal ya\u011f\u0131\u015flar\u0131n devam edece\u011fini d\u00fc\u015f\u00fcn\u00fcyoruz.\u201d kar\u015f\u0131l\u0131\u011f\u0131n\u0131 verdi. \u201cA\u00e7\u0131klamalar\u0131 \u00fczerine enerji ithalat\u0131na gerek yok mu?\u201d sorusu \u00fczerine Ero\u011flu, \u201cYani enerji ithalat\u0131 konusu Say\u0131n Enerji Bakan\u0131\u2019n\u0131n konusu ama bizde enerji barajlar\u0131nda y\u00fczde 50\u2019den fazla \u015fu anda su var kurakl\u0131\u011fa ra\u011fmen suyumuz iyi.\u201d dedi.<\/p>\n<h2>\u201cSu s\u0131k\u0131nt\u0131s\u0131 olmayaca\u011f\u0131n\u0131 defalarca s\u00f6yledik\u201d<\/h2>\n<p>Ero\u011flu, bu yaz kurak ge\u00e7ece\u011fi s\u00f6ylentilerine, \u201cSu s\u0131k\u0131nt\u0131s\u0131 olmayaca\u011f\u0131n\u0131 defalarca s\u00f6yledik. \u0130lla ki su s\u0131k\u0131nt\u0131s\u0131n\u0131n olmas\u0131n\u0131 istiyorsan\u0131z onu bilemem tabi ama biz gereken tedbirleri ald\u0131k. Hatta bu haftada arkada\u015flar\u0131m\u0131zla her ay biz toplant\u0131 yap\u0131yoruz. B\u00fct\u00fcn illerin sulama enerji a\u00e7\u0131s\u0131ndan suyumuzun de\u011ferlendirmesini yap\u0131yoruz.\u201d dedi.<\/p>\n<p>Sapanca G\u00f6l\u00fc\u2019ndeki susuzluk durumunun hat\u0131rlat\u0131lmas\u0131 \u00fczerine Ero\u011flu \u015funlar\u0131 s\u00f6yledi: \u201cSapanca\u2019da zaten yeteri kadar su var evet az ama \u015fu anda daha 21 cm\u2019lik bir mesafe var kad\u0131 ki Per\u015fembe ve Cuma g\u00fcn\u00fc ya\u011f\u0131\u015flar geliyor. Yani herhangi bir problem yok. \u00d6zel belli bir seviyenin alt\u0131nda zaten sanayiye su al\u0131nmas\u0131n\u0131 durduruyoruz. Ama gerek Kocaeli gerekse Sakarya oradan su almaya devam edecek.\u201d<\/p>\n<p>Kaynak: <a title=\"Son Dakika\" href=\"http:\/\/www.sondakika.com\/haber\/haber-bakan-eroglu-barajlar-dolu-istenen-oranda-enerji-5936704\/\" rel=\"nofollow\" target=\"_blank\">Son Dakika<\/a><\/p>","protected":false},"excerpt":{"rendered":"<p>Sorry, this entry is only available in Turkish. For the sake of viewer convenience, the content is shown below in the alternative language. You may click the link to switch the active language.Orman ve Su \u0130\u015fleri Bakan\u0131 Veysel Ero\u011flu, Enerji ve Tabii Kaynaklar Bakan\u0131 Taner Y\u0131ld\u0131z\u2019\u0131n s\u00f6zlerinin aksine Dicle-F\u0131rat havzas\u0131ndaki barajlar\u0131nda y\u00fczde 50\u2019den fazla bir [&hellip;]<\/p>\n","protected":false},"author":1,"featured_media":25632,"comment_status":"open","ping_status":"open","sticky":false,"template":"","format":"standard","meta":[],"categories":[53,47],"tags":[1990,63,67,1009,165,18,14425,1211],"views":519,"_links":{"self":[{"href":"https:\/\/www.enerjigazetesi.ist\/en\/wp-json\/wp\/v2\/posts\/25631"}],"collection":[{"href":"https:\/\/www.enerjigazetesi.ist\/en\/wp-json\/wp\/v2\/posts"}],"about":[{"href":"https:\/\/www.enerjigazetesi.ist\/en\/wp-json\/wp\/v2\/types\/post"}],"author":[{"embeddable":true,"href":"https:\/\/www.enerjigazetesi.ist\/en\/wp-json\/wp\/v2\/users\/1"}],"replies":[{"embeddable":true,"href":"https:\/\/www.enerjigazetesi.ist\/en\/wp-json\/wp\/v2\/comments?post=25631"}],"version-history":[{"count":4,"href":"https:\/\/www.enerjigazetesi.ist\/en\/wp-json\/wp\/v2\/posts\/25631\/revisions"}],"predecessor-version":[{"id":25636,"href":"https:\/\/www.enerjigazetesi.ist\/en\/wp-json\/wp\/v2\/posts\/25631\/revisions\/25636"}],"wp:featuredmedia":[{"embeddable":true,"href":"https:\/\/www.enerjigazetesi.ist\/en\/wp-json\/wp\/v2\/media\/25632"}],"wp:attachment":[{"href":"https:\/\/www.enerjigazetesi.ist\/en\/wp-json\/wp\/v2\/media?parent=25631"}],"wp:term":[{"taxonomy":"category","embeddable":true,"href":"https:\/\/www.enerjigazetesi.ist\/en\/wp-json\/wp\/v2\/categories?post=25631"},{"taxonomy":"post_tag","embeddable":true,"href":"https:\/\/www.enerjigazetesi.ist\/en\/wp-json\/wp\/v2\/tags?post=25631"}],"curies":[{"name":"wp","href":"https:\/\/api.w.org\/{rel}","templated":true}]}}