{"id":25613,"date":"2014-04-22T11:43:53","date_gmt":"2014-04-22T08:43:53","guid":{"rendered":"https:\/\/www.enerjigazetesi.ist\/?p=25613"},"modified":"2014-04-22T11:43:53","modified_gmt":"2014-04-22T08:43:53","slug":"dunyanin-gunes-elektrigi-gucu-2013te-yuzde-35-yukseldi","status":"publish","type":"post","link":"https:\/\/www.enerjigazetesi.ist\/en\/dunyanin-gunes-elektrigi-gucu-2013te-yuzde-35-yukseldi\/","title":{"rendered":"(Turkish) D\u00fcnyan\u0131n G\u00fcne\u015f Elektri\u011fi G\u00fcc\u00fc 2013&#8217;te Y\u00fczde 35 Y\u00fckseldi&#8230;"},"content":{"rendered":"<p class=\"qtranxs-available-languages-message qtranxs-available-languages-message-en\">Sorry, this entry is only available in <a href=\"https:\/\/www.enerjigazetesi.ist\/tr\/wp-json\/wp\/v2\/posts\/25613\" class=\"qtranxs-available-language-link qtranxs-available-language-link-tr\" title=\"Turkish\">Turkish<\/a>. For the sake of viewer convenience, the content is shown below in the alternative language. You may click the link to switch the active language.<\/p><p><strong>Avrupa Fotovoltaik Sanayisi Birli\u011fi (EPIA) k\u00fcresel g\u00fcne\u015f elektri\u011fi sekt\u00f6r\u00fcn\u00fcn 2013 y\u0131l\u0131ndaki durumuna ili\u015fkin \u00e7al\u0131\u015fmas\u0131n\u0131 yay\u0131nlad\u0131. Kurulu\u015fun 2013 y\u0131l\u0131na dair \u00e7al\u0131\u015fmas\u0131ndaki verilere g\u00f6re ge\u00e7en y\u0131l t\u00fcm d\u00fcnyada 37,077 MW&#8217;l\u0131k g\u00fcne\u015f elektri\u011fi kurulu g\u00fcc\u00fc devreye al\u0131n\u0131rken, k\u00fcresel \u00f6l\u00e7ekte g\u00fcne\u015f elektri\u011fi kurulu g\u00fcc\u00fc 2013 sonu itibari ile 136,697 MW seviyesine ula\u015ft\u0131.<a href=\"https:\/\/www.enerjigazetesi.ist\/wp-content\/uploads\/2014\/04\/dunyanin-gunes-elektrigi-gucu-2013te-yuzde-35-yukseldi.jpg\"><img loading=\"lazy\" class=\"alignright size-medium wp-image-25614\" title=\"dunyanin-gunes-elektrigi-gucu-2013te-yuzde-35-yukseldi\" src=\"https:\/\/www.enerjigazetesi.ist\/wp-content\/uploads\/2014\/04\/dunyanin-gunes-elektrigi-gucu-2013te-yuzde-35-yukseldi-300x200.jpg\" alt=\"\" width=\"300\" height=\"200\" srcset=\"https:\/\/www.enerjigazetesi.ist\/wp-content\/uploads\/2014\/04\/dunyanin-gunes-elektrigi-gucu-2013te-yuzde-35-yukseldi-300x200.jpg 300w, https:\/\/www.enerjigazetesi.ist\/wp-content\/uploads\/2014\/04\/dunyanin-gunes-elektrigi-gucu-2013te-yuzde-35-yukseldi-74x50.jpg 74w, https:\/\/www.enerjigazetesi.ist\/wp-content\/uploads\/2014\/04\/dunyanin-gunes-elektrigi-gucu-2013te-yuzde-35-yukseldi.jpg 374w\" sizes=\"(max-width: 300px) 100vw, 300px\" \/><\/a><\/strong><\/p>\n<p>EPIA verilerine g\u00f6re 2013 y\u0131l\u0131ndaki b\u00fcy\u00fcme bir \u00f6nceki y\u0131la g\u00f6re y\u00fczde 35 d\u00fczeyinde art\u0131\u015f g\u00f6stermi\u015f durumda. Ayn\u0131 verilerine g\u00f6re 10 y\u0131l \u00f6nce sekt\u00f6rdeki y\u0131ll\u0131k b\u00fcy\u00fcme 1,088 MW olarak ger\u00e7ekle\u015fmi\u015f ve 2004 sonu ile bu g\u00fcc\u00fcn 3,700 MW seviyesine ula\u015fmas\u0131n\u0131 sa\u011flam\u0131\u015ft\u0131.<\/p>\n<p>\u00c7al\u0131\u015fman\u0131n sonu\u00e7lar\u0131na g\u00f6re \u00fclkelerin yenilenebilir enerji alan\u0131nda uygulad\u0131klar\u0131 te\u015fvik politikalar\u0131 ise sekt\u00f6rde ger\u00e7ekle\u015fen b\u00fcy\u00fcme ve daralmalar \u00fczerinde \u00f6nemli oranda etkili olmaya devam ediyor.<\/p>\n<p>Zira Almanya, \u0130talya, Bel\u00e7ika, Fransa ve \u0130spanya gibi yenilenebilir enerji yat\u0131r\u0131mlar\u0131na sa\u011flanan te\u015fviklerin d\u00fc\u015f\u00fcr\u00fcld\u00fc\u011f\u00fc \u00fclkelerde sert d\u00fc\u015f\u00fc\u015fler ya\u015fanm\u0131\u015f durumda. Avrupa&#8217;n\u0131n bu en b\u00fcy\u00fck g\u00fcne\u015f enerjisi pazarlar\u0131nda de\u011fi\u015fen politikalar 2011 y\u0131l\u0131nda 22.4 GW, 2012&#8217;de 17.6 GW b\u00fcy\u00fcmenin g\u00f6r\u00fcld\u00fc\u011f\u00fc k\u0131tada, 2013 y\u0131l\u0131nda ger\u00e7ekle\u015fen b\u00fcy\u00fcmenin ise 9,621 MW d\u00fczeyinde kalmas\u0131na neden oldu. Almanya Avrupa k\u0131tas\u0131ndaki liderli\u011fini korusa da 2012&#8217;de g\u00fcne\u015f elektri\u011fi kurulu g\u00fcc\u00fcn\u00fcn 7.6 GW artt\u0131\u011f\u0131 \u00fclkede, ayn\u0131 art\u0131\u015f 2013 y\u0131l\u0131nda ise 3.3 GW&#8217;a geriledi.<\/p>\n<p><strong>Haberin <a href=\"http:\/\/www.yesilekonomi.com\/yenilenebilir-enerji\/dunyanin-gunes-elektrigi-gucu-2013te-yuzde-35-yukseldi\" target=\"_blank\">Devam\u0131 \u0130\u00e7in TIKLAYIN&gt;&gt;<\/a><\/strong><\/p>\n<p>Kaynak: Ye\u015fil Ekonomi<\/p>","protected":false},"excerpt":{"rendered":"<p>Sorry, this entry is only available in Turkish. For the sake of viewer convenience, the content is shown below in the alternative language. You may click the link to switch the active language.Avrupa Fotovoltaik Sanayisi Birli\u011fi (EPIA) k\u00fcresel g\u00fcne\u015f elektri\u011fi sekt\u00f6r\u00fcn\u00fcn 2013 y\u0131l\u0131ndaki durumuna ili\u015fkin \u00e7al\u0131\u015fmas\u0131n\u0131 yay\u0131nlad\u0131. Kurulu\u015fun 2013 y\u0131l\u0131na dair \u00e7al\u0131\u015fmas\u0131ndaki verilere g\u00f6re ge\u00e7en [&hellip;]<\/p>\n","protected":false},"author":1,"featured_media":25614,"comment_status":"open","ping_status":"open","sticky":false,"template":"","format":"standard","meta":[],"categories":[53,49],"tags":[929,1964,2424,6687,63,67,1009,165,2425,1346,227,1169,8724,13,4353,7853,105],"views":687,"_links":{"self":[{"href":"https:\/\/www.enerjigazetesi.ist\/en\/wp-json\/wp\/v2\/posts\/25613"}],"collection":[{"href":"https:\/\/www.enerjigazetesi.ist\/en\/wp-json\/wp\/v2\/posts"}],"about":[{"href":"https:\/\/www.enerjigazetesi.ist\/en\/wp-json\/wp\/v2\/types\/post"}],"author":[{"embeddable":true,"href":"https:\/\/www.enerjigazetesi.ist\/en\/wp-json\/wp\/v2\/users\/1"}],"replies":[{"embeddable":true,"href":"https:\/\/www.enerjigazetesi.ist\/en\/wp-json\/wp\/v2\/comments?post=25613"}],"version-history":[{"count":1,"href":"https:\/\/www.enerjigazetesi.ist\/en\/wp-json\/wp\/v2\/posts\/25613\/revisions"}],"predecessor-version":[{"id":25615,"href":"https:\/\/www.enerjigazetesi.ist\/en\/wp-json\/wp\/v2\/posts\/25613\/revisions\/25615"}],"wp:featuredmedia":[{"embeddable":true,"href":"https:\/\/www.enerjigazetesi.ist\/en\/wp-json\/wp\/v2\/media\/25614"}],"wp:attachment":[{"href":"https:\/\/www.enerjigazetesi.ist\/en\/wp-json\/wp\/v2\/media?parent=25613"}],"wp:term":[{"taxonomy":"category","embeddable":true,"href":"https:\/\/www.enerjigazetesi.ist\/en\/wp-json\/wp\/v2\/categories?post=25613"},{"taxonomy":"post_tag","embeddable":true,"href":"https:\/\/www.enerjigazetesi.ist\/en\/wp-json\/wp\/v2\/tags?post=25613"}],"curies":[{"name":"wp","href":"https:\/\/api.w.org\/{rel}","templated":true}]}}