{"id":25563,"date":"2014-04-21T11:28:03","date_gmt":"2014-04-21T08:28:03","guid":{"rendered":"https:\/\/www.enerjigazetesi.ist\/?p=25563"},"modified":"2014-04-21T11:28:03","modified_gmt":"2014-04-21T08:28:03","slug":"ey-hakkari-enerji-uretmeye-var-misin-projesi-2-inci-toplantisi-yapildi","status":"publish","type":"post","link":"https:\/\/www.enerjigazetesi.ist\/en\/ey-hakkari-enerji-uretmeye-var-misin-projesi-2-inci-toplantisi-yapildi\/","title":{"rendered":"(Turkish) Ey Hakk\u00e2ri Enerji \u00dcretmeye Var M\u0131s\u0131n? Projesi 2. Toplant\u0131s\u0131 Yap\u0131ld\u0131&#8230;"},"content":{"rendered":"<p class=\"qtranxs-available-languages-message qtranxs-available-languages-message-en\">Sorry, this entry is only available in <a href=\"https:\/\/www.enerjigazetesi.ist\/tr\/wp-json\/wp\/v2\/posts\/25563\" class=\"qtranxs-available-language-link qtranxs-available-language-link-tr\" title=\"Turkish\">Turkish<\/a>. For the sake of viewer convenience, the content is shown below in the alternative language. You may click the link to switch the active language.<\/p><p><strong>Kalk\u0131nma Bakanl\u0131\u011f\u0131 taraf\u0131ndan Sosyal Destek Program\u0131 ( SODES ) kapsam\u0131nda finanse edilen Hakk\u00e2ri Valili\u011fi koordinasyonunda Hakkari \u00dcniversitesi<\/strong> <strong>taraf\u0131ndan y\u00fcr\u00fct\u00fclen\u00a0 &#8220;Ey Hakk\u00e2ri Enerji \u00dcretmeye Var M\u0131s\u0131n?&#8221; projesinin 2. E\u011fitim ve bilgilendirme toplant\u0131s\u0131 yap\u0131ld\u0131&#8230;<\/strong><\/p>\n<p>Hakkari \u00dcniversitesi \u00c7\u00f6lemerik Meslek Y\u00fcksekokulu konferans salonunda ger\u00e7ekle\u015ftirilen toplant\u0131ya VEDA\u015e Hakkari \u0130l M\u00fcd\u00fcr\u00fc \u0130brahim Halil A\u011eACANO\u011eLU, Elektrik M\u00fchendisleri Odas\u0131 \u0130l Temsilcisi Adem \u00c7ATAL, \u00dcniversitemiz \u00d6\u011fretim \u00dcyesi Yrd. Do\u00e7. Dr. Onur NANE, Proje Koordinat\u00f6r\u00fc \u00dcniversitemiz \u00d6\u011fretim G\u00f6revlisi Er\u015fan \u00d6mer Y\u00dcZER ile kursiyerler kat\u0131ld\u0131.<\/p>\n<p>Toplant\u0131n\u0131n a\u00e7\u0131l\u0131\u015f konu\u015fmas\u0131n\u0131 yapan proje koordinat\u00f6r\u00fc \u00dcniversitemiz \u00d6\u011fretim G\u00f6revlisi Er\u015fan \u00d6mer Y\u00dcZER; Elektrik Santrallerinin T\u00fcrkiye ve Hakk\u00e2ri\u2019 deki <a href=\"https:\/\/www.enerjigazetesi.ist\/wp-content\/uploads\/2014\/04\/ey-hakkari-enerji-uretmeye-var-misin-projesi-2-inci-toplantisi-yapildi.jpg\"><img loading=\"lazy\" class=\"alignleft size-medium wp-image-25564\" title=\"ey-hakkari-enerji-uretmeye-var-misin-projesi-2-inci-toplantisi-yapildi\" src=\"https:\/\/www.enerjigazetesi.ist\/wp-content\/uploads\/2014\/04\/ey-hakkari-enerji-uretmeye-var-misin-projesi-2-inci-toplantisi-yapildi-300x206.jpg\" alt=\"\" width=\"300\" height=\"206\" srcset=\"https:\/\/www.enerjigazetesi.ist\/wp-content\/uploads\/2014\/04\/ey-hakkari-enerji-uretmeye-var-misin-projesi-2-inci-toplantisi-yapildi-300x206.jpg 300w, https:\/\/www.enerjigazetesi.ist\/wp-content\/uploads\/2014\/04\/ey-hakkari-enerji-uretmeye-var-misin-projesi-2-inci-toplantisi-yapildi-500x344.jpg 500w, https:\/\/www.enerjigazetesi.ist\/wp-content\/uploads\/2014\/04\/ey-hakkari-enerji-uretmeye-var-misin-projesi-2-inci-toplantisi-yapildi-72x50.jpg 72w, https:\/\/www.enerjigazetesi.ist\/wp-content\/uploads\/2014\/04\/ey-hakkari-enerji-uretmeye-var-misin-projesi-2-inci-toplantisi-yapildi.jpg 600w\" sizes=\"(max-width: 300px) 100vw, 300px\" \/><\/a>yeri ve enerji \u00fcretimine katk\u0131s\u0131 ile ilgili sunum yapt\u0131. Projemizle Hakk\u00e2ri ili ve \u00e7evresinde bulunan akarsulardaki zengin enerji potansiyelinin de\u011ferlendirilerek enerji \u00fcretilmesini sa\u011flamak ve \u00fclkemizin enerji alan\u0131nda d\u0131\u015fa ba\u011f\u0131ml\u0131l\u0131\u011f\u0131n\u0131 azaltarak \u00fclke b\u00fct\u00e7esine katk\u0131da bulunmay\u0131 ama\u00e7lad\u0131klar\u0131n\u0131 ifade eden Y\u00dcZER, Zap Suyu \u00fczerinde yap\u0131lacak Hakk\u00e2ri Baraj\u0131 ve HES projesi i\u00e7in y\u0131ll\u0131k 625 milyon kilovat saat elektrik \u00fcretimi hedeflendi\u011fini s\u00f6yledi. Bu projelerin yap\u0131m\u0131 a\u015famas\u0131nda b\u00f6lge halk\u0131n\u0131n istihdam edilmesiyle de Hakk\u00e2ri ilindeki i\u015fsizlik sorununa da \u00e7\u00f6z\u00fcm bulunmu\u015f olunacakt\u0131r diye belirtti. \u00a0B\u00fct\u00fcn projelerin tamamlanmas\u0131yla elde edilecek enerji miktar\u0131 T\u00fcrkiye\u00b4nin \u015fu anda HES\u2019 lerden \u00fcretti\u011fi enerjinin d\u00f6rtte birine denk gelmekte olup bu enerjinin b\u00fcy\u00fck bir \u00e7o\u011funlu\u011fu da Zap suyu ve yan kollar\u0131 \u00fczerine kurulacak santrallerden kar\u015f\u0131lanacakt\u0131r dedi.<\/p>\n<p>Bilgilendirme toplant\u0131s\u0131nda; VEDA\u015e Hakk\u00e2ri \u0130l M\u00fcd\u00fcr\u00fc \u0130brahim Halil A\u011eACANO\u011eLU ise, b\u00f6lgedeki elektrik iletim ve da\u011f\u0131t\u0131m hatlar\u0131 ile ilgili konularda bilgi verdi. Elektrik M\u00fchendisleri Odas\u0131 \u0130l Temsilcisi Adem \u00c7ATAL; Hakk\u00e2ri\u2019 deki Enerji Sorunlar\u0131 ve elektrik kesintilerine dikkat \u00e7ekti. \u00dcniversitemiz \u00d6\u011fretim \u00dcyesi Yrd. Do\u00e7. Dr. Onur NANE ise; S\u00fcper iletkenlerin alternatif enerjideki yeri hakk\u0131nda sunum yaparak, s\u00fcper iletkenler ile enerji kay\u0131plar\u0131n\u0131n daha az olaca\u011f\u0131n\u0131 ve s\u00fcper iletken teknolojinin geli\u015fmesiyle iletim hatlar\u0131nda kullan\u0131m\u0131n\u0131n gelecekteki \u00f6nemi \u00fczerinde durdu.<\/p>\n<p>\u201cEy Hakk\u00e2ri Enerji \u00dcretmeye Var M\u0131s\u0131n?\u201d projesi e\u011fitim ve bilgilendirme toplant\u0131s\u0131 \u00c7\u00f6lemerik Meslek Y\u00fcksekokulunda verilen kokteyl ile son buldu.<\/p>\n<p>Yay\u0131nc\u0131: <a href=\"https:\/\/www.enerjigazetesi.ist\" target=\"_blank\">Enerji Gazetesi<\/a><\/p>","protected":false},"excerpt":{"rendered":"<p>Sorry, this entry is only available in Turkish. For the sake of viewer convenience, the content is shown below in the alternative language. You may click the link to switch the active language.Kalk\u0131nma Bakanl\u0131\u011f\u0131 taraf\u0131ndan Sosyal Destek Program\u0131 ( SODES ) kapsam\u0131nda finanse edilen Hakk\u00e2ri Valili\u011fi koordinasyonunda Hakkari \u00dcniversitesi taraf\u0131ndan y\u00fcr\u00fct\u00fclen\u00a0 &#8220;Ey Hakk\u00e2ri Enerji \u00dcretmeye [&hellip;]<\/p>\n","protected":false},"author":1,"featured_media":25564,"comment_status":"open","ping_status":"open","sticky":false,"template":"","format":"standard","meta":[],"categories":[51,53,47],"tags":[2495,14386,63,67,1009,14391,18,7104,14392,14390,35370,1090,14389,14388,14387],"views":933,"_links":{"self":[{"href":"https:\/\/www.enerjigazetesi.ist\/en\/wp-json\/wp\/v2\/posts\/25563"}],"collection":[{"href":"https:\/\/www.enerjigazetesi.ist\/en\/wp-json\/wp\/v2\/posts"}],"about":[{"href":"https:\/\/www.enerjigazetesi.ist\/en\/wp-json\/wp\/v2\/types\/post"}],"author":[{"embeddable":true,"href":"https:\/\/www.enerjigazetesi.ist\/en\/wp-json\/wp\/v2\/users\/1"}],"replies":[{"embeddable":true,"href":"https:\/\/www.enerjigazetesi.ist\/en\/wp-json\/wp\/v2\/comments?post=25563"}],"version-history":[{"count":1,"href":"https:\/\/www.enerjigazetesi.ist\/en\/wp-json\/wp\/v2\/posts\/25563\/revisions"}],"predecessor-version":[{"id":25565,"href":"https:\/\/www.enerjigazetesi.ist\/en\/wp-json\/wp\/v2\/posts\/25563\/revisions\/25565"}],"wp:featuredmedia":[{"embeddable":true,"href":"https:\/\/www.enerjigazetesi.ist\/en\/wp-json\/wp\/v2\/media\/25564"}],"wp:attachment":[{"href":"https:\/\/www.enerjigazetesi.ist\/en\/wp-json\/wp\/v2\/media?parent=25563"}],"wp:term":[{"taxonomy":"category","embeddable":true,"href":"https:\/\/www.enerjigazetesi.ist\/en\/wp-json\/wp\/v2\/categories?post=25563"},{"taxonomy":"post_tag","embeddable":true,"href":"https:\/\/www.enerjigazetesi.ist\/en\/wp-json\/wp\/v2\/tags?post=25563"}],"curies":[{"name":"wp","href":"https:\/\/api.w.org\/{rel}","templated":true}]}}