{"id":25440,"date":"2014-04-17T12:17:52","date_gmt":"2014-04-17T09:17:52","guid":{"rendered":"https:\/\/www.enerjigazetesi.ist\/?p=25440"},"modified":"2014-04-17T12:17:52","modified_gmt":"2014-04-17T09:17:52","slug":"enerji-verimliligi-derneginden-onemli-uyarilar","status":"publish","type":"post","link":"https:\/\/www.enerjigazetesi.ist\/en\/enerji-verimliligi-derneginden-onemli-uyarilar\/","title":{"rendered":"(Turkish) Enerji Verimlili\u011fi Derne\u011fi&#8217;nden \u00d6nemli Uyar\u0131lar&#8230;"},"content":{"rendered":"<p class=\"qtranxs-available-languages-message qtranxs-available-languages-message-en\">Sorry, this entry is only available in <a href=\"https:\/\/www.enerjigazetesi.ist\/tr\/wp-json\/wp\/v2\/posts\/25440\" class=\"qtranxs-available-language-link qtranxs-available-language-link-tr\" title=\"Turkish\">Turkish<\/a>. For the sake of viewer convenience, the content is shown below in the alternative language. You may click the link to switch the active language.<\/p><p><strong>ENERJ\u0130 Verimlili\u011fi Derne\u011fi\u2019nin Gebze\u2019de bulunan Kocaeli \u015eubesi\u2019nde d\u00fczenlenen toplant\u0131da yap\u0131lan konu\u015fmalarda, devletin enerji i\u00e7in her y\u0131l 5 milyar dolarl\u0131k yat\u0131r\u0131m yapmas\u0131 gerekti\u011fi belirtilirken, mevcut enerjinin de do\u011fru kullan\u0131lmas\u0131 gerekti\u011fini hat\u0131rlat\u0131ld\u0131. Derne\u011fin ge\u00e7en y\u0131l 21 ilde 34 bin kad\u0131na ula\u015farak enerji tasarrufu konusunda bilgilendirildi\u011fi, y\u00fczde 90 ba\u015far\u0131 sa\u011flanan bu g\u00f6r\u00fc\u015fmeler sayesinde de yakla\u015f\u0131k 4 milyar liral\u0131k enerji tasarrufu sa\u011fland\u0131\u011f\u0131 belirtildi.<\/strong><\/p>\n<p>Enerji&#8217;nin etkin ve verimli kullan\u0131lmas\u0131 i\u00e7in fark\u0131ndal\u0131k olu\u015fturmak ve verimlili\u011fi artt\u0131rmak amac\u0131yla 2008 y\u0131l\u0131nda kurulan Enerji Verimlili\u011fi Derne\u011fi&#8217;nin Kocaeli \u015eubesi&#8217;nde, bunadikkat \u00e7ekmeki\u00e7in s\u0131k s\u0131k etkinlikler d\u00fczenleniyor. Ge\u00e7ti\u011fimiz aylarda yine Gebze&#8217;de Enerji ve Tabii Kaynaklar Bakan\u0131 Taner y\u0131ld\u0131z ile enerji sekt\u00f6r\u00fc temsilcilerinin de kat\u0131l\u0131m\u0131yla b\u00fcy\u00fck \u00e7apl\u0131 bir etkinlik d\u00fczenleyen dernek, bug\u00fcn d\u00fczenledi\u011fi toplant\u0131d<a href=\"https:\/\/www.enerjigazetesi.ist\/wp-content\/uploads\/2014\/04\/enerji-verimliligi-derneginden-onemli-uyarilar.jpg\"><img loading=\"lazy\" class=\"alignleft size-medium wp-image-25441\" title=\"enerji-verimliligi-derneginden-onemli-uyarilar\" src=\"https:\/\/www.enerjigazetesi.ist\/wp-content\/uploads\/2014\/04\/enerji-verimliligi-derneginden-onemli-uyarilar-300x218.jpg\" alt=\"\" width=\"300\" height=\"218\" srcset=\"https:\/\/www.enerjigazetesi.ist\/wp-content\/uploads\/2014\/04\/enerji-verimliligi-derneginden-onemli-uyarilar-300x218.jpg 300w, https:\/\/www.enerjigazetesi.ist\/wp-content\/uploads\/2014\/04\/enerji-verimliligi-derneginden-onemli-uyarilar-68x50.jpg 68w, https:\/\/www.enerjigazetesi.ist\/wp-content\/uploads\/2014\/04\/enerji-verimliligi-derneginden-onemli-uyarilar.jpg 484w\" sizes=\"(max-width: 300px) 100vw, 300px\" \/><\/a>a da mesajlar verdi.<\/p>\n<p>D\u00fcnyada 900 milyon insan\u0131n a\u00e7l\u0131k s\u0131n\u0131r\u0131nda ya\u015fad\u0131\u011f\u0131, 1.5 milyar insan\u0131n suya ula\u015fmakta zorland\u0131\u011f\u0131nadikkat \u00e7ekilentoplant\u0131da, bu nedenlerle enerjiyi ekonomik kullanman\u0131n \u00e7ok \u00f6nemli oldu\u011funu belirtildi.<\/p>\n<p>Enerji Verimlili\u011fi Derne\u011fi Kocaeli \u015eube Ba\u015fkan\u0131 Ali Fuat Ey\u00fcbo\u011flu yapt\u0131\u011f\u0131 konu\u015fmada,\u015fube olarak T\u00fcrkiye\u2019de enerjiyi daha verimli ve daha etkin kullan\u0131lmas\u0131 amac\u0131yla ba\u015flat\u0131lan \u00e7al\u0131\u015fmalar\u0131 s\u00fcrd\u00fcrd\u00fcklerini, halka enerji tasarrufu bilincini daha da s\u00fcrd\u00fcr\u00fclebilir bir hale gelmesi i\u00e7in \u00e7aba sarf ettiklerini anlatt\u0131.<\/p>\n<p>\u0130hsan Sabri \u00d6ks\u00fcz de yapt\u0131\u011f\u0131 konu\u015fmada, enerji veremlili\u011finin \u00f6nemini ve verimli kullan\u0131lmas\u0131n\u0131 anlatmak amac\u0131yla yurt i\u00e7inde ge\u00e7en y\u0131l 21 ilde 34 bin kad\u0131nla g\u00f6r\u00fc\u015f\u00fcl\u00fcp bilgi aktar\u0131ld\u0131\u011f\u0131n\u0131, enerji tasarrufu hakk\u0131nda y\u00fczde 90\u2019n\u0131n \u00fczerinde ba\u015far\u0131ya ula\u015ft\u0131klar\u0131n\u0131 vurgulayarak \u015f\u00f6yle devam etti:<\/p>\n<p>&#8220;Bu proje sayesinde aileler y\u0131lda 1 \u00e7eyrek alt\u0131n b\u00fct\u00e7eye katk\u0131 sa\u011flam\u0131\u015f oldular. Bu T\u00fcrkiye\u2019de 4 milyar liral\u0131k enerji tasarrufu demek. Bu \u00e7ok \u00f6nemli bir tasarruf, \u00e7\u00fcnk\u00fc enerjinin y\u00fczde 28\u2019ni kendimiz \u00fcretiyoruz, geri kalan\u0131n\u0131 d\u0131\u015far\u0131dan ithal ederek 60 milyar dolar para \u00f6d\u00fcyoruz. Biz dernek olarak bunun azalt\u0131lmas\u0131 yoluna gidiyoruz. Devletin enerji i\u00e7in her y\u0131l 5 milyar dolar yat\u0131r\u0131m yapmas\u0131 gerekiyor.\u00c7ocuklar\u0131m\u0131zatemiz ve iyi bir \u00e7evre b\u0131rakmam\u0131z i\u00e7in enerjiyi do\u011fru kullanmam\u0131z laz\u0131m. Dernek olarak bu bilinci yerle\u015ftirmeye \u00e7al\u0131\u015f\u0131yoruz. Okullarda \u2018Enerji \u00e7ocuk Projesi\u2019, \u2018Sanayide Enerji verimlili\u011fi Projesi\u2019 gibi projeler geli\u015ftirdik. Okullarda Enerji verimlili\u011fi Kul\u00fcb\u00fc kurularak enerji tasarrufu hakk\u0131nda \u00e7al\u0131\u015fmalar yap\u0131lacak ayr\u0131ca sanayici a\u00e7\u0131s\u0131ndan da \u00f6nemli bir projesi haz\u0131rlad\u0131k. Enerji tasarrufu yapan firmalar 5. B\u00f6lge Te\u015fvik kapsam\u0131na al\u0131nacak.\u201d<\/p>\n<p>Toplant\u0131 derne\u011fe yeni kat\u0131lanlara rozetlerinin tak\u0131lmas\u0131yla son buldu.<\/p>\n<p>Kaynak: <a href=\"http:\/\/haberciniz.biz\/enerji-verimliligi-derneginden-onemli-uyarilar-2785218h.htm\" target=\"_blank\">Haberciniz<\/a><\/p>","protected":false},"excerpt":{"rendered":"<p>Sorry, this entry is only available in Turkish. For the sake of viewer convenience, the content is shown below in the alternative language. You may click the link to switch the active language.ENERJ\u0130 Verimlili\u011fi Derne\u011fi\u2019nin Gebze\u2019de bulunan Kocaeli \u015eubesi\u2019nde d\u00fczenlenen toplant\u0131da yap\u0131lan konu\u015fmalarda, devletin enerji i\u00e7in her y\u0131l 5 milyar dolarl\u0131k yat\u0131r\u0131m yapmas\u0131 gerekti\u011fi belirtilirken, [&hellip;]<\/p>\n","protected":false},"author":1,"featured_media":25441,"comment_status":"open","ping_status":"open","sticky":false,"template":"","format":"standard","meta":[],"categories":[53,52],"tags":[14331,63,12202,67,1009,165,103,12,1525,14330,14329,14332,793],"views":977,"_links":{"self":[{"href":"https:\/\/www.enerjigazetesi.ist\/en\/wp-json\/wp\/v2\/posts\/25440"}],"collection":[{"href":"https:\/\/www.enerjigazetesi.ist\/en\/wp-json\/wp\/v2\/posts"}],"about":[{"href":"https:\/\/www.enerjigazetesi.ist\/en\/wp-json\/wp\/v2\/types\/post"}],"author":[{"embeddable":true,"href":"https:\/\/www.enerjigazetesi.ist\/en\/wp-json\/wp\/v2\/users\/1"}],"replies":[{"embeddable":true,"href":"https:\/\/www.enerjigazetesi.ist\/en\/wp-json\/wp\/v2\/comments?post=25440"}],"version-history":[{"count":1,"href":"https:\/\/www.enerjigazetesi.ist\/en\/wp-json\/wp\/v2\/posts\/25440\/revisions"}],"predecessor-version":[{"id":25442,"href":"https:\/\/www.enerjigazetesi.ist\/en\/wp-json\/wp\/v2\/posts\/25440\/revisions\/25442"}],"wp:featuredmedia":[{"embeddable":true,"href":"https:\/\/www.enerjigazetesi.ist\/en\/wp-json\/wp\/v2\/media\/25441"}],"wp:attachment":[{"href":"https:\/\/www.enerjigazetesi.ist\/en\/wp-json\/wp\/v2\/media?parent=25440"}],"wp:term":[{"taxonomy":"category","embeddable":true,"href":"https:\/\/www.enerjigazetesi.ist\/en\/wp-json\/wp\/v2\/categories?post=25440"},{"taxonomy":"post_tag","embeddable":true,"href":"https:\/\/www.enerjigazetesi.ist\/en\/wp-json\/wp\/v2\/tags?post=25440"}],"curies":[{"name":"wp","href":"https:\/\/api.w.org\/{rel}","templated":true}]}}