{"id":25427,"date":"2014-04-17T11:56:54","date_gmt":"2014-04-17T08:56:54","guid":{"rendered":"https:\/\/www.enerjigazetesi.ist\/?p=25427"},"modified":"2014-04-17T11:57:59","modified_gmt":"2014-04-17T08:57:59","slug":"ukrayna-krizinin-turkiye-rusya-iliskilerini-etkilemeyecegi-kanaatindeyiz","status":"publish","type":"post","link":"https:\/\/www.enerjigazetesi.ist\/en\/ukrayna-krizinin-turkiye-rusya-iliskilerini-etkilemeyecegi-kanaatindeyiz\/","title":{"rendered":"(Turkish) Ukrayna Krizinin T\u00fcrkiye-Rusya \u0130li\u015fkilerini Etkilemeyece\u011fi Kanaati&#8230;"},"content":{"rendered":"<p class=\"qtranxs-available-languages-message qtranxs-available-languages-message-en\">Sorry, this entry is only available in <a href=\"https:\/\/www.enerjigazetesi.ist\/tr\/wp-json\/wp\/v2\/posts\/25427\" class=\"qtranxs-available-language-link qtranxs-available-language-link-tr\" title=\"Turkish\">Turkish<\/a>. For the sake of viewer convenience, the content is shown below in the alternative language. You may click the link to switch the active language.<\/p><p><strong>Enerji ve Tabii Kaynaklar Bakan\u0131 Taner Y\u0131ld\u0131z, \u201cBiz Ukrayna krizinin T\u00fcrkiye ile Rusya ili\u015fkilerini etkilemeyece\u011fi kanaatindeyiz\u201d dedi. Enerji ve Tabii Kaynaklar Bakan\u0131 Taner Y\u0131ld\u0131z, yap\u0131lan milletvekilleri ile isti\u015fare toplant\u0131s\u0131na geli\u015finde bas\u0131n mensuplar\u0131n\u0131n sorular\u0131n\u0131 yan\u0131tlad\u0131.<\/strong><\/p>\n<p>Bir gazetecinin Gazprom Y\u00f6netim Kurulu Ba\u015fkan Yard\u0131mc\u0131s\u0131 Alexander Medvedev\u2019in T\u00fcrkiye\u2019ye gelece\u011fi y\u00f6n\u00fcndeki haberleri sormas\u0131 \u00fczerine Y\u0131ld\u0131z, ziyaretin ileriki g\u00fcnle<a href=\"https:\/\/www.enerjigazetesi.ist\/wp-content\/uploads\/2014\/04\/ukrayna-krizinin-turkiye-rusya-iliskilerini-etkilemeyecegi-kanaatindeyiz.jpg\"><img loading=\"lazy\" class=\"alignleft size-medium wp-image-25428\" title=\"ukrayna-krizinin-turkiye-rusya-iliskilerini-etkilemeyecegi-kanaatindeyiz\" src=\"https:\/\/www.enerjigazetesi.ist\/wp-content\/uploads\/2014\/04\/ukrayna-krizinin-turkiye-rusya-iliskilerini-etkilemeyecegi-kanaatindeyiz-300x221.jpg\" alt=\"\" width=\"300\" height=\"221\" srcset=\"https:\/\/www.enerjigazetesi.ist\/wp-content\/uploads\/2014\/04\/ukrayna-krizinin-turkiye-rusya-iliskilerini-etkilemeyecegi-kanaatindeyiz-300x221.jpg 300w, https:\/\/www.enerjigazetesi.ist\/wp-content\/uploads\/2014\/04\/ukrayna-krizinin-turkiye-rusya-iliskilerini-etkilemeyecegi-kanaatindeyiz-67x50.jpg 67w, https:\/\/www.enerjigazetesi.ist\/wp-content\/uploads\/2014\/04\/ukrayna-krizinin-turkiye-rusya-iliskilerini-etkilemeyecegi-kanaatindeyiz.jpg 456w\" sizes=\"(max-width: 300px) 100vw, 300px\" \/><\/a>rde ger\u00e7ekle\u015febilece\u011fini s\u00f6yledi.<\/p>\n<p>Y\u0131ld\u0131z, s\u00f6z konusu ziyarette Ukrayna\u2019da ya\u015fananlar\u0131n gerek AB \u00fclkeleri gerekse de T\u00fcrkiye\u2019yi nas\u0131l etkileyebilece\u011finin de\u011ferlendirilece\u011fini dile getirerek, g\u00f6r\u00fc\u015fmenin a\u011f\u0131rl\u0131kl\u0131 olarak teknik d\u00fczeyde ger\u00e7ekle\u015fece\u011fini kaydetti.<\/p>\n<p>\u201cBiz Ukrayna krizinin T\u00fcrkiye ile Rusya ili\u015fkilerini etkilemeyece\u011fi kanaatindeyiz\u201d diyen Y\u0131ld\u0131z, Rusya ile son derece stratejik bir i\u015fbirli\u011fine sahip olduklar\u0131n\u0131 bu y\u00fczden de ili\u015fkilerin etkilenmeyece\u011fini s\u00f6yledi.<\/p>\n<p>Gazprom Y\u00f6neticisinin ziyaretinde Gazprom\u2019un b\u00f6lgeye ili\u015fkin stratejinin de g\u00f6r\u00fc\u015f\u00fclece\u011fini dile getiren Y\u0131ld\u0131z, G\u00fcney Ak\u0131m Boru Hatt\u0131 ile ilgili, \u015fu bilgileri verdi:<\/p>\n<p>\u201cT\u00fcrkiye\u2019nin Karadeniz\u2019deki m\u00fcnhas\u0131r ekonomik sahas\u0131yla alakal\u0131 ge\u00e7i\u015f izini daha \u00f6nce verilmi\u015fti. T\u00fcrkiye\u2019nin kara par\u00e7as\u0131yla ilgili de bir talep olursa bunu kendileriyle konu\u015furuz. Bug\u00fcne kadar bununla ilgili bir g\u00fcndem maddesi olu\u015fmad\u0131. Bununla ilgili bir talebin olu\u015fmas\u0131 konu\u015fuluyor. Talep olursa tekrar de\u011ferlendirece\u011fiz.\u201d<\/p>\n<p>Kaynak: <a href=\"http:\/\/turkish.ruvr.ru\/news\/2014_04_16\/Ukrayna-krizi-Turkiye-Rusya-ilishkilerini-etkilemez\/\" target=\"_blank\">Rusya&#8217;n\u0131n Sesi<\/a><\/p>","protected":false},"excerpt":{"rendered":"<p>Sorry, this entry is only available in Turkish. For the sake of viewer convenience, the content is shown below in the alternative language. You may click the link to switch the active language.Enerji ve Tabii Kaynaklar Bakan\u0131 Taner Y\u0131ld\u0131z, \u201cBiz Ukrayna krizinin T\u00fcrkiye ile Rusya ili\u015fkilerini etkilemeyece\u011fi kanaatindeyiz\u201d dedi. Enerji ve Tabii Kaynaklar Bakan\u0131 Taner [&hellip;]<\/p>\n","protected":false},"author":1,"featured_media":25428,"comment_status":"open","ping_status":"open","sticky":false,"template":"","format":"standard","meta":[],"categories":[46,53],"tags":[710,63,67,1009,165,1277,667,14326,2584],"views":575,"_links":{"self":[{"href":"https:\/\/www.enerjigazetesi.ist\/en\/wp-json\/wp\/v2\/posts\/25427"}],"collection":[{"href":"https:\/\/www.enerjigazetesi.ist\/en\/wp-json\/wp\/v2\/posts"}],"about":[{"href":"https:\/\/www.enerjigazetesi.ist\/en\/wp-json\/wp\/v2\/types\/post"}],"author":[{"embeddable":true,"href":"https:\/\/www.enerjigazetesi.ist\/en\/wp-json\/wp\/v2\/users\/1"}],"replies":[{"embeddable":true,"href":"https:\/\/www.enerjigazetesi.ist\/en\/wp-json\/wp\/v2\/comments?post=25427"}],"version-history":[{"count":6,"href":"https:\/\/www.enerjigazetesi.ist\/en\/wp-json\/wp\/v2\/posts\/25427\/revisions"}],"predecessor-version":[{"id":25434,"href":"https:\/\/www.enerjigazetesi.ist\/en\/wp-json\/wp\/v2\/posts\/25427\/revisions\/25434"}],"wp:featuredmedia":[{"embeddable":true,"href":"https:\/\/www.enerjigazetesi.ist\/en\/wp-json\/wp\/v2\/media\/25428"}],"wp:attachment":[{"href":"https:\/\/www.enerjigazetesi.ist\/en\/wp-json\/wp\/v2\/media?parent=25427"}],"wp:term":[{"taxonomy":"category","embeddable":true,"href":"https:\/\/www.enerjigazetesi.ist\/en\/wp-json\/wp\/v2\/categories?post=25427"},{"taxonomy":"post_tag","embeddable":true,"href":"https:\/\/www.enerjigazetesi.ist\/en\/wp-json\/wp\/v2\/tags?post=25427"}],"curies":[{"name":"wp","href":"https:\/\/api.w.org\/{rel}","templated":true}]}}