{"id":25404,"date":"2014-04-16T15:19:16","date_gmt":"2014-04-16T12:19:16","guid":{"rendered":"https:\/\/www.enerjigazetesi.ist\/?p=25404"},"modified":"2014-04-16T15:28:41","modified_gmt":"2014-04-16T12:28:41","slug":"kuresel-elektrik-uretiminde-yenilenebilir-kaynaklarin-payi-yuzde-8-5","status":"publish","type":"post","link":"https:\/\/www.enerjigazetesi.ist\/en\/kuresel-elektrik-uretiminde-yenilenebilir-kaynaklarin-payi-yuzde-8-5\/","title":{"rendered":"(Turkish) K\u00fcresel Elektrik \u00dcretiminde Yenilenebilir Kaynaklar\u0131n Pay\u0131 Y\u00fczde 8.5&#8230;"},"content":{"rendered":"<p class=\"qtranxs-available-languages-message qtranxs-available-languages-message-en\">Sorry, this entry is only available in <a href=\"https:\/\/www.enerjigazetesi.ist\/tr\/wp-json\/wp\/v2\/posts\/25404\" class=\"qtranxs-available-language-link qtranxs-available-language-link-tr\" title=\"Turkish\">Turkish<\/a>. For the sake of viewer convenience, the content is shown below in the alternative language. You may click the link to switch the active language.<\/p><p><strong>2013 y\u0131l\u0131nda t\u00fcm d\u00fcnyada yenilenebilir enerji alan\u0131nda 214 milyar dolarl\u0131k\u00a0 yat\u0131r\u0131m ger\u00e7ekle\u015fti\u011fi bildirildi. Bu yat\u0131r\u0131mlar sayesinde 2012 y\u0131l\u0131nda devreye\u00a0 al\u0131nan kurulu g\u00fcc\u00fcn, b\u00fcy\u00fck \u00f6l\u00e7ekli hidroelektrik santraller hari\u00e7 olmak \u00fczere,\u00a0 y\u00fczde 43.6&#8217;s\u0131 yenilenebilir enerji kaynakl\u0131 elektrik \u00fcretim tesisleri kaynakl\u0131\u00a0 oldu. Bu durum d\u00fcnya elektrik \u00fcretim kapasitesinde yenilenebilir enerjilerin\u00a0 2012&#8217;de y\u00fczde 7.8 olan pay\u0131n\u0131n 2013 y\u0131l\u0131nda y\u00fczde 8.5&#8217;e y\u00fckselmesini sa\u011flad\u0131.<a href=\"https:\/\/www.enerjigazetesi.ist\/wp-content\/uploads\/2013\/05\/r\u00fczgar-ve-g\u00fcne\u015f-enerjisi-entso.jpg\"><img loading=\"lazy\" class=\"alignright size-medium wp-image-10546\" title=\"g\u00fcne\u015f-ve-r\u00fczgar-enerjisi\" src=\"https:\/\/www.enerjigazetesi.ist\/wp-content\/uploads\/2013\/05\/r\u00fczgar-ve-g\u00fcne\u015f-enerjisi-entso-300x185.jpg\" alt=\"\" width=\"300\" height=\"185\" srcset=\"https:\/\/www.enerjigazetesi.ist\/wp-content\/uploads\/2013\/05\/r\u00fczgar-ve-g\u00fcne\u015f-enerjisi-entso-300x185.jpg 300w, https:\/\/www.enerjigazetesi.ist\/wp-content\/uploads\/2013\/05\/r\u00fczgar-ve-g\u00fcne\u015f-enerjisi-entso-80x50.jpg 80w, https:\/\/www.enerjigazetesi.ist\/wp-content\/uploads\/2013\/05\/r\u00fczgar-ve-g\u00fcne\u015f-enerjisi-entso.jpg 476w\" sizes=\"(max-width: 300px) 100vw, 300px\" \/><\/a><\/strong><\/p>\n<p>\u00c7al\u0131\u015fmada payla\u015f\u0131lan verilere g\u00f6re 2013 y\u0131l\u0131nda k\u00fcresel d\u00fczeyde r\u00fczg\u00e2r enerjisi\u00a0 yat\u0131r\u0131mlar\u0131 yaln\u0131zca y\u00fczde 1 oran\u0131nda d\u00fc\u015ferek 80 milyar dolara gerilerken, g\u00fcne\u015f\u00a0 elektri\u011fi alan\u0131ndaki yat\u0131r\u0131mlar\u0131n tutar\u0131 ise y\u00fczde 20&#8217;lik gerileme ile 114\u00a0 milyar dolara geriledi.<\/p>\n<p>2013&#8217;\u00fcn yenilenebilir enerji yat\u0131r\u0131mlar\u0131nda lider \u00fclkesi ise yine \u00c7in oldu.\u00a0 \u00c7in&#8217;de ger\u00e7ekle\u015fen yat\u0131r\u0131mlar bir \u00f6nceki y\u0131la g\u00f6re y\u00fczde 6 gerilese de \u00fclke ilk\u00a0 defa bu alanda Avrupa&#8217;n\u0131n tamam\u0131ndan fazla olmak \u00fczere 56 milyar dolar yat\u0131r\u0131m\u00a0 yapt\u0131. Avrupa&#8217;da ise yat\u0131r\u0131mlar 2012&#8217;ye g\u00f6re y\u00fczde 44 oran\u0131nda gerileyerek 48\u00a0 milyar dolara d\u00fc\u015ft\u00fc. ABD&#8217;de ger\u00e7ekle\u015fen yat\u0131r\u0131mlar ise y\u00fczde 10 gerileme ile 36\u00a0 milyar dolarda kald\u0131.<\/p>\n<p>Japonya&#8217;da ise \u00f6zellikle g\u00fcne\u015f elektri\u011fi yat\u0131r\u0131mlar\u0131 sayesinde toplam\u00a0 yenilenebilir enerji yat\u0131r\u0131m\u0131 y\u00fczde 80 oran\u0131nda y\u00fckselerek, Ar-Ge yat\u0131r\u0131mlar\u0131\u00a0 hari\u00e7 olmak \u00fczere, 29 milyar dolara y\u00fckseldi.<\/p>\n<p>\u00c7al\u0131\u015fmadaki dikkat \u00e7ekici di\u011fer bir noktaya g\u00f6re, yenilenebilir enerji\u00a0 alan\u0131ndaki yat\u0131r\u0131mlarda geli\u015fmi\u015f ve geli\u015fmekte olan \u00fclkeler aras\u0131ndaki fark\u0131n\u00a0 gittik\u00e7e azal\u0131yor olmas\u0131 oldu. 2004 y\u0131l\u0131nda bu \u00fclkeler aras\u0131ndaki yat\u0131r\u0131m fark\u0131\u00a0 4 kat\u0131 bulurken, 2013&#8217;e gelindi\u011finde ise geli\u015fmi\u015f \u00fclkelerde ger\u00e7ekle\u015fen 122\u00a0 milyar dolarl\u0131k yat\u0131r\u0131ma kar\u015f\u0131l\u0131k, geli\u015fmekte olan \u00fclkelerde yenilenebilir\u00a0 enerji alan\u0131nda 93 milyar dolarl\u0131k yat\u0131r\u0131m yap\u0131ld\u0131.<\/p>\n<p><strong>Haberin <a href=\"http:\/\/www.yesilekonomi.com\/yenilenebilir-enerji\/kuresel-elektrik-uretiminde-yenilenebilir-kaynaklarin-payi-yuzde-8.5e-ulasti\" target=\"_blank\">Devam\u0131 \u0130\u00e7in TIKLAYIN&gt;&gt;<\/a><\/strong><\/p>\n<p>Kaynak: Ye\u015fil Ekonomi<\/p>\n<p>&nbsp;<\/p>","protected":false},"excerpt":{"rendered":"<p>Sorry, this entry is only available in Turkish. For the sake of viewer convenience, the content is shown below in the alternative language. You may click the link to switch the active language.2013 y\u0131l\u0131nda t\u00fcm d\u00fcnyada yenilenebilir enerji alan\u0131nda 214 milyar dolarl\u0131k\u00a0 yat\u0131r\u0131m ger\u00e7ekle\u015fti\u011fi bildirildi. Bu yat\u0131r\u0131mlar sayesinde 2012 y\u0131l\u0131nda devreye\u00a0 al\u0131nan kurulu g\u00fcc\u00fcn, b\u00fcy\u00fck [&hellip;]<\/p>\n","protected":false},"author":1,"featured_media":10546,"comment_status":"open","ping_status":"open","sticky":false,"template":"","format":"standard","meta":[],"categories":[53,49,50],"tags":[8184,63,67,1009,165,227,1169,13,69,8326,16,105,1245],"views":491,"_links":{"self":[{"href":"https:\/\/www.enerjigazetesi.ist\/en\/wp-json\/wp\/v2\/posts\/25404"}],"collection":[{"href":"https:\/\/www.enerjigazetesi.ist\/en\/wp-json\/wp\/v2\/posts"}],"about":[{"href":"https:\/\/www.enerjigazetesi.ist\/en\/wp-json\/wp\/v2\/types\/post"}],"author":[{"embeddable":true,"href":"https:\/\/www.enerjigazetesi.ist\/en\/wp-json\/wp\/v2\/users\/1"}],"replies":[{"embeddable":true,"href":"https:\/\/www.enerjigazetesi.ist\/en\/wp-json\/wp\/v2\/comments?post=25404"}],"version-history":[{"count":2,"href":"https:\/\/www.enerjigazetesi.ist\/en\/wp-json\/wp\/v2\/posts\/25404\/revisions"}],"predecessor-version":[{"id":25407,"href":"https:\/\/www.enerjigazetesi.ist\/en\/wp-json\/wp\/v2\/posts\/25404\/revisions\/25407"}],"wp:featuredmedia":[{"embeddable":true,"href":"https:\/\/www.enerjigazetesi.ist\/en\/wp-json\/wp\/v2\/media\/10546"}],"wp:attachment":[{"href":"https:\/\/www.enerjigazetesi.ist\/en\/wp-json\/wp\/v2\/media?parent=25404"}],"wp:term":[{"taxonomy":"category","embeddable":true,"href":"https:\/\/www.enerjigazetesi.ist\/en\/wp-json\/wp\/v2\/categories?post=25404"},{"taxonomy":"post_tag","embeddable":true,"href":"https:\/\/www.enerjigazetesi.ist\/en\/wp-json\/wp\/v2\/tags?post=25404"}],"curies":[{"name":"wp","href":"https:\/\/api.w.org\/{rel}","templated":true}]}}