{"id":25349,"date":"2014-04-15T15:52:13","date_gmt":"2014-04-15T12:52:13","guid":{"rendered":"https:\/\/www.enerjigazetesi.ist\/?p=25349"},"modified":"2014-04-15T15:52:13","modified_gmt":"2014-04-15T12:52:13","slug":"guneste-1-2-milyar-euroluk-yatirimlara-elazig-ve-erzurumdan-baslanacak","status":"publish","type":"post","link":"https:\/\/www.enerjigazetesi.ist\/en\/guneste-1-2-milyar-euroluk-yatirimlara-elazig-ve-erzurumdan-baslanacak\/","title":{"rendered":"(Turkish) G\u00fcne\u015f&#8217;te 1.2 Milyar Euroluk Yat\u0131r\u0131mlara Elaz\u0131\u011f ve Erzurum\u2019dan Ba\u015flanacak!"},"content":{"rendered":"<p class=\"qtranxs-available-languages-message qtranxs-available-languages-message-en\">Sorry, this entry is only available in <a href=\"https:\/\/www.enerjigazetesi.ist\/tr\/wp-json\/wp\/v2\/posts\/25349\" class=\"qtranxs-available-language-link qtranxs-available-language-link-tr\" title=\"Turkish\">Turkish<\/a>. For the sake of viewer convenience, the content is shown below in the alternative language. You may click the link to switch the active language.<\/p><p><strong>Yabanc\u0131lar\u0131n b\u00fcy\u00fck ilgi g\u00f6sterdi\u011fi g\u00fcne\u015f enerjisinde 1.2 milyar euroluk yat\u0131r\u0131ma start verilecek. \u0130lk ad\u0131m Elaz\u0131\u011f ve Erzurum\u2019da at\u0131l\u0131yor. Uzun zamand\u0131r yat\u0131r\u0131mc\u0131n\u0131n s\u0131rada bekledi\u011fi 1.2 milyar euroluk g\u00fcne\u015f enerjisi yat\u0131r\u0131mlar\u0131 i\u00e7in geri say\u0131m ba\u015flad\u0131. Enerji Piyasas\u0131 D\u00fczenleme Kurumu ve Enerji Bakanl\u0131\u011f\u0131 ba\u015fvurular\u0131 inceliyor. Elaz\u0131\u011f ve Erzurum b\u00f6lgeleri i\u00e7in may\u0131sta ihaleye \u00e7\u0131k\u0131lacak. \u00dcretece\u011fi elektrik i\u00e7in d<a href=\"https:\/\/www.enerjigazetesi.ist\/wp-content\/uploads\/2014\/04\/guneste-1-2-milyar-euroluk-yatirimlara-elazig-ve-erzurumdan-baslanacak.jpg\"><img loading=\"lazy\" class=\"alignright size-medium wp-image-25350\" title=\"guneste-1-2-milyar-euroluk-yatirimlara-elazig-ve-erzurumdan-baslanacak\" src=\"https:\/\/www.enerjigazetesi.ist\/wp-content\/uploads\/2014\/04\/guneste-1-2-milyar-euroluk-yatirimlara-elazig-ve-erzurumdan-baslanacak-300x199.jpg\" alt=\"\" width=\"300\" height=\"199\" srcset=\"https:\/\/www.enerjigazetesi.ist\/wp-content\/uploads\/2014\/04\/guneste-1-2-milyar-euroluk-yatirimlara-elazig-ve-erzurumdan-baslanacak-300x199.jpg 300w, https:\/\/www.enerjigazetesi.ist\/wp-content\/uploads\/2014\/04\/guneste-1-2-milyar-euroluk-yatirimlara-elazig-ve-erzurumdan-baslanacak-75x50.jpg 75w, https:\/\/www.enerjigazetesi.ist\/wp-content\/uploads\/2014\/04\/guneste-1-2-milyar-euroluk-yatirimlara-elazig-ve-erzurumdan-baslanacak.jpg 466w\" sizes=\"(max-width: 300px) 100vw, 300px\" \/><\/a>evlete en \u00e7ok para vermeyi taahh\u00fct eden \u015firketler, g\u00fcne\u015f enerjisinden elektrik \u00fcretmeye ba\u015flayacak. B\u00f6ylece g\u00fcne\u015f enerjisinden yerli elektrik \u00fcretimine de ba\u015flanm\u0131\u015f olacak.<\/strong><\/p>\n<h2>15 milyar euroluk talep<\/h2>\n<p>Yenilenebilir Enerji Kanunu\u2019nda T\u00fcrkiye\u2019de 600 megavatl\u0131k g\u00fcne\u015f enerjisi yat\u0131r\u0131mlar i\u00e7in alanlar belirlemi\u015fti. Bu kapasite i\u00e7in 496 \u015firket 15 milyar euroyu bulacak 7 bin 863 megavatl\u0131k yat\u0131r\u0131m talebinde bulunmu\u015ftu. Ancak T\u00fcrkiye Elektrik \u0130letim A.\u015e. ilk etapta sadece 600 megavat\u0131n devlet te\u015fviki kapsam\u0131nda yat\u0131r\u0131ma ba\u015flamas\u0131na onay vermi\u015fti. Bu kapsamda al\u0131nan ba\u015fvurulardan uygun bulunan 258 proje onaylanarak Enerji Bakanl\u0131\u011f\u0131\u2019na g\u00f6nderildi.<\/p>\n<p>\u0130lk ihalelerin ard\u0131ndan y\u0131l sonuna kadar T\u00fcrkiye\u2019de g\u00fcne\u015f enerjisinde t\u00fcm yat\u0131r\u0131m s\u00fcrecinin tamamlanmas\u0131 bekleniyor. Yetkililer, g\u00fcne\u015f enerjisi teknolojilerinin h\u0131zla ilerledi\u011fini belirterek, \u201cG\u00fcne\u015f enerjisi \u00fcretmenin maliyeti h\u0131zla d\u00fc\u015f\u00fcyor. Bu nedenle bakanl\u0131k belli bir kota koydu. Bu yat\u0131r\u0131mlar\u0131n ard\u0131ndan daha b\u00fcy\u00fck ikinci yat\u0131r\u0131mlar g\u00fcndeme gelecek\u201d dedi.<\/p>\n<p>Kaynak: <a href=\"http:\/\/www.sabah.com.tr\/Ekonomi\/2014\/04\/15\/gunese-dev-yatirim\" target=\"_blank\">Sabah<\/a><\/p>","protected":false},"excerpt":{"rendered":"<p>Sorry, this entry is only available in Turkish. For the sake of viewer convenience, the content is shown below in the alternative language. You may click the link to switch the active language.Yabanc\u0131lar\u0131n b\u00fcy\u00fck ilgi g\u00f6sterdi\u011fi g\u00fcne\u015f enerjisinde 1.2 milyar euroluk yat\u0131r\u0131ma start verilecek. \u0130lk ad\u0131m Elaz\u0131\u011f ve Erzurum\u2019da at\u0131l\u0131yor. Uzun zamand\u0131r yat\u0131r\u0131mc\u0131n\u0131n s\u0131rada bekledi\u011fi [&hellip;]<\/p>\n","protected":false},"author":1,"featured_media":25350,"comment_status":"open","ping_status":"open","sticky":false,"template":"","format":"standard","meta":[],"categories":[53,49],"tags":[4249,19,63,67,1009,165,7708,227,13,5982,14298],"views":842,"_links":{"self":[{"href":"https:\/\/www.enerjigazetesi.ist\/en\/wp-json\/wp\/v2\/posts\/25349"}],"collection":[{"href":"https:\/\/www.enerjigazetesi.ist\/en\/wp-json\/wp\/v2\/posts"}],"about":[{"href":"https:\/\/www.enerjigazetesi.ist\/en\/wp-json\/wp\/v2\/types\/post"}],"author":[{"embeddable":true,"href":"https:\/\/www.enerjigazetesi.ist\/en\/wp-json\/wp\/v2\/users\/1"}],"replies":[{"embeddable":true,"href":"https:\/\/www.enerjigazetesi.ist\/en\/wp-json\/wp\/v2\/comments?post=25349"}],"version-history":[{"count":2,"href":"https:\/\/www.enerjigazetesi.ist\/en\/wp-json\/wp\/v2\/posts\/25349\/revisions"}],"predecessor-version":[{"id":25352,"href":"https:\/\/www.enerjigazetesi.ist\/en\/wp-json\/wp\/v2\/posts\/25349\/revisions\/25352"}],"wp:featuredmedia":[{"embeddable":true,"href":"https:\/\/www.enerjigazetesi.ist\/en\/wp-json\/wp\/v2\/media\/25350"}],"wp:attachment":[{"href":"https:\/\/www.enerjigazetesi.ist\/en\/wp-json\/wp\/v2\/media?parent=25349"}],"wp:term":[{"taxonomy":"category","embeddable":true,"href":"https:\/\/www.enerjigazetesi.ist\/en\/wp-json\/wp\/v2\/categories?post=25349"},{"taxonomy":"post_tag","embeddable":true,"href":"https:\/\/www.enerjigazetesi.ist\/en\/wp-json\/wp\/v2\/tags?post=25349"}],"curies":[{"name":"wp","href":"https:\/\/api.w.org\/{rel}","templated":true}]}}