{"id":25343,"date":"2014-04-15T14:08:32","date_gmt":"2014-04-15T11:08:32","guid":{"rendered":"https:\/\/www.enerjigazetesi.ist\/?p=25343"},"modified":"2014-04-15T14:08:32","modified_gmt":"2014-04-15T11:08:32","slug":"petrol-ve-dogalgaz-turkiye-uzerinden-gecmeyebilir","status":"publish","type":"post","link":"https:\/\/www.enerjigazetesi.ist\/en\/petrol-ve-dogalgaz-turkiye-uzerinden-gecmeyebilir\/","title":{"rendered":"(Turkish) Petrol ve Do\u011falgaz T\u00fcrkiye \u00dczerinden Ge\u00e7meyebilir"},"content":{"rendered":"<p class=\"qtranxs-available-languages-message qtranxs-available-languages-message-en\">Sorry, this entry is only available in <a href=\"https:\/\/www.enerjigazetesi.ist\/tr\/wp-json\/wp\/v2\/posts\/25343\" class=\"qtranxs-available-language-link qtranxs-available-language-link-tr\" title=\"Turkish\">Turkish<\/a>. For the sake of viewer convenience, the content is shown below in the alternative language. You may click the link to switch the active language.<\/p><p><strong>Ge\u00e7enlerde Ankara\u2019da d\u00fczenlenen 13. T\u00fcrkiye Uluslararas\u0131 Petrol Ve Gaz Konferans\u0131\u2019na kat\u0131lan ABD\u2019nin Ankara B\u00fcy\u00fckel\u00e7isi Francis Ricciardone \u00f6nemli bir a\u00e7\u0131klamada bulundu.\u00a0ABD\u2019nin Ankara B\u00fcy\u00fckel\u00e7isi d\u00fcnyan\u0131n en \u00f6nemli enerji koridorlar\u0131ndan biri T\u00fcrkiye\u2019nin petrol ve do\u011falgaz transiti konusunda t\u00fcm d\u00fcnya \u00e7ap\u0131nda kabul g\u00f6rm\u00fc\u015f geni\u015f bir deneyime sahip oldu\u011funu s\u00f6yledi.<\/strong><\/p>\n<div>\n<p id=\"p_20\">Ricciardone ayr\u0131ca T\u00fcrkiye\u2019nin son zamanda in\u015fa edilen boru hatlar\u0131yla enerji sevkiyatlar\u0131n\u0131n g\u00fcvenli\u011fi ve \u00e7e\u015fitlendirilmesi bak\u0131m\u0131ndan stratejik ad\u0131mlar atm\u0131\u015f oldu\u011funu belirtti. Bu arada, \u00f6yle oldu ki T\u00fcrkiye\u2019yi gerek t\u00fcketici gerekse transit yapan \u00fclke olarak ilgilendiren hemen b\u00fct\u00fcn enerji projeleri \u2018k\u00f6t\u00fc siyasi co\u011frafya\u2019 olarak adland\u0131r\u0131labilen alanda bulunuyor ve T\u00fcrkiye\u2019nin enerji g\u00fcvenli\u011fi bak\u0131m\u0131ndan onun i\u00e7in olumlu g\u00f6r\u00fcnm\u00fcyor. Siyaset uzman\u0131 Stanislav Tarasov bunun baz\u0131 nedenlerini de\u011ferlendiriyor:<a href=\"https:\/\/www.enerjigazetesi.ist\/wp-content\/uploads\/2014\/04\/2017-dunya-petrol-kongresi-istanbulda-yapilacak.jpg\"><img loading=\"lazy\" class=\"alignright size-medium wp-image-25157\" title=\"petrol-ve-dogalgaz-turkiye-uzerinden-gecmeyebilir\" src=\"https:\/\/www.enerjigazetesi.ist\/wp-content\/uploads\/2014\/04\/2017-dunya-petrol-kongresi-istanbulda-yapilacak-300x200.jpg\" alt=\"\" width=\"300\" height=\"200\" srcset=\"https:\/\/www.enerjigazetesi.ist\/wp-content\/uploads\/2014\/04\/2017-dunya-petrol-kongresi-istanbulda-yapilacak-300x200.jpg 300w, https:\/\/www.enerjigazetesi.ist\/wp-content\/uploads\/2014\/04\/2017-dunya-petrol-kongresi-istanbulda-yapilacak-74x50.jpg 74w, https:\/\/www.enerjigazetesi.ist\/wp-content\/uploads\/2014\/04\/2017-dunya-petrol-kongresi-istanbulda-yapilacak.jpg 379w\" sizes=\"(max-width: 300px) 100vw, 300px\" \/><\/a><\/p>\n<p id=\"p_30\">\u2018Ger\u00e7ekten, T\u00fcrkiye birka\u00e7 b\u00fcy\u00fck enerji havzas\u0131n\u0131n kesi\u015fti\u011fi noktada bulunmaktad\u0131r. Kuzeyinde petrol ve do\u011falgaz ile zengin olan Rusya Federasyonu, g\u00fcneyinde Orta Do\u011fu\u2019nun en b\u00fcy\u00fck petrol rezervleri, do\u011fusunda Hazar Denizi ve Orta Asya\u2019n\u0131n enerji yataklar\u0131 yer almaktad\u0131r. B\u00f6yle konum objektif olarak T\u00fcrkiye\u2019nin gerek Orta Do\u011fu gerekse Akdeniz b\u00f6lgesinin en \u00f6nemli oyuncusu olmas\u0131n\u0131 sa\u011flamal\u0131.<\/p>\n<p id=\"p_40\">Ama olmuyor. Suriye krizi T\u00fcrkiye-\u0130ran ili\u015fkilerinde b\u00fcy\u00fck gerginlik yaratt\u0131. \u0130ran\u2019\u0131n n\u00fckleer program\u0131 konusunda anla\u015fmalar\u0131n sa\u011flanmas\u0131n\u0131n ard\u0131ndan Tahran uluslararas\u0131 izolasyondan kurtulacak. Ama onun kendi gaz\u0131n\u0131n T\u00fcrkiye \u00fczerinden ge\u00e7ip Avrupa\u2019ya gelmesini isteyip istemeyece\u011fi bellli de\u011fil. Tahran\u2019\u0131n Irak ve Suriye topraklar\u0131ndan ge\u00e7en alternatif g\u00fczergahlar\u0131 vard\u0131r. Bilindi\u011fi gibi Irak K\u00fcrdistan\u0131\u2019ndan do\u011falgaz teslimatlar\u0131yla ilgili durum da kar\u0131\u015f\u0131k. Azeri do\u011falgaz\u0131na gelince miktar\u0131 Rus gaz\u0131n\u0131n yerine gelip durumu de\u011fi\u015ftirmek i\u00e7in yeterli de\u011fildir. Bak\u00fc gaz\u0131na T\u00fcrkmen gaz\u0131n\u0131 ekleme \u00e7abalar\u0131 hi\u00e7 bir \u015feye yaram\u0131yor.<\/p>\n<p id=\"p_50\">Dahas\u0131, 2013 yaz\u0131ndan beri T\u00fcrkiye kendisi de i\u00e7 siyasi sars\u0131nt\u0131lar ya\u015f\u0131yor. 2013 sonu yolsuzluk skandal\u0131 patlad\u0131\u011f\u0131nda T\u00fcrkiye Ba\u015fbakan\u0131 Recep Tayyip Erdo\u011fan ABD\u2019nin Ankara B\u00fcy\u00fckel\u00e7isini \u2018r\u00fc\u015fvet ve yolsuzluk operasyonu\u2019nun arkas\u0131ndaki isim olmakla ve muhalefet ile i\u015fbirli\u011fi yapmakla su\u00e7lam\u0131\u015ft\u0131. O zaman ABD\u2019nin T\u00fcrkiye B\u00fcy\u00fckel\u00e7ili\u011fi kendisinin bu skandal ile alakal\u0131 oldu\u011funu yalanlam\u0131\u015ft\u0131. Ama bunun ard\u0131ndan New York Times gazetesinde yay\u0131nlanan bir makalede T\u00fcrkiye\u2019nin \u2018ABD i\u00e7in bir tehdit ve NATO i\u00e7in bir tehlike\u2019 oldu\u011fu belirtildi. Gazete ayr\u0131ca \u2018Erdo\u011fan\u2019\u0131n politikas\u0131n\u0131n T\u00fcrkiye\u2019nin AB \u00fcyeli\u011fi m\u00fczakerelerini olumsuz etkileyece\u011fi\u2019ni iddia ederek Ba\u015fkan Obama\u2019y\u0131 \u2018Erdo\u011fan\u2019a net bir mesaj g\u00f6ndermeye\u2019 \u00e7a\u011f\u0131rd\u0131. Yani T\u00fcrkiye\u2019nin ya\u015fad\u0131\u011f\u0131 zor zamanda Washington kendisine yard\u0131m edece\u011fine \u015fimdiki T\u00fcrk y\u00f6netiminden memnun olmad\u0131\u011f\u0131na ili\u015fkin a\u00e7\u0131k bir sinyal veriyor. Bu arada ABD\u2019nin T\u00fcrkiye\u2019nin i\u00e7 i\u015flerine kar\u0131\u015fmas\u0131yla ilgili ba\u015fka olaylar da var.<\/p>\n<p id=\"p_60\">Bu nedenle belli ki T\u00fcrkiye\u2019nin Washington\u2019dan bir s\u00fcr\u00fc \u015fikayeti vard\u0131r. T\u00fcrkiye her ne zaman b\u00f6lgedeki pozisyonunu peki\u015ftirmeye \u00e7al\u0131\u015fsa ABD ve AB\u2019nin mukavemetiyle kar\u015f\u0131 kar\u015f\u0131ya gelir. Ger\u00e7ek budur. ABD\u2019nin Ankara B\u00fcy\u00fckel\u00e7isi Ricciardone\u2019nin uluslararas\u0131 konferansta yapt\u0131\u011f\u0131 T\u00fcrkiye\u2019nin b\u00f6lgedeki \u00f6nemli rol\u00fc ile ilgili a\u00e7\u0131klama ise sadece s\u00f6zlerdir.<\/p>\n<p>Kaynak: <a title=\"Rusya'n\u0131n Sesi\" href=\"http:\/\/turkish.ruvr.ru\/2014_04_14\/Petrol-dogalgaz-Turkiye\/\" rel=\"nofollow\" target=\"_blank\">Rusya&#8217;n\u0131n Sesi<\/a><\/p>\n<p>&nbsp;<\/p>\n<\/div>\n<p><\/p>","protected":false},"excerpt":{"rendered":"<p>Sorry, this entry is only available in Turkish. For the sake of viewer convenience, the content is shown below in the alternative language. You may click the link to switch the active language.Ge\u00e7enlerde Ankara\u2019da d\u00fczenlenen 13. T\u00fcrkiye Uluslararas\u0131 Petrol Ve Gaz Konferans\u0131\u2019na kat\u0131lan ABD\u2019nin Ankara B\u00fcy\u00fckel\u00e7isi Francis Ricciardone \u00f6nemli bir a\u00e7\u0131klamada bulundu.\u00a0ABD\u2019nin Ankara B\u00fcy\u00fckel\u00e7isi d\u00fcnyan\u0131n [&hellip;]<\/p>\n","protected":false},"author":1,"featured_media":25157,"comment_status":"open","ping_status":"open","sticky":false,"template":"","format":"standard","meta":[],"categories":[46,53,44],"tags":[92,59,14294,846],"views":492,"_links":{"self":[{"href":"https:\/\/www.enerjigazetesi.ist\/en\/wp-json\/wp\/v2\/posts\/25343"}],"collection":[{"href":"https:\/\/www.enerjigazetesi.ist\/en\/wp-json\/wp\/v2\/posts"}],"about":[{"href":"https:\/\/www.enerjigazetesi.ist\/en\/wp-json\/wp\/v2\/types\/post"}],"author":[{"embeddable":true,"href":"https:\/\/www.enerjigazetesi.ist\/en\/wp-json\/wp\/v2\/users\/1"}],"replies":[{"embeddable":true,"href":"https:\/\/www.enerjigazetesi.ist\/en\/wp-json\/wp\/v2\/comments?post=25343"}],"version-history":[{"count":2,"href":"https:\/\/www.enerjigazetesi.ist\/en\/wp-json\/wp\/v2\/posts\/25343\/revisions"}],"predecessor-version":[{"id":25345,"href":"https:\/\/www.enerjigazetesi.ist\/en\/wp-json\/wp\/v2\/posts\/25343\/revisions\/25345"}],"wp:featuredmedia":[{"embeddable":true,"href":"https:\/\/www.enerjigazetesi.ist\/en\/wp-json\/wp\/v2\/media\/25157"}],"wp:attachment":[{"href":"https:\/\/www.enerjigazetesi.ist\/en\/wp-json\/wp\/v2\/media?parent=25343"}],"wp:term":[{"taxonomy":"category","embeddable":true,"href":"https:\/\/www.enerjigazetesi.ist\/en\/wp-json\/wp\/v2\/categories?post=25343"},{"taxonomy":"post_tag","embeddable":true,"href":"https:\/\/www.enerjigazetesi.ist\/en\/wp-json\/wp\/v2\/tags?post=25343"}],"curies":[{"name":"wp","href":"https:\/\/api.w.org\/{rel}","templated":true}]}}