{"id":25329,"date":"2014-04-15T10:30:15","date_gmt":"2014-04-15T07:30:15","guid":{"rendered":"https:\/\/www.enerjigazetesi.ist\/?p=25329"},"modified":"2014-04-15T10:30:15","modified_gmt":"2014-04-15T07:30:15","slug":"yildiz-nukleer-projelerin-yerli-sermaye-ile-guclenmesini-istiyoruz","status":"publish","type":"post","link":"https:\/\/www.enerjigazetesi.ist\/en\/yildiz-nukleer-projelerin-yerli-sermaye-ile-guclenmesini-istiyoruz\/","title":{"rendered":"(Turkish) Y\u0131ld\u0131z: N\u00fckleer Projelerin Yerli Sermaye \u0130le G\u00fc\u00e7lenmesini \u0130stiyoruz!"},"content":{"rendered":"<p class=\"qtranxs-available-languages-message qtranxs-available-languages-message-en\">Sorry, this entry is only available in <a href=\"https:\/\/www.enerjigazetesi.ist\/tr\/wp-json\/wp\/v2\/posts\/25329\" class=\"qtranxs-available-language-link qtranxs-available-language-link-tr\" title=\"Turkish\">Turkish<\/a>. For the sake of viewer convenience, the content is shown below in the alternative language. You may click the link to switch the active language.<\/p><p><strong>Enerji ve Tabii Kaynaklar Bakan\u0131 Taner Y\u0131ld\u0131z, belli bir olgunlu\u011fa eri\u015fimi\u015f n\u00fckleer projelerin yerli ortak ve uluslararas\u0131 sermaye ile daha da g\u00fc\u00e7lendirilmesini istediklerini s\u00f6yledi.<\/strong><\/p>\n<p>Enerji ve Tabii Kaynaklar Bakan\u0131 Taner Y\u0131ld\u0131z, Uluslararas\u0131 Yat\u0131r\u0131m Zirvesi`nde kat\u0131ld\u0131\u011f\u0131 \u00f6zel bir oturumun ard\u0131ndan gazetecilerin sorular\u0131n\u0131 yan\u0131tlad\u0131.Bakan Y\u0131ld\u0131z, n\u00fckleer e<a href=\"https:\/\/www.enerjigazetesi.ist\/wp-content\/uploads\/2014\/02\/bakan-yildiz-enerji-karisimimiz-degisecek.jpg\"><img loading=\"lazy\" class=\"alignleft size-medium wp-image-22617\" title=\"bakan-yildiz\" src=\"https:\/\/www.enerjigazetesi.ist\/wp-content\/uploads\/2014\/02\/bakan-yildiz-enerji-karisimimiz-degisecek-300x206.jpg\" alt=\"\" width=\"300\" height=\"206\" srcset=\"https:\/\/www.enerjigazetesi.ist\/wp-content\/uploads\/2014\/02\/bakan-yildiz-enerji-karisimimiz-degisecek-300x206.jpg 300w, https:\/\/www.enerjigazetesi.ist\/wp-content\/uploads\/2014\/02\/bakan-yildiz-enerji-karisimimiz-degisecek-72x50.jpg 72w, https:\/\/www.enerjigazetesi.ist\/wp-content\/uploads\/2014\/02\/bakan-yildiz-enerji-karisimimiz-degisecek.jpg 392w\" sizes=\"(max-width: 300px) 100vw, 300px\" \/><\/a>nerji santralleriyle ilgili olarak, `Yerli ortak ve uluslararas\u0131 sermayenin de bulu\u015fabilece\u011fi, gerek Japonya`da gerekse Rusya`da, yani hem Akdeniz`de hem de Karadeniz`de, Sinop ve Akkuyu olmak \u00fczere farkl\u0131 sermaye giri\u015flerinin de olabilece\u011fini s\u00f6yledim. Bu manada ilgi duyanlar varsa, oturup proje \u015firketi ile konu\u015fabiliriz.<\/p>\n<p>Ayn\u0131 \u015fey T\u00fcrkiye`deki yerli yat\u0131r\u0131mc\u0131lar\u0131m\u0131z i\u00e7in de ge\u00e7erlidir. \u015eu ana kadar h\u00fck\u00fcmetler aras\u0131 anla\u015fmas\u0131 yap\u0131lm\u0131\u015f, ev sahiplikleri anla\u015fmalar\u0131 yap\u0131lm\u0131\u015f ve belli bir olgunlu\u011fa ula\u015fm\u0131\u015f projelerin, yerli ortak ve uluslararas\u0131 sermaye ile daha da g\u00fc\u00e7lendirilmesini istiyoruz` dedi.<\/p>\n<p>Y\u0131ld\u0131z, n\u00fckleer enerji yat\u0131r\u0131mlar\u0131 ile ilgili yat\u0131r\u0131m ba\u015fvurusu olup olmad\u0131\u011f\u0131na dair soruya ise, `Yeni duyuruyorum belki \u00f6n\u00fcm\u00fczdeki saat olabilir` dedi.<\/p>\n<p><strong>B\u00dcT\u00dcN GEL\u0130RLER\u0130 \u00d6NEMS\u0130YORUZ<\/strong><\/p>\n<p>Bakan Y\u0131ld\u0131z, bir gazetecinin, `Kerk\u00fck-Yumurtal\u0131k Boru Hatt\u0131`nda kazan\u0131lan enerji ile ilgili olarak, \u201cD\u0131\u015fa ba\u011f\u0131ml\u0131l\u0131\u011f\u0131m\u0131z ile oradaki kazanc\u0131m\u0131z\u0131 kar\u015f\u0131la\u015ft\u0131r\u0131rsak, \u00e7ok m\u00fctenasip rakamlar de\u011fil. Ama biz her bir noktadan olu\u015facak gelirleri \u00f6nemsiyoruz. Kerk\u00fck-Yumurtal\u0131k ham petrol boru hatt\u0131n\u0131n tamam\u0131 kullan\u0131l\u0131yor olsa biz oradan 1 milyar TL`ye yak\u0131n gelir elde edece\u011fiz. 1 milyar TL, T\u00fcrkiye i\u00e7in yakla\u015f\u0131k 500 milyon dolar, \u00f6nemli bir rakam. Biz b\u00fct\u00fcn bunlar\u0131 da do\u011falgazla alakal\u0131 maliyetlerimiz, masraflar\u0131m\u0131z\u0131n dengelenmesinde kullan\u0131yoruz. O y\u00fczden son derece \u00f6nemsiyoruz.` dedi.<\/p>\n<p><strong>GEL\u0130R SADECE \u0130LET\u0130MDEN KAZANILIYOR<\/strong><\/p>\n<p>Y\u0131ld\u0131z, gelirin sadece petrol ta\u015f\u0131mac\u0131l\u0131\u011f\u0131ndan elde edildi\u011fini belirterek, `E\u011fer bir \u00fclkede \u00fcretiliyorsa, T\u00fcrkiye bunu iletebilir. \u015eartlar\u0131n\u0131, anla\u015fmas\u0131n\u0131 konu\u015fabilir ve iletebilir` diye konu\u015ftu.<\/p>\n<p><strong>AMACIMIZ IRAK\u2019IN NORMALLE\u015eMES\u0130<\/strong><\/p>\n<p>Bakan Y\u0131ld\u0131z, Erbil`de ger\u00e7ekle\u015fecek toplant\u0131 hakk\u0131nda da bilgi vererek, `Irakl\u0131 karde\u015flerimiz, Ba\u011fdat ve Erbil bu konuyu kendi aralar\u0131nda \u00e7\u00f6zebileceklerini s\u00f6ylediler. \u00d6nceki g\u00fcn Irak Petrol Bakan\u0131 T\u00fcrkiye`deydi. Kendisi ile konu\u015ftuk. Kendileri bu i\u015fi \u00e7\u00f6zebileceklerini s\u00f6ylediler. Konu olan, Irak`\u0131n petrol\u00fcd\u00fcr, kendileri buna karar vereceklerdir. T\u00fcrkiye olumlu tutumunu, pozitif tutumunu devam ettiriyor. Oradan gelecek ham petrol\u00fcn d\u00fcnya piyasalar\u0131na iletilmesi ile alakal\u0131 her zaman oldu\u011fu gibi gayret ediyor. Amac\u0131m\u0131z Irak`\u0131n normalle\u015fmesidir. \u00dcz\u00fclerek s\u00f6yl\u00fcyorum, g\u00fcnde 40-50 ki\u015fi \u00f6ld\u00fc\u011f\u00fcnde art\u0131k bizim birinci sayfalar\u0131m\u0131zda yer bile alm\u0131yor. \u0130nsan \u00f6l\u00fcm\u00fcn\u00fcn bu kadar s\u0131radanla\u015ft\u0131\u011f\u0131, Suriye`deki insan \u00f6l\u00fcmlerinin bu kadar s\u0131radanla\u015ft\u0131\u011f\u0131 bir d\u00fcnya, do\u011fru bir duru\u015f de\u011fildir. O y\u00fczden gelirleri artt\u0131\u011f\u0131 kadar normalle\u015fmenin sa\u011flanaca\u011f\u0131na inan\u0131yoruz. Irak halk\u0131 bunun \u00e7ok daha fazlas\u0131na lay\u0131k` dedi.<\/p>\n<p><strong>D\u0130YARBAKIR PETROL\u00dcNDEN PAY M\u00dcMK\u00dcN DE\u011e\u0130L<\/strong><\/p>\n<p>\u00d6te yandan Bakan Y\u0131ld\u0131z, Kayseri\u2019de hay\u0131rseverler taraf\u0131ndan emniyet te\u015fkilat\u0131 i\u00e7in al\u0131nan ara\u00e7 teslim t\u00f6reninden sonra Diyarbak\u0131r B\u00fcy\u00fck\u015fehir Belediye Ba\u015fkan\u0131 G\u00fclten K\u0131\u015fanak\u2019\u0131n, Diyarbak\u0131r\u2019da \u00e7\u0131kan petrolle ilgili pay isteme a\u00e7\u0131klamas\u0131na ili\u015fkin olarak \u201cDevlet hakk\u0131ndan ayr\u0131 bir devlet hakk\u0131 isteniyorsa m\u00fcmk\u00fcn de\u011fil.\u201d dedi.<\/p>\n<p>Y\u0131ld\u0131z, \u201c\u0130ster T\u00fcrkiye Petrolleri Anonim Ortakl\u0131\u011f\u0131 (TPAO) olsun, isterse \u00f6zel \u015firketler olsun bir devlet hakk\u0131 al\u0131yoruz. O devlet hakk\u0131ndan ayr\u0131 bir devlet hakk\u0131 isteniyorsa bu m\u00fcmk\u00fcn de\u011fil. B\u00f6yle bir \u015fey s\u00f6z konusu de\u011fil. G\u00fcndemimizde de yok. Ancak petrol\u00fcn \u00e7\u0131kart\u0131ld\u0131\u011f\u0131 yerle alakal\u0131, ister k\u00f6ylerde isterse di\u011fer yerle\u015fim birimlerimizdeki ihtiya\u00e7lar konusunda k\u00f6y yollar\u0131 gibi park bah\u00e7eler gibi kamu ve \u00f6zel \u015firketler yap\u0131yor. Biz orada y\u0131ll\u0131k 1 milyar liral\u0131k yat\u0131r\u0131m yap\u0131yoruz. Yaln\u0131zca petrol ve do\u011falgaz sekt\u00f6r\u00fcnde. Y\u00fczde 80-85\u2019lik k\u0131sm\u0131n\u0131 Do\u011fu ve G\u00fcneydo\u011fu Anadolu B\u00f6lgesi`nde yap\u0131yoruz. Biz Edirne\u2019den Kars\u2019a, Sinop\u2019tan Hatay\u2019a var\u0131ncaya kadar hi\u00e7bir \u015fehrimizi ayr\u0131 tutmay\u0131z. Yaln\u0131zca oradaki yat\u0131r\u0131mlar\u0131m\u0131zdan dolay\u0131 her y\u0131l 3 bin ki\u015fi istihdam ediliyor. Ticaret, sanayi ve al\u0131\u015fveri\u015f merkezleriyle de b\u00f6lgeye katk\u0131 sa\u011fl\u0131yoruz. Yat\u0131r\u0131mlar\u0131m\u0131z\u0131 Do\u011fu ve G\u00fcneydo\u011fu Anadolu B\u00f6lgesi`nde havaliman\u0131ndan barajlara kadar yat\u0131r\u0131m yap\u0131yoruz. Petrol ve do\u011falgaz katk\u0131m\u0131z\u0131 s\u00fcr\u00fcyor. Hatta TPAO\u2019nun elinde ruhsatl\u0131 sahas\u0131 vard\u0131.<\/p>\n<p>Diyarbak\u0131r organize sanayi b\u00f6lgesi i\u00e7in geni\u015fleme alan\u0131 olarak talep edildi. 2 bin 400 d\u00f6n\u00fcm\u00fc Diyarbak\u0131r organize sanayi b\u00f6lgesi geni\u015flemesi i\u00e7in verdik. Neden. Ayr\u0131m\u0131z gayr\u0131m\u0131z yok.\u201d dedi.<\/p>\n<p><strong>JEOTERMALDE UYGULAMA VAR<\/strong><\/p>\n<p>Bakan Y\u0131ld\u0131z, a\u00e7\u0131klamas\u0131n\u0131n sonunda K\u0131\u015fanak\u2019a seslenerek, \u201cB\u00f6yle bir maksada matufsa dedi\u011fim gibi bizim g\u00fcndemimizde olmaz. Bir b\u00fct\u00fcn\u00fcn\u00fcz. Ama jeotermalde bir uygulama var. \u0130l \u00f6zel idarelerine bir k\u0131s\u0131m \u00f6denekler var. Kamyon, TIR gibi, tahrip olan yollar\u0131n onar\u0131m\u0131 gibi. Say\u0131n K\u0131\u015fanak bu dedi\u011fim niyetle s\u00f6yledi\u011fini umut ederim. Ba\u015fka bir niyetle de s\u00f6ylememi\u015ftir diye d\u00fc\u015f\u00fcnm\u00fcyorum.\u201d dedi.<\/p>\n<p>Kaynak: <a href=\"http:\/\/www.enerjigunlugu.net\/yildiz:-nukleer-projelerin-yerli-sermaye-ile-gucle_8022.html\" target=\"_blank\">Enerji G\u00fcnl\u00fc\u011f\u00fc<\/a><\/p>","protected":false},"excerpt":{"rendered":"<p>Sorry, this entry is only available in Turkish. For the sake of viewer convenience, the content is shown below in the alternative language. You may click the link to switch the active language.Enerji ve Tabii Kaynaklar Bakan\u0131 Taner Y\u0131ld\u0131z, belli bir olgunlu\u011fa eri\u015fimi\u015f n\u00fckleer projelerin yerli ortak ve uluslararas\u0131 sermaye ile daha da g\u00fc\u00e7lendirilmesini istediklerini [&hellip;]<\/p>\n","protected":false},"author":1,"featured_media":22617,"comment_status":"open","ping_status":"open","sticky":false,"template":"","format":"standard","meta":[],"categories":[53,43],"tags":[710,63,67,1009,165,9694,71,21,1454,7147,667,13124,14289],"views":728,"_links":{"self":[{"href":"https:\/\/www.enerjigazetesi.ist\/en\/wp-json\/wp\/v2\/posts\/25329"}],"collection":[{"href":"https:\/\/www.enerjigazetesi.ist\/en\/wp-json\/wp\/v2\/posts"}],"about":[{"href":"https:\/\/www.enerjigazetesi.ist\/en\/wp-json\/wp\/v2\/types\/post"}],"author":[{"embeddable":true,"href":"https:\/\/www.enerjigazetesi.ist\/en\/wp-json\/wp\/v2\/users\/1"}],"replies":[{"embeddable":true,"href":"https:\/\/www.enerjigazetesi.ist\/en\/wp-json\/wp\/v2\/comments?post=25329"}],"version-history":[{"count":1,"href":"https:\/\/www.enerjigazetesi.ist\/en\/wp-json\/wp\/v2\/posts\/25329\/revisions"}],"predecessor-version":[{"id":25330,"href":"https:\/\/www.enerjigazetesi.ist\/en\/wp-json\/wp\/v2\/posts\/25329\/revisions\/25330"}],"wp:featuredmedia":[{"embeddable":true,"href":"https:\/\/www.enerjigazetesi.ist\/en\/wp-json\/wp\/v2\/media\/22617"}],"wp:attachment":[{"href":"https:\/\/www.enerjigazetesi.ist\/en\/wp-json\/wp\/v2\/media?parent=25329"}],"wp:term":[{"taxonomy":"category","embeddable":true,"href":"https:\/\/www.enerjigazetesi.ist\/en\/wp-json\/wp\/v2\/categories?post=25329"},{"taxonomy":"post_tag","embeddable":true,"href":"https:\/\/www.enerjigazetesi.ist\/en\/wp-json\/wp\/v2\/tags?post=25329"}],"curies":[{"name":"wp","href":"https:\/\/api.w.org\/{rel}","templated":true}]}}