{"id":25210,"date":"2014-04-11T15:56:35","date_gmt":"2014-04-11T12:56:35","guid":{"rendered":"https:\/\/www.enerjigazetesi.ist\/?p=25210"},"modified":"2014-04-11T15:56:35","modified_gmt":"2014-04-11T12:56:35","slug":"solar-impulse-2-gunes-enerjisiyle-dunyayi-dolasacak","status":"publish","type":"post","link":"https:\/\/www.enerjigazetesi.ist\/en\/solar-impulse-2-gunes-enerjisiyle-dunyayi-dolasacak\/","title":{"rendered":"(Turkish) Solar Impulse 2, G\u00fcne\u015f Enerjisiyle D\u00fcnyay\u0131 Dola\u015facak&#8230;"},"content":{"rendered":"<p class=\"qtranxs-available-languages-message qtranxs-available-languages-message-en\">Sorry, this entry is only available in <a href=\"https:\/\/www.enerjigazetesi.ist\/tr\/wp-json\/wp\/v2\/posts\/25210\" class=\"qtranxs-available-language-link qtranxs-available-language-link-tr\" title=\"Turkish\">Turkish<\/a>. For the sake of viewer convenience, the content is shown below in the alternative language. You may click the link to switch the active language.<\/p><p><strong>\u0130lk g\u00fcne\u015f enerjisiyle \u00e7al\u0131\u015fan u\u00e7ak Solar Impulse\u2019\u0131n \u00fcreticileri yeni geli\u015ftirdikleri u\u00e7akla hedef b\u00fcy\u00fctt\u00fc. Solar Impulse 2, 2015\u2032te d\u00fcnyan\u0131n \u00e7evresini turlamaya haz\u0131rlan\u0131yor. Solar Impulse\u2019\u0131 geli\u015ftiren Bertrand Piccard ve Andre Borschberg, \u201cyeni \u00fcrettikleri Solar Impulse 2\u2019nin hi\u00e7 yere inme ihtiyac\u0131 hissetmeden s\u00fcresiz olarak havada kalabilme yetene\u011fine sahip oldu\u011funu\u201d s\u00f6yledi. Gelecek y\u0131l i\u00e7in planlad\u0131klar\u0131 geziyle d\u00fcnya etraf\u0131nda g\u00fcne\u015f enerjisiyle i\u015fleyen bir u\u00e7akla dola\u015fman\u0131n m\u00fcmk\u00fcn oldu\u011funu g\u00f6stermeyi ama\u00e7lad\u0131klar\u0131n\u0131 ifade eden Borschberg, e\u015fsiz \u00f6zellikleri olan Solar Impulse 2\u2019yi bu gezide kullanacaklar\u0131n\u0131 duyurdu.<\/strong><\/p>\n<p>Borschberg, \u201cEnerji konusunda s\u00fcrd\u00fcr\u00fclebilir bir u\u00e7a\u011f\u0131m\u0131z var\u2026 Bundan sonra yapmam\u0131z gereken s\u00fcrd\u00fcr\u00fclebilir bir pilot geli\u015ftirmek\u201d a\u00e7\u0131klamas\u0131n\u0131 yapt\u0131. Solar Impulse 2\u2032nin 5-6 g\u00fcn aral\u0131ks\u0131z u\u00e7u\u015f kapasitesi oldu\u011funa de\u011finen Borschberg, \u2018u\u00e7akta tuvalet bile bulundu\u011funu, pilotlar\u0131n egzersi<a href=\"https:\/\/www.enerjigazetesi.ist\/wp-content\/uploads\/2014\/04\/solar-impulse-2-gunes-enerjisiyle-dunyayi-dolasacak.jpg\"><img loading=\"lazy\" class=\"alignleft size-medium wp-image-25211\" title=\"solar-impulse-2-gunes-enerjisiyle-dunyayi-dolasacak\" src=\"https:\/\/www.enerjigazetesi.ist\/wp-content\/uploads\/2014\/04\/solar-impulse-2-gunes-enerjisiyle-dunyayi-dolasacak-300x201.jpg\" alt=\"\" width=\"300\" height=\"201\" srcset=\"https:\/\/www.enerjigazetesi.ist\/wp-content\/uploads\/2014\/04\/solar-impulse-2-gunes-enerjisiyle-dunyayi-dolasacak-300x201.jpg 300w, https:\/\/www.enerjigazetesi.ist\/wp-content\/uploads\/2014\/04\/solar-impulse-2-gunes-enerjisiyle-dunyayi-dolasacak-74x50.jpg 74w, https:\/\/www.enerjigazetesi.ist\/wp-content\/uploads\/2014\/04\/solar-impulse-2-gunes-enerjisiyle-dunyayi-dolasacak.jpg 485w\" sizes=\"(max-width: 300px) 100vw, 300px\" \/><\/a>z yapabilmesi ve dinlenmesi i\u00e7in koltuklar\u0131n yatabildi\u011fini\u2019 s\u00f6yledi. Borschberg, Solar Impulse projesiyle en b\u00fcy\u00fck ama\u00e7lar\u0131n\u0131n \u2018yenilenebilir enerjinin sundu\u011fu potansiyeli g\u00f6zler \u00f6n\u00fcne sermek oldu\u011funu\u2019 vurgulad\u0131.<\/p>\n<h2>Solar Impulse 2\u2032nin \u00f6zellikleri<\/h2>\n<p>\u0130svi\u00e7re\u2019nin Payern hava \u00fcss\u00fcnde Solar Impulse 2\u2019nin tan\u0131t\u0131m\u0131n\u0131 yapan Piccard ve Borschberg, u\u00e7a\u011f\u0131n, Solar Impulse\u2019\u0131n bundan 5 y\u0131l \u00f6nce yap\u0131lan tek koltuklu prototipinin geli\u015ftirilmi\u015f modeli oldu\u011funu bildirdi.<\/p>\n<p>Piccard ve Borschberg\u2019in verdi\u011fi bilgiye g\u00f6re, yeni geli\u015ftirilen u\u00e7a\u011f\u0131n iki taraf\u0131na kadar uzanan tek par\u00e7a halindeki kanad\u0131n\u0131 kaplayan 7200 adet g\u00fcne\u015f h\u00fccresi, eski u\u00e7a\u011fa g\u00f6re daha iyi enerji depolama kapasitesine sahip bataryalarla donat\u0131lm\u0131\u015f bulunuyor. Kanatlar\u0131 prototipe g\u00f6re 8 metre daha uzun olan u\u00e7a\u011f\u0131n kanat geni\u015fli\u011fi 72 metreyi buluyor. Boeing 747 jumbo jetlerden bile daha uzun bu kanatlar\u0131n a\u011f\u0131rl\u0131\u011f\u0131ysa sadece 2,3 ton geliyor.<\/p>\n<p>Yeni u\u00e7akta kullan\u0131lan malzemelerin de eskisine g\u00f6re daha hafif oldu\u011funu belirten Borschberg, daha verimli \u00e7al\u0131\u015fan elektrik motorlar\u0131na sahip u\u00e7aktaki oturma koltu\u011funun yolcu u\u00e7aklar\u0131ndaki business s\u0131n\u0131fta kullan\u0131lanlar\u0131n ayar\u0131nda oldu\u011funu ifade etti.<\/p>\n<p>Solar Impulse 2 ile gelecek y\u0131l yapacaklar\u0131, g\u00fcnlerce aral\u0131ks\u0131z havada kalmay\u0131 gerektiren gezinin, 20 u\u00e7u\u015f g\u00fcn\u00fc s\u00fcrece\u011fini s\u00f6yleyen Borschberg, molalar verilerek yap\u0131lacak gezinin 5-6 ayda tamamlanaca\u011f\u0131n\u0131 kaydetti.<\/p>\n<p>Daha temiz enerji kaynaklar\u0131n\u0131n kullan\u0131m\u0131 imkanlar\u0131n\u0131n sergilenmesine imkan veren u\u00e7a\u011f\u0131n yap\u0131m\u0131na, en son teknolojileri Solar Impulse 2\u2019nin hizmetine sunan 80 kadar \u015firketin katk\u0131 sa\u011flad\u0131\u011f\u0131 bildirildi.<\/p>\n<p>\u0130svi\u00e7re u\u00e7ak lisans\u0131na sahip Solar Impulse, ilk test u\u00e7u\u015funu Aral\u0131k 2009\u2019da yapmas\u0131n\u0131n ard\u0131ndan 7-9 Temmuz 2010\u2019da 9 saati gece olmak \u00fczere 26 saat aral\u0131ks\u0131z u\u00e7may\u0131 ba\u015farm\u0131\u015ft\u0131. Havada aral\u0131ks\u0131z 36 saat kalmas\u0131 amac\u0131yla geli\u015ftirilen Solar Impulse, 2012\u2019de \u0130svi\u00e7re\u2019den yola \u00e7\u0131karak \u0130spanya ve Fas\u2019a yapt\u0131\u011f\u0131 ba\u015far\u0131l\u0131 u\u00e7u\u015flar\u0131n ard\u0131ndan k\u0131talar aras\u0131 u\u00e7may\u0131 ba\u015faran ilk g\u00fcne\u015f enerjisiyle i\u015fleyen u\u00e7ak olmu\u015ftu.<\/p>\n<p>Solar Impulse 2013\u2019te de ABD\u2019yi boydan boya ge\u00e7erek bunu ba\u015faran g\u00fcne\u015f enerjisiyle i\u015fleyen ilk u\u00e7ak olarak tarihe ge\u00e7mi\u015fti. U\u00e7ak, 3 May\u0131s 2013\u2019te San Francisco havaalan\u0131ndan ba\u015flayan ABD gezisini, uzun bir zamana yay\u0131lm\u0131\u015f olarak ger\u00e7ekle\u015ftirmi\u015fti. ABD \u00fczerinde gece ve g\u00fcnd\u00fcz aral\u0131ks\u0131z u\u00e7an Solar Impulse uzun s\u00fcreli be\u015f mola vererek ger\u00e7ekle\u015ftirdi\u011fi gezisini 6 Temmuz 2013\u2019te New York\u2019taki John Fitzgerald Kennedy havaalan\u0131na inerek tamamlam\u0131\u015ft\u0131.<\/p>\n<p>Kaynak: <a href=\"http:\/\/www.aljazeera.com.tr\/haber\/gunes-enerjisiyle-dunyayi-dolasacak\" target=\"_blank\">aljazeera<\/a><\/p>","protected":false},"excerpt":{"rendered":"<p>Sorry, this entry is only available in Turkish. For the sake of viewer convenience, the content is shown below in the alternative language. You may click the link to switch the active language.\u0130lk g\u00fcne\u015f enerjisiyle \u00e7al\u0131\u015fan u\u00e7ak Solar Impulse\u2019\u0131n \u00fcreticileri yeni geli\u015ftirdikleri u\u00e7akla hedef b\u00fcy\u00fctt\u00fc. Solar Impulse 2, 2015\u2032te d\u00fcnyan\u0131n \u00e7evresini turlamaya haz\u0131rlan\u0131yor. Solar Impulse\u2019\u0131 [&hellip;]<\/p>\n","protected":false},"author":1,"featured_media":25211,"comment_status":"open","ping_status":"open","sticky":false,"template":"","format":"standard","meta":[],"categories":[53,49],"tags":[14229,63,67,1009,165,227,13,14228,842,105],"views":413,"_links":{"self":[{"href":"https:\/\/www.enerjigazetesi.ist\/en\/wp-json\/wp\/v2\/posts\/25210"}],"collection":[{"href":"https:\/\/www.enerjigazetesi.ist\/en\/wp-json\/wp\/v2\/posts"}],"about":[{"href":"https:\/\/www.enerjigazetesi.ist\/en\/wp-json\/wp\/v2\/types\/post"}],"author":[{"embeddable":true,"href":"https:\/\/www.enerjigazetesi.ist\/en\/wp-json\/wp\/v2\/users\/1"}],"replies":[{"embeddable":true,"href":"https:\/\/www.enerjigazetesi.ist\/en\/wp-json\/wp\/v2\/comments?post=25210"}],"version-history":[{"count":1,"href":"https:\/\/www.enerjigazetesi.ist\/en\/wp-json\/wp\/v2\/posts\/25210\/revisions"}],"predecessor-version":[{"id":25212,"href":"https:\/\/www.enerjigazetesi.ist\/en\/wp-json\/wp\/v2\/posts\/25210\/revisions\/25212"}],"wp:featuredmedia":[{"embeddable":true,"href":"https:\/\/www.enerjigazetesi.ist\/en\/wp-json\/wp\/v2\/media\/25211"}],"wp:attachment":[{"href":"https:\/\/www.enerjigazetesi.ist\/en\/wp-json\/wp\/v2\/media?parent=25210"}],"wp:term":[{"taxonomy":"category","embeddable":true,"href":"https:\/\/www.enerjigazetesi.ist\/en\/wp-json\/wp\/v2\/categories?post=25210"},{"taxonomy":"post_tag","embeddable":true,"href":"https:\/\/www.enerjigazetesi.ist\/en\/wp-json\/wp\/v2\/tags?post=25210"}],"curies":[{"name":"wp","href":"https:\/\/api.w.org\/{rel}","templated":true}]}}