{"id":25205,"date":"2014-04-11T15:49:27","date_gmt":"2014-04-11T12:49:27","guid":{"rendered":"https:\/\/www.enerjigazetesi.ist\/?p=25205"},"modified":"2014-04-11T15:50:15","modified_gmt":"2014-04-11T12:50:15","slug":"borusan-enbw-res-uretimi-gecti","status":"publish","type":"post","link":"https:\/\/www.enerjigazetesi.ist\/en\/borusan-enbw-res-uretimi-gecti\/","title":{"rendered":"(Turkish) Borusan EnBW Balabanl\u0131 RES \u00dcretime Ge\u00e7ti!"},"content":{"rendered":"<p class=\"qtranxs-available-languages-message qtranxs-available-languages-message-en\">Sorry, this entry is only available in <a href=\"https:\/\/www.enerjigazetesi.ist\/tr\/wp-json\/wp\/v2\/posts\/25205\" class=\"qtranxs-available-language-link qtranxs-available-language-link-tr\" title=\"Turkish\">Turkish<\/a>. For the sake of viewer convenience, the content is shown below in the alternative language. You may click the link to switch the active language.<\/p><p><\/p>\n<p style=\"text-align: left;\" align=\"center\"><strong>Borusan EnBW Enerji\u2019nin Tekirda\u011f\u2019daki 50 MW\u2019l\u0131k Balabanl\u0131 R\u00fczg\u00e2r Enerjisi Santralinin (RES) ilk faz\u0131n\u0131n ge\u00e7ici kabul\u00fc, bakanl\u0131k yetkililerinin de kat\u0131l\u0131m\u0131yla 4 Nisan tarihi itibariyle tamamland\u0131. Tesis ayn\u0131 g\u00fcn gece yar\u0131s\u0131ndan itibaren enerji sat\u0131\u015f\u0131na ba\u015flad\u0131.<\/strong><\/p>\n<p>Borusan EnBW Enerji&#8217;nin, 2009 y\u0131l\u0131nda i\u015fletmeye al\u0131nan Band\u0131rma RES&#8217;ten (Bal\u0131kesir, 60 MW)\u00a0sonra\u00a0ilk r\u00fczg\u00e2r yat\u0131r\u0131m\u0131 olan\u00a0Balabanl\u0131 RES&#8217;in (Tekirda\u011f, 50 MW) \u00a0 ilk faz\u0131 devreye girdi. \u0130lk faz\u0131n ge\u00e7ici kabul\u00fc Bakanl\u0131k yetkilileri<a href=\"https:\/\/www.enerjigazetesi.ist\/wp-content\/uploads\/2014\/04\/borusan-enbw-res-uretimi-gecti.jpg\"><img loading=\"lazy\" class=\"alignright size-medium wp-image-25206\" title=\"borusan-enbw-res-uretimi-gecti\" src=\"https:\/\/www.enerjigazetesi.ist\/wp-content\/uploads\/2014\/04\/borusan-enbw-res-uretimi-gecti-300x185.jpg\" alt=\"\" width=\"300\" height=\"185\" srcset=\"https:\/\/www.enerjigazetesi.ist\/wp-content\/uploads\/2014\/04\/borusan-enbw-res-uretimi-gecti-300x185.jpg 300w, https:\/\/www.enerjigazetesi.ist\/wp-content\/uploads\/2014\/04\/borusan-enbw-res-uretimi-gecti-500x309.jpg 500w, https:\/\/www.enerjigazetesi.ist\/wp-content\/uploads\/2014\/04\/borusan-enbw-res-uretimi-gecti-80x50.jpg 80w, https:\/\/www.enerjigazetesi.ist\/wp-content\/uploads\/2014\/04\/borusan-enbw-res-uretimi-gecti.jpg 600w\" sizes=\"(max-width: 300px) 100vw, 300px\" \/><\/a>nin de kat\u0131l\u0131m\u0131yla 4 Nisan 2014 tarihi itibariyle tamamland\u0131. Tesis ayn\u0131 g\u00fcn gece yar\u0131s\u0131ndan itibaren enerji sat\u0131\u015f\u0131na ba\u015flad\u0131.<\/p>\n<p>Y\u0131ll\u0131k yakla\u015f\u0131k\u00a0153.000 MWh\u00a0 \u00fcretim yapacak olan Balabanl\u0131 RES 50.000 hanenin y\u0131ll\u0131k elektrik enerjisi ihtiyac\u0131n\u0131 kar\u015f\u0131layacak ve y\u0131lda 90.000 ton\u00a0karbondioksit sal\u0131n\u0131m\u0131n\u0131 \u00f6nleyecek.<\/p>\n<p>\u201c<strong>Hedefimize do\u011fru g\u00fc\u00e7l\u00fc ad\u0131mlarla ilerliyoruz<\/strong>\u201d<\/p>\n<p>\u0130lk faz\u0131n i\u015fletmeye al\u0131nmas\u0131 nedeni ile bir a\u00e7\u0131klama yapan Borusan EnBW Enerji Genel M\u00fcd\u00fcr\u00fc Mehmet Acarla \u015funlar\u0131 s\u00f6yledi:<\/p>\n<p>\u201c\u00c7al\u0131\u015fmalar\u0131m\u0131z \u00f6ng\u00f6rd\u00fc\u011f\u00fcm\u00fcz gibi devam ediyor. Birinci faz\u0131n i\u015fletmeye al\u0131nmas\u0131yla \u00fclkemizin elektrik \u00fcretimine ve karbon sal\u0131n\u0131m\u0131n\u0131n azalt\u0131lmas\u0131na \u00f6nemli bir katk\u0131 yapm\u0131\u015f olduk. Balabanl\u0131 RES\u2019in ikinci faz\u0131n\u0131n May\u0131s ay\u0131 ortas\u0131nda, t\u00fcm\u00fcn\u00fcn ise 2014 y\u0131l\u0131n\u0131n ilk yar\u0131s\u0131nda i\u015fletmeye al\u0131nmas\u0131n\u0131 hedefliyoruz. B\u00f6ylece tesisi planlanan tarihten iki ay \u00f6nce i\u015fletmeye alm\u0131\u015f olaca\u011f\u0131z. Ba\u015far\u0131l\u0131 \u00e7al\u0131\u015fmalar\u0131 i\u00e7in b\u00fct\u00fcn ekip arkada\u015flar\u0131m\u0131 kutlar\u0131m. R\u00fczg\u00e2r enerjisinde k\u0131sa vadede 455 MW; uzun vadede ise 1500 MW\u2019\u0131n \u00fcst\u00fcnde bir r\u00fczg\u00e2r kurulu g\u00fcc\u00fcne ula\u015fma hedefimize do\u011fru g\u00fc\u00e7l\u00fc ad\u0131mlarla ilerliyoruz.\u201d<\/p>\n<p><strong>2011\u2019den bu yana Borusan EnBW Enerji portf\u00f6y\u00fcnde<\/strong><\/p>\n<p>Balabanl\u0131 RES projesi Temmuz 2011 itibariyle Borusan EnBW Enerji\u00a0portf\u00f6y\u00fcne kazand\u0131r\u0131lm\u0131\u015f; 2012 y\u0131l\u0131nda yat\u0131r\u0131m karar\u0131 al\u0131narak t\u00fcrbin tedarik ve bak\u0131m, in\u015faat i\u015fleri ile di\u011fer ilgili\u00a0s\u00f6zle\u015fmeler imzalanm\u0131\u015ft\u0131. 17 Ekim 2012\u2019de Enerji ve Tabii Kaynaklar Bakan\u0131 Say\u0131n Taner Y\u0131ld\u0131z ve Baden-W\u00fcrttemberg \u00c7evre ve Enerji Bakan\u0131 Say\u0131n Franz Untersteller\u2019in kat\u0131l\u0131m\u0131 ile yat\u0131r\u0131m s\u00fcrecinin ba\u015flang\u0131c\u0131 t\u00fcm payda\u015flara duyurulmu\u015ftu. Projeyle ilgili idari s\u00fcre\u00e7lerin tamamlanmas\u0131n\u0131n ard\u0131ndan 18 Eyl\u00fcl 2013\u2019de temel atma t\u00f6reni yap\u0131lm\u0131\u015ft\u0131.<\/p>\n<p>Yay\u0131nc\u0131: <a href=\"https:\/\/www.enerjigazetesi.ist\" target=\"_blank\">Enerji Gazetesi<\/a><\/p>","protected":false},"excerpt":{"rendered":"<p>Sorry, this entry is only available in Turkish. For the sake of viewer convenience, the content is shown below in the alternative language. You may click the link to switch the active language. Borusan EnBW Enerji\u2019nin Tekirda\u011f\u2019daki 50 MW\u2019l\u0131k Balabanl\u0131 R\u00fczg\u00e2r Enerjisi Santralinin (RES) ilk faz\u0131n\u0131n ge\u00e7ici kabul\u00fc, bakanl\u0131k yetkililerinin de kat\u0131l\u0131m\u0131yla 4 Nisan tarihi [&hellip;]<\/p>\n","protected":false},"author":1,"featured_media":25206,"comment_status":"open","ping_status":"open","sticky":false,"template":"","format":"standard","meta":[],"categories":[53,50],"tags":[14226,14225,63,67,1009,3507,165,14227,474,69,16,231,4513],"views":1030,"_links":{"self":[{"href":"https:\/\/www.enerjigazetesi.ist\/en\/wp-json\/wp\/v2\/posts\/25205"}],"collection":[{"href":"https:\/\/www.enerjigazetesi.ist\/en\/wp-json\/wp\/v2\/posts"}],"about":[{"href":"https:\/\/www.enerjigazetesi.ist\/en\/wp-json\/wp\/v2\/types\/post"}],"author":[{"embeddable":true,"href":"https:\/\/www.enerjigazetesi.ist\/en\/wp-json\/wp\/v2\/users\/1"}],"replies":[{"embeddable":true,"href":"https:\/\/www.enerjigazetesi.ist\/en\/wp-json\/wp\/v2\/comments?post=25205"}],"version-history":[{"count":3,"href":"https:\/\/www.enerjigazetesi.ist\/en\/wp-json\/wp\/v2\/posts\/25205\/revisions"}],"predecessor-version":[{"id":25209,"href":"https:\/\/www.enerjigazetesi.ist\/en\/wp-json\/wp\/v2\/posts\/25205\/revisions\/25209"}],"wp:featuredmedia":[{"embeddable":true,"href":"https:\/\/www.enerjigazetesi.ist\/en\/wp-json\/wp\/v2\/media\/25206"}],"wp:attachment":[{"href":"https:\/\/www.enerjigazetesi.ist\/en\/wp-json\/wp\/v2\/media?parent=25205"}],"wp:term":[{"taxonomy":"category","embeddable":true,"href":"https:\/\/www.enerjigazetesi.ist\/en\/wp-json\/wp\/v2\/categories?post=25205"},{"taxonomy":"post_tag","embeddable":true,"href":"https:\/\/www.enerjigazetesi.ist\/en\/wp-json\/wp\/v2\/tags?post=25205"}],"curies":[{"name":"wp","href":"https:\/\/api.w.org\/{rel}","templated":true}]}}