{"id":25156,"date":"2014-04-10T11:27:13","date_gmt":"2014-04-10T08:27:13","guid":{"rendered":"https:\/\/www.enerjigazetesi.ist\/?p=25156"},"modified":"2014-04-10T11:27:13","modified_gmt":"2014-04-10T08:27:13","slug":"2017-dunya-petrol-kongresi-istanbulda-yapilacak","status":"publish","type":"post","link":"https:\/\/www.enerjigazetesi.ist\/en\/2017-dunya-petrol-kongresi-istanbulda-yapilacak\/","title":{"rendered":"(Turkish) 2017 D\u00fcnya Petrol Kongresi \u0130stanbul\u2019da Yap\u0131lacak&#8230;"},"content":{"rendered":"<p class=\"qtranxs-available-languages-message qtranxs-available-languages-message-en\">Sorry, this entry is only available in <a href=\"https:\/\/www.enerjigazetesi.ist\/tr\/wp-json\/wp\/v2\/posts\/25156\" class=\"qtranxs-available-language-link qtranxs-available-language-link-tr\" title=\"Turkish\">Turkish<\/a>. For the sake of viewer convenience, the content is shown below in the alternative language. You may click the link to switch the active language.<\/p><p><strong>Enerji ve Tabii Kaynaklar Bakan\u0131 Taner Y\u0131ld\u0131z, 2017 D\u00fcnya Petrol Kongresi\u2019nin \u0130stanbul\u2019da ger\u00e7ekle\u015ftirilece\u011fini bildirerek, \u201cT\u00fcrkiye, b\u00fcy\u00fcyen, ilerleyen ve geli\u015fen bir \u00fclke. \u00dc\u00e7 kat\u0131na \u00e7\u0131kt\u0131k son 11 y\u0131lda. \u0130n\u015fallah 2017\u2032ye kadar daha \u00e7ok ilerleme kaydedece\u011fiz\u201d dedi. Y\u0131ld\u0131z, T\u00fcrkiye\u2019nin ev sahipli\u011finde \u0130stanbul\u2019da yap\u0131lacak \u201c2017 D\u00fcnya Petrol Kongresi\u201dne ili\u015fkin imza t\u00f6renine kat\u0131ld\u0131.<\/strong><\/p>\n<p>B\u00f6ylesine \u00f6nemli bir toplant\u0131ya ev sahipli\u011f<a href=\"https:\/\/www.enerjigazetesi.ist\/wp-content\/uploads\/2014\/04\/2017-dunya-petrol-kongresi-istanbulda-yapilacak.jpg\"><img loading=\"lazy\" class=\"alignleft size-medium wp-image-25157\" title=\"2017-dunya-petrol-kongresi-istanbulda-yapilacak\" src=\"https:\/\/www.enerjigazetesi.ist\/wp-content\/uploads\/2014\/04\/2017-dunya-petrol-kongresi-istanbulda-yapilacak-300x200.jpg\" alt=\"\" width=\"300\" height=\"200\" srcset=\"https:\/\/www.enerjigazetesi.ist\/wp-content\/uploads\/2014\/04\/2017-dunya-petrol-kongresi-istanbulda-yapilacak-300x200.jpg 300w, https:\/\/www.enerjigazetesi.ist\/wp-content\/uploads\/2014\/04\/2017-dunya-petrol-kongresi-istanbulda-yapilacak-74x50.jpg 74w, https:\/\/www.enerjigazetesi.ist\/wp-content\/uploads\/2014\/04\/2017-dunya-petrol-kongresi-istanbulda-yapilacak.jpg 379w\" sizes=\"(max-width: 300px) 100vw, 300px\" \/><\/a>i yapacak olman\u0131n heyecan\u0131n\u0131 ya\u015fad\u0131klar\u0131n\u0131 ifade eden Y\u0131ld\u0131z, 4 \u00fclke aras\u0131ndan T\u00fcrkiye\u2019nin se\u00e7ilmesinden duydu\u011fu memnuniyeti dile getirdi. Y\u0131ld\u0131z, \u201cBiz \u00e7ok istekliydik, \u00f6zel sekt\u00f6r\u00fc, kamu ve h\u00fck\u00fcmetimiz olarak\u2026 Bu manada \u0130stanbul\u2019da d\u00fczenlemesi i\u00e7in \u00e7ok fazla gayret g\u00f6sterdik. T\u00fcrkiye b\u00fcy\u00fcyen, ilerleyen ve geli\u015fen bir \u00fclke. \u00dc\u00e7 kat\u0131na \u00e7\u0131kt\u0131k son 11 y\u0131lda. \u0130n\u015fallah 2017\u2032ye kadar daha \u00e7ok ilerleme kaydedece\u011fiz\u201d diye konu\u015ftu.<\/p>\n<p>Asya ve Avrupa\u2019n\u0131n bulu\u015ftu\u011fu \u0130stanbul\u2019da \u00e7ok ciddi bir alt yap\u0131 \u00e7al\u0131\u015fmas\u0131 bulundu\u011funu dile getiren Y\u0131ld\u0131z, \u201cSamimi ve kalbi b\u00fct\u00fcn duygular\u0131m\u0131zla iyi ev sahipli\u011fi yapaca\u011f\u0131m\u0131za inan\u0131yoruz\u201d ifadesini kulland\u0131.<\/p>\n<p>D\u00fcnya Petrol Konseyi Ba\u015fkan\u0131 Renato Bertani ise \u0130stanbul\u2019un kazand\u0131\u011f\u0131n\u0131 \u00e7\u00fcnk\u00fc T\u00fcrk Milli Komitesinin tan\u0131t\u0131m \u00e7al\u0131\u015fmalar\u0131n\u0131n \u00e7ok ba\u015far\u0131l\u0131 oldu\u011funu ifade etti. T\u00fcrkiye\u2019nin ekonomisinin \u00e7ok sa\u011flam oldu\u011funu belirten Bertani, \u201cT\u00fcrkiye, k\u00fclt\u00fcrleri, k\u0131talar\u0131, do\u011fu ve bat\u0131 aras\u0131ndaki piyasalar\u0131 birle\u015ftiren bir \u00fclke\u201d de\u011ferlendirmesinde bulundu.<\/p>\n<p>Konu\u015fmalar\u0131n ard\u0131ndan \u0130stanbul\u2019da ger\u00e7ekle\u015ftirilecek \u201c2017 D\u00fcnya Petrol Kongresi\u201dne ili\u015fkin iyi niyet anla\u015fmas\u0131 imzaland\u0131.<\/p>\n<p>Kaynak: <a href=\"http:\/\/www.bloomberght.com\/haberler\/haber\/1538857-2017-dunya-petrol-kongresi-istanbulda-yapilacak\" target=\"_blank\">BloombergHT<\/a><\/p>","protected":false},"excerpt":{"rendered":"<p>Sorry, this entry is only available in Turkish. For the sake of viewer convenience, the content is shown below in the alternative language. You may click the link to switch the active language.Enerji ve Tabii Kaynaklar Bakan\u0131 Taner Y\u0131ld\u0131z, 2017 D\u00fcnya Petrol Kongresi\u2019nin \u0130stanbul\u2019da ger\u00e7ekle\u015ftirilece\u011fini bildirerek, \u201cT\u00fcrkiye, b\u00fcy\u00fcyen, ilerleyen ve geli\u015fen bir \u00fclke. \u00dc\u00e7 kat\u0131na [&hellip;]<\/p>\n","protected":false},"author":1,"featured_media":25157,"comment_status":"open","ping_status":"open","sticky":false,"template":"","format":"standard","meta":[],"categories":[53,44],"tags":[14203,710,63,67,1009,165,59,79,14204,667],"views":829,"_links":{"self":[{"href":"https:\/\/www.enerjigazetesi.ist\/en\/wp-json\/wp\/v2\/posts\/25156"}],"collection":[{"href":"https:\/\/www.enerjigazetesi.ist\/en\/wp-json\/wp\/v2\/posts"}],"about":[{"href":"https:\/\/www.enerjigazetesi.ist\/en\/wp-json\/wp\/v2\/types\/post"}],"author":[{"embeddable":true,"href":"https:\/\/www.enerjigazetesi.ist\/en\/wp-json\/wp\/v2\/users\/1"}],"replies":[{"embeddable":true,"href":"https:\/\/www.enerjigazetesi.ist\/en\/wp-json\/wp\/v2\/comments?post=25156"}],"version-history":[{"count":1,"href":"https:\/\/www.enerjigazetesi.ist\/en\/wp-json\/wp\/v2\/posts\/25156\/revisions"}],"predecessor-version":[{"id":25158,"href":"https:\/\/www.enerjigazetesi.ist\/en\/wp-json\/wp\/v2\/posts\/25156\/revisions\/25158"}],"wp:featuredmedia":[{"embeddable":true,"href":"https:\/\/www.enerjigazetesi.ist\/en\/wp-json\/wp\/v2\/media\/25157"}],"wp:attachment":[{"href":"https:\/\/www.enerjigazetesi.ist\/en\/wp-json\/wp\/v2\/media?parent=25156"}],"wp:term":[{"taxonomy":"category","embeddable":true,"href":"https:\/\/www.enerjigazetesi.ist\/en\/wp-json\/wp\/v2\/categories?post=25156"},{"taxonomy":"post_tag","embeddable":true,"href":"https:\/\/www.enerjigazetesi.ist\/en\/wp-json\/wp\/v2\/tags?post=25156"}],"curies":[{"name":"wp","href":"https:\/\/api.w.org\/{rel}","templated":true}]}}