{"id":25101,"date":"2014-04-09T10:24:42","date_gmt":"2014-04-09T07:24:42","guid":{"rendered":"https:\/\/www.enerjigazetesi.ist\/?p=25101"},"modified":"2014-04-09T10:24:42","modified_gmt":"2014-04-09T07:24:42","slug":"tekno-ray-solardan-4-yeni-proje","status":"publish","type":"post","link":"https:\/\/www.enerjigazetesi.ist\/en\/tekno-ray-solardan-4-yeni-proje\/","title":{"rendered":"(Turkish) Tekno Ray Solar\u2019dan 4 Yeni Proje&#8230;"},"content":{"rendered":"<p class=\"qtranxs-available-languages-message qtranxs-available-languages-message-en\">Sorry, this entry is only available in <a href=\"https:\/\/www.enerjigazetesi.ist\/tr\/wp-json\/wp\/v2\/posts\/25101\" class=\"qtranxs-available-language-link qtranxs-available-language-link-tr\" title=\"Turkish\">Turkish<\/a>. For the sake of viewer convenience, the content is shown below in the alternative language. You may click the link to switch the active language.<\/p><p><strong>Tekno Ray Solar, \u0130stanbul, Kahramanmara\u015f, Isparta ve Ad\u0131yaman\u2019da zemine monte ve \u00e7at\u0131 \u00fczeri olmak \u00fczere toplamda 2,5 MW\u2019l\u0131k 4 farkl\u0131 G\u00fcne\u015f Enerji Santralini devreye ald\u0131. Yenilenebilir ve s\u0131n\u0131rs\u0131z enerji kayna\u011f\u0131 g\u00fcne\u015fi, kurdu\u011fu santrallerle t\u00fcm <a href=\"https:\/\/www.enerjigazetesi.ist\/wp-content\/uploads\/2014\/04\/tekno-ray-solardan-4-yeni-proje.jpg\"><img loading=\"lazy\" class=\"alignleft size-medium wp-image-25102\" title=\"tekno-ray-solardan-4-yeni-proje\" src=\"https:\/\/www.enerjigazetesi.ist\/wp-content\/uploads\/2014\/04\/tekno-ray-solardan-4-yeni-proje-300x200.jpg\" alt=\"\" width=\"300\" height=\"200\" srcset=\"https:\/\/www.enerjigazetesi.ist\/wp-content\/uploads\/2014\/04\/tekno-ray-solardan-4-yeni-proje-300x200.jpg 300w, https:\/\/www.enerjigazetesi.ist\/wp-content\/uploads\/2014\/04\/tekno-ray-solardan-4-yeni-proje-74x50.jpg 74w, https:\/\/www.enerjigazetesi.ist\/wp-content\/uploads\/2014\/04\/tekno-ray-solardan-4-yeni-proje.jpg 448w\" sizes=\"(max-width: 300px) 100vw, 300px\" \/><\/a>i\u015fletmeler i\u00e7in karl\u0131 bir yat\u0131r\u0131ma d\u00f6n\u00fc\u015ft\u00fcren Tekno Ray Solar; \u0130stanbul, Kahramanmara\u015f, Isparta ve Ad\u0131yaman\u2019da toplamda 2,5 MW\u2019l\u0131k 4 farkl\u0131 G\u00fcne\u015f Enerjisi Santralini devreye ald\u0131. \u0130stanbul, Kahramanmara\u015f, Isparta ve Ad\u0131yaman\u2019da bulunan G\u00fcne\u015f Enerjisi Santralleri b\u00f6lgelerinin \u201cilki\u201d olma \u00f6zelli\u011fini de ta\u015f\u0131yor.<\/strong><\/p>\n<p>Tekno Ray Solar, projelerinizinlerinin al\u0131nmas\u0131ndan sat\u0131n alma, te\u015fvik ve g\u00fcmr\u00fckleme i\u015flemlerine, en verimli tasar\u0131m\u0131n yap\u0131lmas\u0131ndan, statik hesaplamalar\u0131na kadar projenin her s\u00fcrecini \u00fcstleniyor. Anahtar teslimi G\u00fcne\u015f Enerjisi Santrali in\u015fas\u0131 yapan Tekno Ray Solar, t\u00fcm projelerinde elektrik \u015febekesine ba\u011flant\u0131 hizmetlerini de sa\u011fl\u0131yor.<\/p>\n<p><strong>2014 HEDEF\u0130<\/strong><\/p>\n<p>23 MW\u2019l\u0131k zemine monte ve \u00e7at\u0131 \u00fczeri G\u00fcne\u015f Enerjisi Santrali projesinin s\u00f6zle\u015fmesini tamamlam\u0131\u015f olan Tekno Ray Solar, toplamda 35 MW\u2019l\u0131k projeyi 2014 y\u0131l\u0131 sonun kadar bitirmeyi hedefliyor.<\/p>\n<p>Tekno \u015eirketler Grubu, Tekno Ray Solar ile ba\u015flad\u0131\u011f\u0131 g\u00fcne\u015f enerjisi taahh\u00fct i\u015finin yan\u0131 s\u0131ra, yat\u0131r\u0131mc\u0131 kimli\u011fiyle de g\u00fcne\u015f enerjisi yat\u0131r\u0131mlar\u0131na olan inanc\u0131n\u0131 kan\u0131tl\u0131yor. Gerek yat\u0131r\u0131mc\u0131lara gerekse i\u015fletme sahiplerine b\u00fcy\u00fck avantajlar sunan Tekno Ray Solar, T\u00fcrkiye\u2019nin her noktas\u0131nda hizmet verebilen deneyimli kadrosu ile sat\u0131\u015f sonras\u0131 hizmet deste\u011fini de sa\u011fl\u0131yor.<\/p>\n<p>Toplamda 1.2 GigaWatt\u2019\u0131n \u00fczerinde enerji santrali portf\u00f6y\u00fc ile Enerray S.p.A. ve Tekno \u015eirketler Grubu ortakl\u0131\u011f\u0131yla faaliyetlerine ba\u015flayan Tekno Ray Solar,anahtar teslimi t\u00fcm zemine monte ve \u00e7at\u0131 sistemleri projelerinde 25 y\u0131l garanti s\u00f6z\u00fc veriyor.<\/p>\n<p>Kaynak: <a href=\"http:\/\/enerjigunlugu.net\/tekno-ray-solardan-4-yeni-proje_7942.html\" target=\"_blank\">Enerji G\u00fcnl\u00fc\u011f\u00fc<\/a><\/p>","protected":false},"excerpt":{"rendered":"<p>Sorry, this entry is only available in Turkish. For the sake of viewer convenience, the content is shown below in the alternative language. You may click the link to switch the active language.Tekno Ray Solar, \u0130stanbul, Kahramanmara\u015f, Isparta ve Ad\u0131yaman\u2019da zemine monte ve \u00e7at\u0131 \u00fczeri olmak \u00fczere toplamda 2,5 MW\u2019l\u0131k 4 farkl\u0131 G\u00fcne\u015f Enerji Santralini [&hellip;]<\/p>\n","protected":false},"author":1,"featured_media":25102,"comment_status":"open","ping_status":"open","sticky":false,"template":"","format":"standard","meta":[],"categories":[53,49],"tags":[3115,63,67,1009,165,2326,227,14166,13,14167,1967,6756,10332],"views":716,"_links":{"self":[{"href":"https:\/\/www.enerjigazetesi.ist\/en\/wp-json\/wp\/v2\/posts\/25101"}],"collection":[{"href":"https:\/\/www.enerjigazetesi.ist\/en\/wp-json\/wp\/v2\/posts"}],"about":[{"href":"https:\/\/www.enerjigazetesi.ist\/en\/wp-json\/wp\/v2\/types\/post"}],"author":[{"embeddable":true,"href":"https:\/\/www.enerjigazetesi.ist\/en\/wp-json\/wp\/v2\/users\/1"}],"replies":[{"embeddable":true,"href":"https:\/\/www.enerjigazetesi.ist\/en\/wp-json\/wp\/v2\/comments?post=25101"}],"version-history":[{"count":2,"href":"https:\/\/www.enerjigazetesi.ist\/en\/wp-json\/wp\/v2\/posts\/25101\/revisions"}],"predecessor-version":[{"id":25104,"href":"https:\/\/www.enerjigazetesi.ist\/en\/wp-json\/wp\/v2\/posts\/25101\/revisions\/25104"}],"wp:featuredmedia":[{"embeddable":true,"href":"https:\/\/www.enerjigazetesi.ist\/en\/wp-json\/wp\/v2\/media\/25102"}],"wp:attachment":[{"href":"https:\/\/www.enerjigazetesi.ist\/en\/wp-json\/wp\/v2\/media?parent=25101"}],"wp:term":[{"taxonomy":"category","embeddable":true,"href":"https:\/\/www.enerjigazetesi.ist\/en\/wp-json\/wp\/v2\/categories?post=25101"},{"taxonomy":"post_tag","embeddable":true,"href":"https:\/\/www.enerjigazetesi.ist\/en\/wp-json\/wp\/v2\/tags?post=25101"}],"curies":[{"name":"wp","href":"https:\/\/api.w.org\/{rel}","templated":true}]}}