{"id":2510,"date":"2012-10-03T09:25:35","date_gmt":"2012-10-03T06:25:35","guid":{"rendered":"https:\/\/www.enerjigazetesi.ist\/?p=2510"},"modified":"2012-10-03T09:38:44","modified_gmt":"2012-10-03T06:38:44","slug":"daha-iyi-bir-dunya-icin-bulustular","status":"publish","type":"post","link":"https:\/\/www.enerjigazetesi.ist\/en\/daha-iyi-bir-dunya-icin-bulustular\/","title":{"rendered":"(Turkish) \u2018Daha \u0130yi Bir D\u00fcnya\u2019 i\u00e7in bulu\u015ftular"},"content":{"rendered":"<p class=\"qtranxs-available-languages-message qtranxs-available-languages-message-en\">Sorry, this entry is only available in <a href=\"https:\/\/www.enerjigazetesi.ist\/tr\/wp-json\/wp\/v2\/posts\/2510\" class=\"qtranxs-available-language-link qtranxs-available-language-link-tr\" title=\"Turkish\">Turkish<\/a>. For the sake of viewer convenience, the content is shown below in the alternative language. You may click the link to switch the active language.<\/p><p><strong>Filli Boya Yal\u0131t\u0131m Grubu ve WWF-T\u00fcrkiye ve i\u015fbirli\u011fiyle y\u00fcr\u00fct\u00fclen, iklim de\u011fi\u015fikli\u011fi ve enerji verimlili\u011fi konusunda \u00fclkemizde fark\u0131ndal\u0131k olu\u015fturmay\u0131 ve Karbon Ayak \u0130zi\u2019ni azaltmak i\u00e7in \u0131s\u0131 yal\u0131t\u0131m\u0131 ba\u015fta olmak \u00fczere alabilece\u011fimiz \u00f6nlemler hakk\u0131nda kamuoyunu bilgilendirmeyi ama\u00e7layan \u201cDaha \u0130yi Bir D\u00fcnya\u201d projesinin \u00fc\u00e7\u00fcnc\u00fc dura\u011f\u0131 Erzurum oldu.<\/strong><\/p>\n<p><img loading=\"lazy\" class=\"alignleft size-full wp-image-2511\" title=\"daha-iyi-bir-dunya-icin-bulustular-enerji-verimliligi-ve-isi-yalitimi\" src=\"https:\/\/www.enerjigazetesi.ist\/wp-content\/uploads\/2012\/10\/daha-iyi-bir-dunya-icin-bulustular-enerji-verimliligi-ve-isi-yalitimi.jpg\" alt=\"\" width=\"250\" height=\"190\" srcset=\"https:\/\/www.enerjigazetesi.ist\/wp-content\/uploads\/2012\/10\/daha-iyi-bir-dunya-icin-bulustular-enerji-verimliligi-ve-isi-yalitimi.jpg 250w, https:\/\/www.enerjigazetesi.ist\/wp-content\/uploads\/2012\/10\/daha-iyi-bir-dunya-icin-bulustular-enerji-verimliligi-ve-isi-yalitimi-65x50.jpg 65w\" sizes=\"(max-width: 250px) 100vw, 250px\" \/>\u201cDaha \u0130yi Bir D\u00fcnya\u201d projesi kapsam\u0131nda, bug\u00fcn k\u00fclt\u00fcr Merkezi Salonu\u2019nda ger\u00e7ekle\u015ftirilen programa; Erzurum B\u00fcy\u00fck\u015fehir Belediyesi \u00c7evre Koruma ve Kontrol Dairesi Ba\u015fkan\u0131 Durak Bulut, Paland\u00f6ken Belediyesi Ba\u015fkan Yard\u0131mc\u0131s\u0131 Zafer B\u00fclent Engin\u2019in yan\u0131 s\u0131ra Erzurum Ticaret ve Sanayi Odas\u0131 Y\u00f6netim Kurulu Ba\u015fkan\u0131 Hasan Akal, \u0130n\u015faat M\u00fchendisleri Odas\u0131 Erzurum \u015eube Ba\u015fkan\u0131 Yrd. Do\u00e7. Dr. Ferhat Bing\u00f6l, Makine M\u00fchendisleri Odas\u0131 Y\u00f6netim Kurulu Ba\u015fkan Yard\u0131mc\u0131s\u0131 Do\u00e7. Dr. Bayram \u015eahin, Betek Yal\u0131t\u0131m Grubu G\u00fcne\u015f \u0130nan ve WWF-T\u00fcrkiye Hukuk \u0130\u015fleri M\u00fcd\u00fcr\u00fc Engin \u015eenol kat\u0131ld\u0131.<br \/>\n<strong><\/strong><\/p>\n<p><strong><\/strong>\u00a0<\/p>\n<p><strong><\/strong>\u00a0<\/p>\n<p><strong>\u015eENOL\u2019<\/strong><strong>UN SUNUMU<\/strong><br \/>\n\u201cBinalarda Enerji Verimlili\u011fi ve Is\u0131 Yal\u0131t\u0131m\u0131\u201d konulu seminerin a\u00e7\u0131l\u0131\u015f b\u00f6l\u00fcm\u00fcnde konu\u015fan WWF-T\u00fcrkiye Hukuk \u0130\u015fleri M\u00fcd\u00fcr\u00fc Engin \u015eenol, \u201cBizim Erzurum\u2019da \u00e7ok g\u00fczel misafir ediyorlar. B\u00fcy\u00fck\u015fehir Belediyesine ve Paland\u00f6ken Belediyesine bize verdi\u011fi hizmetlerden dolay\u0131 te\u015fekk\u00fcr etmek istiyorum. Bu projenin en b\u00fcy\u00fck amac\u0131 do\u011fay\u0131 korumakt\u0131r. Daha az enerji ile hem do\u011fay\u0131 koruyal\u0131m hem de d\u0131\u015fa olan enerji ba\u011f\u0131ml\u0131l\u0131\u011f\u0131m\u0131z\u0131 azaltal\u0131m.\u201d dedi.<\/p>\n<p><strong>B\u0130NG\u00d6L\u2019\u00dcN DE\u011eERLEND\u0130RMES\u0130<\/strong><br \/>\n\u0130n\u015faat M\u00fchendisleri Odas\u0131 Erzurum \u015eube Ba\u015fkan\u0131 Yrd. Do\u00e7. Ferhat Bing\u00f6l ise \u201cErzurum gibi bir yerde son birka\u00e7 y\u0131lda yal\u0131t\u0131ma kar\u015f\u0131 bilin\u00e7lendik ve uygulamaya a\u011f\u0131rl\u0131k verdik. Yal\u0131t\u0131m ilk \u00e7a\u011flardan beri insanlar\u0131n i\u00e7inde olan bir fiziksel d\u00fcrt\u00fcd\u00fcr. Bu seminer sayesinde \u00e7o\u011fumuz yal\u0131t\u0131m\u0131n \u00f6nemini daha da iyi anlayaca\u011f\u0131z.\u201d \u015feklinde konu\u015ftu.<\/p>\n<p>Makine M\u00fchendisleri Odas\u0131 Y\u00fcr\u00fctme Kurulu Ba\u015fkan\u0131 Do\u00e7. Dr. Bayram \u015eahin de konu\u015fmas\u0131nda \u201cErzurum ve yal\u0131t\u0131m kelimeleri birbirine \u00e7ok yak\u0131n kelimeler. Yal\u0131t\u0131m\u0131 olmayan binalar\u0131m\u0131zda \u00f6nlemler al\u0131p enerji tasarrufunu sa\u011flamal\u0131y\u0131z. E\u011fer iyi bir \u015fekilde enerji tasarrufu yaparsak \u00e7ok b\u00fcy\u00fck miktarlarda kar elde ederiz.\u201d ifadelerini kulland\u0131.<\/p>\n<p>Erzurum Ticaret ve Sanayi Odas\u0131 Y\u00f6netim Kurulu Ba\u015fkan Yard\u0131mc\u0131s\u0131 Hasan Akal da \u201cEnerjiyi daha az kullanarak i\u015flerimizi yapal\u0131m. D\u0131\u015fa para ak\u0131\u015f\u0131n\u0131 \u00f6nleyelim. Yal\u0131t\u0131m evlerdeki ya\u015fam standartlar\u0131 da y\u00fckseltir. Az enerji kullanarak \u00e7evremizde sahip \u00e7\u0131kabiliriz.\u201d diye konu\u015ftu.<\/p>\n<p><strong>BULU\u00c7\u2019TAN YALITIM VURGUSU<\/strong><br \/>\nErzurum \u00c7evre ve \u015eehircilik \u0130l M\u00fcd\u00fcr\u00fc Rasim Bulu\u00e7 ise \u201cB\u00fcy\u00fck\u015fehir Belediyesine ve Paland\u00f6ken Belediyesine b\u00f6yle bir projeye destek verdi\u011fi i\u00e7in te\u015fekk\u00fcr ediyorum. Yal\u0131t\u0131m\u0131n 2 boyutu vard\u0131r. Bunlardan birincisi ekonomik boyutudur. Yani enerjiyi az kullanarak cebimize para kalmas\u0131n\u0131 sa\u011flayabiliriz. \u0130kinci boyutu ise \u00e7evredir. Az enerji kullan\u0131rsak \u00e7evremize daha az zarar veririz. Ama biz di\u011fer d\u00fcnya \u00fclkelerine g\u00f6re 4 kat daha fazla enerji kullan\u0131yoruz. Az enerji kullanarak hem kendimize hem \u00e7evremize hem de devletimize sahip \u00e7\u0131kal\u0131m\u201d dedi.<\/p>\n<p><strong>ENERJ\u0130 VER\u0130ML\u0130L\u0130\u011e\u0130<\/strong><br \/>\nSeminerde, iklim de\u011fi\u015fikli\u011fi ile m\u00fccadelede enerji verimlili\u011finin \u00f6nemi, enerji verimlili\u011fi konusunda T\u00fcrkiye\u2019de mevcut durum, al\u0131nmas\u0131 gereken \u00f6nlemler ve Erzurum ilinde binalarda enerji verimlili\u011finin sa\u011flanmas\u0131nda \u0131s\u0131 yal\u0131t\u0131m\u0131n\u0131n \u00f6nemi konular\u0131 Erzurumlularla payla\u015f\u0131ld\u0131.<\/p>\n<p>Is\u0131 yal\u0131t\u0131m\u0131n\u0131n t\u00fcm d\u00fcnyada kabul g\u00f6ren en \u00f6nemli enerji tasarrufu y\u00f6ntemlerinden biri oldu\u011funun vurguland\u0131\u011f\u0131 seminerde, T\u00fcrkiye\u2019deki t\u00fcm binalar\u0131n \u0131s\u0131 yal\u0131t\u0131ml\u0131 olmas\u0131 halinde 1 y\u0131lda 6 adet k\u00f6m\u00fcr santralinin \u00e7\u0131kard\u0131\u011f\u0131 sera gaz\u0131 emisyonunun bertaraf edilebilece\u011fi belirtildi.<\/p>\n<p>WWF-T\u00fcrkiye ve Filli Boya Yal\u0131t\u0131m i\u015fbirli\u011finde, iklim de\u011fi\u015fikli\u011fiyle m\u00fccadele ve enerji verimlili\u011fi konular\u0131nda fark\u0131ndal\u0131k yaratmak ve Karbon Ayak \u0130zi\u2019ni azaltmak i\u00e7in \u0131s\u0131 yal\u0131t\u0131m\u0131 ba\u015fta olmak \u00fczere alabilece\u011fimiz \u00f6nlemler hakk\u0131nda kamuoyunu bilgilendirme amac\u0131yla yola \u00e7\u0131kan \u201cDaha \u0130yi Bir D\u00fcnya\u201d projesinin \u00fc\u00e7\u00fcnc\u00fc dura\u011f\u0131 Konya ve Bursa\u2019n\u0131n ard\u0131ndan Erzurum oldu.<\/p>\n<p>Erzurum B\u00fcy\u00fck\u015fehir Belediyesi ve Erzurum \u00c7evre ve \u015eehircilik \u0130l M\u00fcd\u00fcrl\u00fc\u011f\u00fc ile i\u015fbirli\u011finde 2 Ekim 2012 tarihinde Erzurum B\u00fcy\u00fck\u015fehir Belediyesi K\u00fclt\u00fcr Merkezi Salonu\u2019nda d\u00fczenlenen seminer, kamu kurum ve kurulu\u015flar\u0131 ve meslek odalar\u0131 ba\u015fta olmak \u00fczere halk\u0131n yo\u011fun ilgisi ile ger\u00e7ekle\u015ftirildi.<\/p>\n<p>Seminerde, WWF-T\u00fcrkiye, Filli Boya Yal\u0131t\u0131m Grubu, Erzurum \u00c7evre ve \u015eehircilik \u0130l M\u00fcd\u00fcrl\u00fc\u011f\u00fc, Erzurum Ticaret ve Sanayi Odas\u0131, Makine M\u00fchendisleri Odas\u0131 Erzurum \u015eubesi ve \u0130n\u015faat M\u00fchendisleri Odas\u0131 Erzurum \u015eubesi yetkilileri taraf\u0131ndan, iklim de\u011fi\u015fikli\u011fi ile m\u00fccadelede enerji verimlili\u011fi ve \u0131s\u0131 yal\u0131t\u0131m\u0131n\u0131n \u00f6nemi, enerji verimlili\u011fi konusunda T\u00fcrkiye\u2019deki mevcut durum, yasal d\u00fczenlemeler ve Erzurum ili \u00f6zelinde at\u0131lmas\u0131 gereken ad\u0131mlar ve al\u0131nmas\u0131 gereken \u00f6nlemler tart\u0131\u015f\u0131ld\u0131.<\/p>\n<p>Kaynak: <a href=\"http:\/\/www.erzurumgazetesi.com.tr\/haber\/Daha-Iyi-Bir-Dunya-icin-bulustular-\/66944\" target=\"_blank\">ErzurumGazetesi<\/a><\/p>","protected":false},"excerpt":{"rendered":"<p>Sorry, this entry is only available in Turkish. For the sake of viewer convenience, the content is shown below in the alternative language. You may click the link to switch the active language.Filli Boya Yal\u0131t\u0131m Grubu ve WWF-T\u00fcrkiye ve i\u015fbirli\u011fiyle y\u00fcr\u00fct\u00fclen, iklim de\u011fi\u015fikli\u011fi ve enerji verimlili\u011fi konusunda \u00fclkemizde fark\u0131ndal\u0131k olu\u015fturmay\u0131 ve Karbon Ayak \u0130zi\u2019ni azaltmak [&hellip;]<\/p>\n","protected":false},"author":1,"featured_media":2514,"comment_status":"open","ping_status":"open","sticky":false,"template":"","format":"standard","meta":[],"categories":[53,52],"tags":[12,686,380,687],"views":715,"_links":{"self":[{"href":"https:\/\/www.enerjigazetesi.ist\/en\/wp-json\/wp\/v2\/posts\/2510"}],"collection":[{"href":"https:\/\/www.enerjigazetesi.ist\/en\/wp-json\/wp\/v2\/posts"}],"about":[{"href":"https:\/\/www.enerjigazetesi.ist\/en\/wp-json\/wp\/v2\/types\/post"}],"author":[{"embeddable":true,"href":"https:\/\/www.enerjigazetesi.ist\/en\/wp-json\/wp\/v2\/users\/1"}],"replies":[{"embeddable":true,"href":"https:\/\/www.enerjigazetesi.ist\/en\/wp-json\/wp\/v2\/comments?post=2510"}],"version-history":[{"count":6,"href":"https:\/\/www.enerjigazetesi.ist\/en\/wp-json\/wp\/v2\/posts\/2510\/revisions"}],"predecessor-version":[{"id":2522,"href":"https:\/\/www.enerjigazetesi.ist\/en\/wp-json\/wp\/v2\/posts\/2510\/revisions\/2522"}],"wp:featuredmedia":[{"embeddable":true,"href":"https:\/\/www.enerjigazetesi.ist\/en\/wp-json\/wp\/v2\/media\/2514"}],"wp:attachment":[{"href":"https:\/\/www.enerjigazetesi.ist\/en\/wp-json\/wp\/v2\/media?parent=2510"}],"wp:term":[{"taxonomy":"category","embeddable":true,"href":"https:\/\/www.enerjigazetesi.ist\/en\/wp-json\/wp\/v2\/categories?post=2510"},{"taxonomy":"post_tag","embeddable":true,"href":"https:\/\/www.enerjigazetesi.ist\/en\/wp-json\/wp\/v2\/tags?post=2510"}],"curies":[{"name":"wp","href":"https:\/\/api.w.org\/{rel}","templated":true}]}}