{"id":25075,"date":"2014-04-08T14:48:35","date_gmt":"2014-04-08T11:48:35","guid":{"rendered":"https:\/\/www.enerjigazetesi.ist\/?p=25075"},"modified":"2014-04-08T14:51:08","modified_gmt":"2014-04-08T11:51:08","slug":"iran-dan-nukleer-muzakerelerde-anlasma-metni-yazma-asamasina-gecme","status":"publish","type":"post","link":"https:\/\/www.enerjigazetesi.ist\/en\/iran-dan-nukleer-muzakerelerde-anlasma-metni-yazma-asamasina-gecme\/","title":{"rendered":"(Turkish) \u0130ran&#8217;dan N\u00fckleer M\u00fczakerelerde Anla\u015fma Metni Yazma \u0130ste\u011fi&#8230;"},"content":{"rendered":"<p class=\"qtranxs-available-languages-message qtranxs-available-languages-message-en\">Sorry, this entry is only available in <a href=\"https:\/\/www.enerjigazetesi.ist\/tr\/wp-json\/wp\/v2\/posts\/25075\" class=\"qtranxs-available-language-link qtranxs-available-language-link-tr\" title=\"Turkish\">Turkish<\/a>. For the sake of viewer convenience, the content is shown below in the alternative language. You may click the link to switch the active language.<\/p><p><strong>\u0130ran, P5+1 grubu ile y\u00fcr\u00fctt\u00fckleri n\u00fckleer m\u00fczakerelerin bu haftaki turunda yeterli ilerleme kaydetmeyi ve imzalanacak nihai anla\u015fman\u0131n taslak metnini haz\u0131rlamaya ba\u015flamay\u0131 umduklar\u0131n\u0131 a\u00e7\u0131klad\u0131. Birle\u015fmi\u015f Milletler G\u00fcvenlik Konseyi\u2019nin be\u015f daimi \u00fcyesi \u0130ngiltere, Fransa, ABD, Rusya ve \u00c7in\u2019e ek olarak Almanya\u2019dan olu\u015fan P5+1 grubu ve \u0130ran\u2019\u0131n temsilcileri, Tahran\u2019\u0131n n\u00fckleer program\u0131yla ilgili yeni bir tur g\u00f6r\u00fc\u015fmeler i\u00e7in Sal\u0131 ve \u00c7ar\u015famba g\u00fcnleri bir araya geliyor.<\/strong><\/p>\n<p>Ge\u00e7ti\u011fimiz Kas\u0131m ay\u0131nda ara anla\u015fmaya varan \u0130ran ve P5+1 grubu, 20 Temmuz\u2019a kadar kapsaml\u0131 bir nihai anla\u015fmaya varabilmek istiyor.<a href=\"https:\/\/www.enerjigazetesi.ist\/wp-content\/uploads\/2014\/04\/iran-dan-nukleer-muzakerelerde-anlasma-metni-yazma-asamasina-gecme.jpg\"><img loading=\"lazy\" class=\"alignright size-medium wp-image-25076\" title=\"iran-dan-nukleer-muzakerelerde-anlasma-metni-yazma-asamasina-gecme\" src=\"https:\/\/www.enerjigazetesi.ist\/wp-content\/uploads\/2014\/04\/iran-dan-nukleer-muzakerelerde-anlasma-metni-yazma-asamasina-gecme-300x203.jpg\" alt=\"\" width=\"300\" height=\"203\" srcset=\"https:\/\/www.enerjigazetesi.ist\/wp-content\/uploads\/2014\/04\/iran-dan-nukleer-muzakerelerde-anlasma-metni-yazma-asamasina-gecme-300x203.jpg 300w, https:\/\/www.enerjigazetesi.ist\/wp-content\/uploads\/2014\/04\/iran-dan-nukleer-muzakerelerde-anlasma-metni-yazma-asamasina-gecme-73x50.jpg 73w, https:\/\/www.enerjigazetesi.ist\/wp-content\/uploads\/2014\/04\/iran-dan-nukleer-muzakerelerde-anlasma-metni-yazma-asamasina-gecme.jpg 419w\" sizes=\"(max-width: 300px) 100vw, 300px\" \/><\/a><\/p>\n<p>\u0130ran, n\u00fckleer program\u0131n\u0131n tamamen bar\u0131\u015f\u00e7\u0131l ama\u00e7lar ta\u015f\u0131d\u0131\u011f\u0131n\u0131 savunuyor ve n\u00fckleer tesislerini kapatmay\u0131 kabul etmiyor. Bat\u0131l\u0131 \u00fclkeler ise \u0130ran\u2019\u0131n n\u00fckleer silah \u00fcretimi i\u00e7in yeterli kapasite olu\u015fturma aray\u0131\u015f\u0131nda oldu\u011fundan \u015f\u00fcpheleniyor.<\/p>\n<p>\u0130ran D\u0131\u015fi\u015fleri Bakan Yard\u0131mc\u0131s\u0131 Abbas Arak\u00e7\u0131, \u2018\u00d6n\u00fcm\u00fczdeki g\u00f6r\u00fc\u015fmelerde bak\u0131\u015f a\u00e7\u0131lar\u0131m\u0131z\u0131 birbirine yakla\u015ft\u0131rarak \u00f6nemli konular \u00fczerindeki fikir ayr\u0131l\u0131klar\u0131m\u0131z\u0131 daraltmay\u0131 umuyoruz. B\u00f6ylece detaylara girip metni yazmaya ba\u015flayabilece\u011fiz\u2019 dedi.<\/p>\n<p>Reuters\u2019\u0131n aktard\u0131\u011f\u0131na g\u00f6re Cuma g\u00fcn\u00fc a\u00e7\u0131klamalarda bulunan bir AB yetkilisi, nihai anla\u015fman\u0131n tasla\u011f\u0131n\u0131 yazmaya May\u0131s ay\u0131nda ba\u015flamay\u0131 planlad\u0131klar\u0131n\u0131 s\u00f6yledi.<\/p>\n<p>Rusya\u2019n\u0131n ba\u015fm\u00fczakerecisi D\u0131\u015fi\u015fleri Bakan Yard\u0131mc\u0131s\u0131 Rergey Ryabkov ise bu haftaki g\u00f6r\u00fc\u015fmelerden \u00f6zel bir beklentileri bulunmad\u0131\u011f\u0131n\u0131, baz\u0131 konularda g\u00f6r\u00fc\u015fmelerin halen erken a\u015famada oldu\u011funu s\u00f6yledi.<\/p>\n<p>M\u00fczakereler, Tahran\u2019a y\u00f6nelik ekonomik yapt\u0131r\u0131mlar\u0131n kald\u0131r\u0131lmas\u0131 kar\u015f\u0131l\u0131\u011f\u0131nda \u0130ran\u2019\u0131n n\u00fckleer program\u0131n\u0131n kapsam\u0131na bir s\u0131n\u0131rlama getirilmesi \u00fczerine yo\u011funla\u015f\u0131yor.<\/p>\n<p>Bu haftaki g\u00f6r\u00fc\u015fme turu, P5+1 grubunu temsil eden AB D\u0131\u015fi\u015fleri Y\u00fcksek Temsilcisi Catherine Ashton ve \u0130ran D\u0131\u015fi\u015fleri Bakan\u0131 Cevad Zarif\u2019in Pazartesi ak\u015fam\u0131 d\u00fczenleyece\u011fi ak\u015fam yeme\u011fi ile ba\u015fl\u0131yor.<\/p>\n<p>Kaynak: <a href=\"http:\/\/www.euractiv.com.tr\/politika-000110\/article\/iran-nukleer-muzakerelerde-anlasma-metnini-yazma-asamasina-gecmek-istiyor-029451\" target=\"_blank\">euractiv<\/a><\/p>","protected":false},"excerpt":{"rendered":"<p>Sorry, this entry is only available in Turkish. For the sake of viewer convenience, the content is shown below in the alternative language. You may click the link to switch the active language.\u0130ran, P5+1 grubu ile y\u00fcr\u00fctt\u00fckleri n\u00fckleer m\u00fczakerelerin bu haftaki turunda yeterli ilerleme kaydetmeyi ve imzalanacak nihai anla\u015fman\u0131n taslak metnini haz\u0131rlamaya ba\u015flamay\u0131 umduklar\u0131n\u0131 a\u00e7\u0131klad\u0131. [&hellip;]<\/p>\n","protected":false},"author":1,"featured_media":25076,"comment_status":"open","ping_status":"open","sticky":false,"template":"","format":"standard","meta":[],"categories":[53,43],"tags":[11917,63,67,1009,165,1333,10166,14154],"views":827,"_links":{"self":[{"href":"https:\/\/www.enerjigazetesi.ist\/en\/wp-json\/wp\/v2\/posts\/25075"}],"collection":[{"href":"https:\/\/www.enerjigazetesi.ist\/en\/wp-json\/wp\/v2\/posts"}],"about":[{"href":"https:\/\/www.enerjigazetesi.ist\/en\/wp-json\/wp\/v2\/types\/post"}],"author":[{"embeddable":true,"href":"https:\/\/www.enerjigazetesi.ist\/en\/wp-json\/wp\/v2\/users\/1"}],"replies":[{"embeddable":true,"href":"https:\/\/www.enerjigazetesi.ist\/en\/wp-json\/wp\/v2\/comments?post=25075"}],"version-history":[{"count":8,"href":"https:\/\/www.enerjigazetesi.ist\/en\/wp-json\/wp\/v2\/posts\/25075\/revisions"}],"predecessor-version":[{"id":25084,"href":"https:\/\/www.enerjigazetesi.ist\/en\/wp-json\/wp\/v2\/posts\/25075\/revisions\/25084"}],"wp:featuredmedia":[{"embeddable":true,"href":"https:\/\/www.enerjigazetesi.ist\/en\/wp-json\/wp\/v2\/media\/25076"}],"wp:attachment":[{"href":"https:\/\/www.enerjigazetesi.ist\/en\/wp-json\/wp\/v2\/media?parent=25075"}],"wp:term":[{"taxonomy":"category","embeddable":true,"href":"https:\/\/www.enerjigazetesi.ist\/en\/wp-json\/wp\/v2\/categories?post=25075"},{"taxonomy":"post_tag","embeddable":true,"href":"https:\/\/www.enerjigazetesi.ist\/en\/wp-json\/wp\/v2\/tags?post=25075"}],"curies":[{"name":"wp","href":"https:\/\/api.w.org\/{rel}","templated":true}]}}