{"id":25040,"date":"2014-04-08T09:39:46","date_gmt":"2014-04-08T06:39:46","guid":{"rendered":"https:\/\/www.enerjigazetesi.ist\/?p=25040"},"modified":"2014-04-08T09:40:08","modified_gmt":"2014-04-08T06:40:08","slug":"avustralya-gunes-enerjisini-uce-katlayacak","status":"publish","type":"post","link":"https:\/\/www.enerjigazetesi.ist\/en\/avustralya-gunes-enerjisini-uce-katlayacak\/","title":{"rendered":"(Turkish) Avustralya G\u00fcne\u015f Enerjisini \u00dc\u00e7e Katlayacak&#8230;"},"content":{"rendered":"<p class=\"qtranxs-available-languages-message qtranxs-available-languages-message-en\">Sorry, this entry is only available in <a href=\"https:\/\/www.enerjigazetesi.ist\/tr\/wp-json\/wp\/v2\/posts\/25040\" class=\"qtranxs-available-language-link qtranxs-available-language-link-tr\" title=\"Turkish\">Turkish<\/a>. For the sake of viewer convenience, the content is shown below in the alternative language. You may click the link to switch the active language.<\/p><p><strong>Avustralya, 2020 y\u0131l\u0131na k<a href=\"https:\/\/www.enerjigazetesi.ist\/wp-content\/uploads\/2013\/09\/gunes-enerjisinden-elektrik-uretimi-konferansi.jpg\"><img loading=\"lazy\" class=\"size-medium wp-image-15601 alignright\" title=\"gunes-enerjisi\" src=\"https:\/\/www.enerjigazetesi.ist\/wp-content\/uploads\/2013\/09\/gunes-enerjisinden-elektrik-uretimi-konferansi-300x192.jpg\" alt=\"\" width=\"300\" height=\"192\" srcset=\"https:\/\/www.enerjigazetesi.ist\/wp-content\/uploads\/2013\/09\/gunes-enerjisinden-elektrik-uretimi-konferansi-300x192.jpg 300w, https:\/\/www.enerjigazetesi.ist\/wp-content\/uploads\/2013\/09\/gunes-enerjisinden-elektrik-uretimi-konferansi-78x50.jpg 78w, https:\/\/www.enerjigazetesi.ist\/wp-content\/uploads\/2013\/09\/gunes-enerjisinden-elektrik-uretimi-konferansi.jpg 453w\" sizes=\"(max-width: 300px) 100vw, 300px\" \/><\/a>adar g\u00fcne\u015f enerjisi kapasitesini 3 kat\u0131na \u00e7\u0131karacak. Avustralya Fotovoltaik Enstit\u00fcs\u00fc\u2019n\u00fcn (API) yapt\u0131\u011f\u0131 a\u00e7\u0131klamaya g\u00f6re, Avustralya`n\u0131n g\u00fcne\u015f enerjisi sekt\u00f6r\u00fc, \u00fclkenin g\u00fcne\u015f enejisi \u00fcretim kapasitesini 2020 y\u0131l\u0131 sonuna kadar \u00fc\u00e7e katlama hedefini s\u00fcrd\u00fcr\u00fcyor.<\/strong><\/p>\n<p>API, \u015fu anda 3,1 GW olan g\u00fcne\u015f enerjisi \u00fcretim kapasitesinin gelecek birka\u00e7 y\u0131lda 8-9GW seviyesine \u00e7\u0131kaca\u011f\u0131 tahmininde bulundu.<\/p>\n<p>Ayr\u0131ca, 2020 sonras\u0131nda da \u00fcretim kapasitesinin 2030 y\u0131l\u0131na kadar ise 2 kat daha artaca\u011f\u0131 \u00f6ng\u00f6r\u00fcl\u00fcyor.<\/p>\n<p>Kaynak: <a href=\"http:\/\/www.enerjigunlugu.net\/avustralya-gunes-enerjisini-uce-katlayacak_7917.html\" target=\"_blank\">Enerji G\u00fcnl\u00fc\u011f\u00fc<\/a><\/p>","protected":false},"excerpt":{"rendered":"<p>Sorry, this entry is only available in Turkish. For the sake of viewer convenience, the content is shown below in the alternative language. You may click the link to switch the active language.Avustralya, 2020 y\u0131l\u0131na kadar g\u00fcne\u015f enerjisi kapasitesini 3 kat\u0131na \u00e7\u0131karacak. Avustralya Fotovoltaik Enstit\u00fcs\u00fc\u2019n\u00fcn (API) yapt\u0131\u011f\u0131 a\u00e7\u0131klamaya g\u00f6re, Avustralya`n\u0131n g\u00fcne\u015f enerjisi sekt\u00f6r\u00fc, \u00fclkenin g\u00fcne\u015f [&hellip;]<\/p>\n","protected":false},"author":1,"featured_media":15601,"comment_status":"open","ping_status":"open","sticky":false,"template":"","format":"standard","meta":[],"categories":[53,49],"tags":[14137,4599,14136,63,67,1009,165,227,13,14138],"views":914,"_links":{"self":[{"href":"https:\/\/www.enerjigazetesi.ist\/en\/wp-json\/wp\/v2\/posts\/25040"}],"collection":[{"href":"https:\/\/www.enerjigazetesi.ist\/en\/wp-json\/wp\/v2\/posts"}],"about":[{"href":"https:\/\/www.enerjigazetesi.ist\/en\/wp-json\/wp\/v2\/types\/post"}],"author":[{"embeddable":true,"href":"https:\/\/www.enerjigazetesi.ist\/en\/wp-json\/wp\/v2\/users\/1"}],"replies":[{"embeddable":true,"href":"https:\/\/www.enerjigazetesi.ist\/en\/wp-json\/wp\/v2\/comments?post=25040"}],"version-history":[{"count":2,"href":"https:\/\/www.enerjigazetesi.ist\/en\/wp-json\/wp\/v2\/posts\/25040\/revisions"}],"predecessor-version":[{"id":25042,"href":"https:\/\/www.enerjigazetesi.ist\/en\/wp-json\/wp\/v2\/posts\/25040\/revisions\/25042"}],"wp:featuredmedia":[{"embeddable":true,"href":"https:\/\/www.enerjigazetesi.ist\/en\/wp-json\/wp\/v2\/media\/15601"}],"wp:attachment":[{"href":"https:\/\/www.enerjigazetesi.ist\/en\/wp-json\/wp\/v2\/media?parent=25040"}],"wp:term":[{"taxonomy":"category","embeddable":true,"href":"https:\/\/www.enerjigazetesi.ist\/en\/wp-json\/wp\/v2\/categories?post=25040"},{"taxonomy":"post_tag","embeddable":true,"href":"https:\/\/www.enerjigazetesi.ist\/en\/wp-json\/wp\/v2\/tags?post=25040"}],"curies":[{"name":"wp","href":"https:\/\/api.w.org\/{rel}","templated":true}]}}