{"id":25,"date":"2012-04-19T12:33:03","date_gmt":"2012-04-19T12:33:03","guid":{"rendered":"https:\/\/www.enerjigazetesi.ist\/?p=25"},"modified":"2012-06-07T15:02:54","modified_gmt":"2012-06-07T15:02:54","slug":"2-nukleer-muzakereler-bagdatta","status":"publish","type":"post","link":"https:\/\/www.enerjigazetesi.ist\/en\/2-nukleer-muzakereler-bagdatta\/","title":{"rendered":"(Turkish) 2. N\u00fckleer m\u00fczakereler Ba\u011fdat&#8217;ta&#8230;"},"content":{"rendered":"<p class=\"qtranxs-available-languages-message qtranxs-available-languages-message-en\">Sorry, this entry is only available in <a href=\"https:\/\/www.enerjigazetesi.ist\/tr\/wp-json\/wp\/v2\/posts\/25\" class=\"qtranxs-available-language-link qtranxs-available-language-link-tr\" title=\"Turkish\">Turkish<\/a>. For the sake of viewer convenience, the content is shown below in the alternative language. You may click the link to switch the active language.<\/p><p><\/p>\n<div align=\"justify\">\n<div style=\"width: 534px\" class=\"wp-caption aligncenter\"><img loading=\"lazy\" src=\"https:\/\/www.enerjigazetesi.ist\/wp-content\/upload\/nukleerzirve.jpg\" alt=\"N\u00fckleer Enerji\" width=\"524\" height=\"321\" \/><p class=\"wp-caption-text\">N\u00fckleer Enerji<\/p><\/div>\n<p>\u0130ran ile Birle\u015fmi\u015f Milletler G\u00fcvenlik Konseyi&#8217;nin daimi \u00fcyeleri ABD, Rusya Federasyonu, \u00c7in Halk Cumhuriyeti, Fransa ve \u0130ngiltere ile Almanya&#8217;dan olu\u015fan &#8220;5 art\u0131 1&#8221; \u00fclkeleri aras\u0131ndaki yeni tur n\u00fckleer m\u00fczakereler \u0130stanbul&#8217;da yap\u0131ld\u0131. \u0130kinci g\u00f6r\u00fc\u015fmenin 23 May\u0131s&#8217;ta Ba\u011fdat&#8217;ta yap\u0131lmas\u0131 kararla\u015ft\u0131r\u0131ld\u0131.<\/p>\n<p><!--more--><\/p>\n<\/div>\n<div align=\"justify\">L\u00fctfi K\u0131rdar Uluslararas\u0131 Kongre ve\u00a0Sergi\u00a0Saray\u0131&#8217;nda\u00a0saat\u00a011.00 s\u0131ralar\u0131nda ba\u015flayan, toplu ve ikili g\u00f6r\u00fc\u015fmeler \u015feklinde yap\u0131lan m\u00fczakereler yakla\u015f\u0131k 10 saat s\u00fcrd\u00fc.\u00a0Toplu m\u00fczakereler, AB\u00a0D\u0131\u015fi\u015fleri\u00a0Y\u00fcksek Temsilcisi Catherine Ashton ile\u00a0\u0130ran\u00a0Ulusal Y\u00fcksekG\u00fcvenlik Konseyi\u00a0Sekreteri ve\u00a0N\u00fckleer\u00a0Ba\u015fm\u00fczakereci\u00a0Said Celili ba\u015fkanl\u0131\u011f\u0131nda ger\u00e7ekle\u015ftirildi..M\u00fczakerelerin ard\u0131ndan bas\u0131n toplant\u0131s\u0131 yapan Said Celili, &#8220;Bug\u00fcn yapt\u0131\u011f\u0131m\u0131z \u00e7al\u0131\u015fmalara bakt\u0131\u011f\u0131mda, i\u015fbirli\u011fine dayal\u0131 yakla\u015f\u0131m \u00e7er\u00e7evesinde ba\u015far\u0131l\u0131 bir g\u00f6r\u00fc\u015fme yapt\u0131\u011f\u0131m\u0131z\u0131 d\u00fc\u015f\u00fcn\u00fcyorum. \u0130leriye do\u011fru bir ad\u0131m att\u0131k ve bu s\u00fcre\u00e7te bug\u00fcne kadar geldi\u011fimiz noktay\u0131 temel alarak ileriye do\u011fru devam etti\u011fimizde bundan sonraki g\u00f6r\u00fc\u015fme turunda da ba\u015far\u0131l\u0131 olabilece\u011fimizi umuyorum&#8221; dedi.Celili, &#8220;\u0130ranl\u0131lar ve \u0130ran halk\u0131 ile konu\u015furken bir bask\u0131 ve tehdit dili i\u015flemez. Bug\u00fcnk\u00fc m\u00fczakerelerde g\u00f6rd\u00fc\u011f\u00fcm\u00fcz di\u011fer taraflar\u0131n\u00a0m\u00fczakere\u00a0konusundaki ilgisi, talebi olumlu bir \u015fekilde dikkate al\u0131nm\u0131\u015ft\u0131r&#8221; \u015feklinde konu\u015ftu.\u00a0Kar\u015f\u0131 taraf\u0131n yakla\u015f\u0131m\u0131 konusunda da m\u00fczakerelerde bir ilerleme kaydedildi\u011fini g\u00f6rd\u00fcklerini vurgulayan Celili, bunun g\u00f6r\u00fc\u015f ayr\u0131l\u0131klar\u0131 olmad\u0131\u011f\u0131 anlam\u0131na da gelmedi\u011fini, ancak m\u00fczakereler sonucunda \u00fczerinde mutab\u0131k kal\u0131nan noktalar\u0131n \u00f6nemli oldu\u011funu kaydetti.\u00a0Celili, i\u015fbirli\u011fi ve bundan sonraki m\u00fczakerelerle ilgili olarak pek \u00e7ok konunun \u00fczerinde mutab\u0131k kal\u0131nd\u0131\u011f\u0131n\u0131 ve 23 May\u0131s&#8217;ta\u00a0Ba\u011fdat&#8217;ta yap\u0131lacak bir sonraki turda ele al\u0131nmas\u0131n\u0131n s\u00f6z konusu oldu\u011funu belirtti.Said Celili, &#8220;Bug\u00fcn yapt\u0131\u011f\u0131m\u0131z \u00e7al\u0131\u015fmalara bakt\u0131\u011f\u0131mda, i\u015fbirli\u011fine dayal\u0131 yakla\u015f\u0131m \u00e7er\u00e7evesinde ba\u015far\u0131l\u0131 bir g\u00f6r\u00fc\u015fme yapt\u0131\u011f\u0131m\u0131z\u0131 d\u00fc\u015f\u00fcn\u00fcyorum. \u0130leriye do\u011fru bir ad\u0131m att\u0131k ve bu s\u00fcre\u00e7te bug\u00fcne kadar geldi\u011fimiz noktay\u0131 temel alarak ileriye do\u011fru devam etti\u011fimizde bundan sonraki g\u00f6r\u00fc\u015fme turunda da ba\u015far\u0131l\u0131 olabilece\u011fimizi umuyorum&#8221; dedi.<\/div>\n<p><\/p>","protected":false},"excerpt":{"rendered":"<p>Sorry, this entry is only available in Turkish. For the sake of viewer convenience, the content is shown below in the alternative language. You may click the link to switch the active language. \u0130ran ile Birle\u015fmi\u015f Milletler G\u00fcvenlik Konseyi&#8217;nin daimi \u00fcyeleri ABD, Rusya Federasyonu, \u00c7in Halk Cumhuriyeti, Fransa ve \u0130ngiltere ile Almanya&#8217;dan olu\u015fan &#8220;5 art\u0131 [&hellip;]<\/p>\n","protected":false},"author":1,"featured_media":180,"comment_status":"open","ping_status":"open","sticky":false,"template":"","format":"standard","meta":[],"categories":[53,52,43],"tags":[21],"views":650,"_links":{"self":[{"href":"https:\/\/www.enerjigazetesi.ist\/en\/wp-json\/wp\/v2\/posts\/25"}],"collection":[{"href":"https:\/\/www.enerjigazetesi.ist\/en\/wp-json\/wp\/v2\/posts"}],"about":[{"href":"https:\/\/www.enerjigazetesi.ist\/en\/wp-json\/wp\/v2\/types\/post"}],"author":[{"embeddable":true,"href":"https:\/\/www.enerjigazetesi.ist\/en\/wp-json\/wp\/v2\/users\/1"}],"replies":[{"embeddable":true,"href":"https:\/\/www.enerjigazetesi.ist\/en\/wp-json\/wp\/v2\/comments?post=25"}],"version-history":[{"count":17,"href":"https:\/\/www.enerjigazetesi.ist\/en\/wp-json\/wp\/v2\/posts\/25\/revisions"}],"predecessor-version":[{"id":319,"href":"https:\/\/www.enerjigazetesi.ist\/en\/wp-json\/wp\/v2\/posts\/25\/revisions\/319"}],"wp:featuredmedia":[{"embeddable":true,"href":"https:\/\/www.enerjigazetesi.ist\/en\/wp-json\/wp\/v2\/media\/180"}],"wp:attachment":[{"href":"https:\/\/www.enerjigazetesi.ist\/en\/wp-json\/wp\/v2\/media?parent=25"}],"wp:term":[{"taxonomy":"category","embeddable":true,"href":"https:\/\/www.enerjigazetesi.ist\/en\/wp-json\/wp\/v2\/categories?post=25"},{"taxonomy":"post_tag","embeddable":true,"href":"https:\/\/www.enerjigazetesi.ist\/en\/wp-json\/wp\/v2\/tags?post=25"}],"curies":[{"name":"wp","href":"https:\/\/api.w.org\/{rel}","templated":true}]}}