{"id":24998,"date":"2014-04-07T09:56:23","date_gmt":"2014-04-07T06:56:23","guid":{"rendered":"https:\/\/www.enerjigazetesi.ist\/?p=24998"},"modified":"2014-04-07T09:56:23","modified_gmt":"2014-04-07T06:56:23","slug":"enerji-yatirimlari-icin-500-milyar-dolarlik-korfez-fonu-geliyor","status":"publish","type":"post","link":"https:\/\/www.enerjigazetesi.ist\/en\/enerji-yatirimlari-icin-500-milyar-dolarlik-korfez-fonu-geliyor\/","title":{"rendered":"(Turkish) Enerji Yat\u0131r\u0131mlar\u0131 \u0130\u00e7in 500 Milyar Dolarl\u0131k K\u00f6rfez Fonu Geliyor&#8230;"},"content":{"rendered":"<p class=\"qtranxs-available-languages-message qtranxs-available-languages-message-en\">Sorry, this entry is only available in <a href=\"https:\/\/www.enerjigazetesi.ist\/tr\/wp-json\/wp\/v2\/posts\/24998\" class=\"qtranxs-available-language-link qtranxs-available-language-link-tr\" title=\"Turkish\">Turkish<\/a>. For the sake of viewer convenience, the content is shown below in the alternative language. You may click the link to switch the active language.<\/p><p><strong>T\u00fcrkiye yat\u0131r\u0131m i\u00e7in cazibe merkezi olmaya ba\u015flad\u0131. K\u00f6rfez\u2019den gelecek olan yat\u0131r\u0131mlar ise \u00e7o\u011funlukla gayrimenkul ve enerji alan\u0131na y\u00f6neliyor. Uluslararas\u0131 Yat\u0131r\u0131m Zirvesi\u2019nin ilk g\u00fcn\u00fc in\u015faat ve gayrimenkul, 2\u2019nci g\u00fcn\u00fc ise enerji konular\u0131nda gelecek yabanc\u0131 yat\u0131r\u0131mc\u0131lara bilgi verilecek. D\u00fcnya\u2019n\u0131n haberine g\u00f6re, \u0130stanbul Yat\u0131r\u0131m Derne\u011fi Ba\u015fkan\u0131 Mehmet Ulusoy, K\u00f6rfez fonunun T\u00fcrkiye\u2019de \u00f6zellikle bu iki konuya yo\u011funla\u015ft\u0131\u011f\u0131n\u0131 ifade etti.<\/strong><\/p>\n<p>T\u00fcrkiye\u2019yi Asya\u2019n\u0131n enerjisiyle, Avrupa\u2019n\u0131n t\u00fcketimini birle\u015ftiren bir enerji koridoru olarak tan\u0131mlayan Ulusoy, \u201cT\u00fcrkiye, enerji konusundaki aktif rol\u00fc, enerji koridoru olmas\u0131 ve s\u00fcrd\u00fcr\u00fclebilir- yenilenebilir enerjilerde, yeni d\u00fczenlemelerle yeni ufuklar\u0131n a\u00e7\u0131lmas\u0131 ile \u00e7ok \u00f6nemli bir yere geliyor. \u0130n\u015faat taraf\u0131nda da \u00e7ok \u00f6nemli farkl\u0131 mega projeler var. Bu konularla \u00e7ok ilgileniyorlar ve biz de zirve boyunca in\u015faat ve gayrimenkul, ikinci g\u00fcn de enerjiye yo\u011funla\u015farak buradaki taleplerine yan\u0131t vermeye \u00e7al\u0131\u015faca\u011f\u0131z\u201d dedi.<\/p>\n<h2>T\u00fcrkiye\u2019den 100 firma kat\u0131lacak<\/h2>\n<p>Zirveye yurt d\u0131\u015f\u0131ndan 40\u2019\u0131n \u00fczerinde firman\u0131n<a href=\"https:\/\/www.enerjigazetesi.ist\/wp-content\/uploads\/2014\/04\/enerji-yatirimlari-icin-500-milyar-dolarlik-korfez-fonu-geliyor.jpg\"><img loading=\"lazy\" class=\"alignleft size-medium wp-image-25000\" title=\"enerji-yatirimlari-icin-500-milyar-dolarlik-korfez-fonu-geliyor\" src=\"https:\/\/www.enerjigazetesi.ist\/wp-content\/uploads\/2014\/04\/enerji-yatirimlari-icin-500-milyar-dolarlik-korfez-fonu-geliyor-300x220.jpg\" alt=\"\" width=\"300\" height=\"220\" srcset=\"https:\/\/www.enerjigazetesi.ist\/wp-content\/uploads\/2014\/04\/enerji-yatirimlari-icin-500-milyar-dolarlik-korfez-fonu-geliyor-300x220.jpg 300w, https:\/\/www.enerjigazetesi.ist\/wp-content\/uploads\/2014\/04\/enerji-yatirimlari-icin-500-milyar-dolarlik-korfez-fonu-geliyor-68x50.jpg 68w, https:\/\/www.enerjigazetesi.ist\/wp-content\/uploads\/2014\/04\/enerji-yatirimlari-icin-500-milyar-dolarlik-korfez-fonu-geliyor.jpg 444w\" sizes=\"(max-width: 300px) 100vw, 300px\" \/><\/a>, T\u00fcrkiye\u2019den ise, 100\u2019e yak\u0131n firman\u0131n kat\u0131lmas\u0131 bekleniyor. K\u00f6rfezden zirveye kat\u0131lacak fonun yat\u0131r\u0131m g\u00fcc\u00fcn\u00fcn toplam 500 milyar dolar oldu\u011funu vurgulayan Ulusoy, yabanc\u0131 fonlar\u0131n T\u00fcrkiye\u2019deki yat\u0131r\u0131mlar\u0131 dinlemek i\u00e7in g\u00f6n\u00fcll\u00fc olarak geldiklerinin alt\u0131n\u0131 \u00e7izdi. Yat\u0131r\u0131m almak isteyen firmalar\u0131n kendilerini ne kadar g\u00f6sterdi\u011finin bu zirveyle do\u011fru orant\u0131l\u0131 olaca\u011f\u0131n\u0131 belirten Ulusoy, \u015f\u00f6yle devam etti: \u201cZirveye T\u00fcrkiye\u2019deki b\u00fcy\u00fck oyuncular\u0131n \u00e7o\u011fu kat\u0131lacak, stantlar a\u00e7acaklar, konu\u015fmalar\u0131 var, bire bir g\u00f6r\u00fc\u015fmeler yapacaklar. Biz bu zirveyle bir nevi o platformu sa\u011flay\u0131p, onlar\u0131n ellerine b\u0131rak\u0131yoruz. Bunu \u00f6ng\u00f6rmek zor ama daha \u00f6nce hi\u00e7 bu kadar \u00fcst d\u00fczey bir fon ve bu fonlar\u0131n bu kadar \u00fcst d\u00fczey yetkilileri, fonlar\u0131n sahipleri genel m\u00fcd\u00fcrleri ve yat\u0131r\u0131m m\u00fcd\u00fcrleri gelmemi\u015fti. T\u00fcrkiye sekt\u00f6r temsilcilerinin bunu \u00fclke yarar\u0131na kullanabilece\u011fini d\u00fc\u015f\u00fcn\u00fcyorum.\u201d<\/p>\n<h2>Yat\u0131r\u0131m alternatifleri de\u011ferlendirilecek<\/h2>\n<p>Ulusoy, yurt d\u0131\u015f\u0131ndan gelecek kat\u0131l\u0131mc\u0131lara gelmeden \u00f6nce, ilgilendikleri konular\u0131 da sorduklar\u0131n\u0131 ve bunlarla ilgili teyit ald\u0131klar\u0131n\u0131 s\u00f6yledi. Bunlar\u0131n ne kadar bir yat\u0131r\u0131m yapacaklar\u0131n\u0131 \u00f6ng\u00f6rmenin m\u00fcmk\u00fcn olmad\u0131\u011f\u0131n\u0131 aktaran Ulusoy, buna ra\u011fmen yat\u0131r\u0131mc\u0131lar\u0131n ilgilendikleri konuda bilgi ve yat\u0131r\u0131m alternatifl erini almak i\u00e7in geldiklerini bildirdi. Ulusoy\u2019un verdi\u011fi bilgilere g\u00f6re zirveye \u015fu ki\u015filer kat\u0131lacak: \u201cGayrimenkul alan\u0131nda 6 milyar dolar yat\u0131r\u0131m\u0131 bulunan Abdurrahman Al Ajlan, enerji, gayrimenkul ve demir-\u00e7elik alanlar\u0131nda 10 milyar dolar i\u015f hacmi bulunan Abdurrah Al-Zamil, in\u015faat alan\u0131nda 10 milyar dolar yat\u0131r\u0131m\u0131 bulunan Tarek Al-Kasab\u0131 ile 15 Milyar dolar yat\u0131r\u0131m\u0131 bulunan Saud Al-Tahani.\u201d<\/p>\n<h2>Hedef bug\u00fcne kadarki en b\u00fcy\u00fck fonu \u00e7ekmek<\/h2>\n<p>Zirvede K\u00f6rfez fonlar\u0131n\u0131n enerji in\u015faat ve gayrimenkul konusunda T\u00fcrkiye\u2019de yat\u0131r\u0131m bekleyen g\u00fczel ve \u00f6zenli projelerle bir araya gelmesini sa\u011flamay\u0131 hedefl ediklerini anlatan Ulusoy, \u201cBu yat\u0131r\u0131mlar\u0131 yapacak ve alacak ki\u015filerin bir araya gelmesiyle, ortam\u0131 en iyiye nas\u0131l getiririz diye d\u00fc\u015f\u00fcn\u00fcyoruz. Bug\u00fcne kadar al\u0131nm\u0131\u015f olan fonlardan daha da fazlas\u0131n\u0131n al\u0131nmas\u0131na \u00f6n ayak olmas\u0131n\u0131 bekliyoruz. T\u00fcrkiye i\u00e7in K\u00f6rfez fonlar\u0131, K\u00f6rfez fonlar\u0131 i\u00e7in de T\u00fcrkiye \u00f6nemli. \u0130lk defa bu kadar y\u00fcksek kat\u0131l\u0131ml\u0131, y\u00fcksek tutardaki fonu bir araya getirip T\u00fcrkiye\u2019nin daha fazla yat\u0131r\u0131m almas\u0131n\u0131 ve yarat\u0131lan sinerjiyle de devaml\u0131l\u0131\u011f\u0131 hedefliyoruz\u201d dedi.<\/p>\n<p>Kaynak: <a href=\"http:\/\/finans.mynet.com\/haber\/detay\/borsa\/500-milyar-dolarlik-korfez-fonu-geliyor\/93220\" target=\"_blank\">mynet finans<\/a><\/p>","protected":false},"excerpt":{"rendered":"<p>Sorry, this entry is only available in Turkish. For the sake of viewer convenience, the content is shown below in the alternative language. You may click the link to switch the active language.T\u00fcrkiye yat\u0131r\u0131m i\u00e7in cazibe merkezi olmaya ba\u015flad\u0131. K\u00f6rfez\u2019den gelecek olan yat\u0131r\u0131mlar ise \u00e7o\u011funlukla gayrimenkul ve enerji alan\u0131na y\u00f6neliyor. Uluslararas\u0131 Yat\u0131r\u0131m Zirvesi\u2019nin ilk g\u00fcn\u00fc [&hellip;]<\/p>\n","protected":false},"author":1,"featured_media":25000,"comment_status":"open","ping_status":"open","sticky":false,"template":"","format":"standard","meta":[],"categories":[53],"tags":[14105,63,67,1009,165,532,14106,846,1286],"views":751,"_links":{"self":[{"href":"https:\/\/www.enerjigazetesi.ist\/en\/wp-json\/wp\/v2\/posts\/24998"}],"collection":[{"href":"https:\/\/www.enerjigazetesi.ist\/en\/wp-json\/wp\/v2\/posts"}],"about":[{"href":"https:\/\/www.enerjigazetesi.ist\/en\/wp-json\/wp\/v2\/types\/post"}],"author":[{"embeddable":true,"href":"https:\/\/www.enerjigazetesi.ist\/en\/wp-json\/wp\/v2\/users\/1"}],"replies":[{"embeddable":true,"href":"https:\/\/www.enerjigazetesi.ist\/en\/wp-json\/wp\/v2\/comments?post=24998"}],"version-history":[{"count":1,"href":"https:\/\/www.enerjigazetesi.ist\/en\/wp-json\/wp\/v2\/posts\/24998\/revisions"}],"predecessor-version":[{"id":25001,"href":"https:\/\/www.enerjigazetesi.ist\/en\/wp-json\/wp\/v2\/posts\/24998\/revisions\/25001"}],"wp:featuredmedia":[{"embeddable":true,"href":"https:\/\/www.enerjigazetesi.ist\/en\/wp-json\/wp\/v2\/media\/25000"}],"wp:attachment":[{"href":"https:\/\/www.enerjigazetesi.ist\/en\/wp-json\/wp\/v2\/media?parent=24998"}],"wp:term":[{"taxonomy":"category","embeddable":true,"href":"https:\/\/www.enerjigazetesi.ist\/en\/wp-json\/wp\/v2\/categories?post=24998"},{"taxonomy":"post_tag","embeddable":true,"href":"https:\/\/www.enerjigazetesi.ist\/en\/wp-json\/wp\/v2\/tags?post=24998"}],"curies":[{"name":"wp","href":"https:\/\/api.w.org\/{rel}","templated":true}]}}