{"id":24996,"date":"2014-04-07T09:50:46","date_gmt":"2014-04-07T06:50:46","guid":{"rendered":"https:\/\/www.enerjigazetesi.ist\/?p=24996"},"modified":"2014-04-07T09:50:46","modified_gmt":"2014-04-07T06:50:46","slug":"istanbul-nukleer-santraller-zirvesi-icin-geri-sayim-basladi","status":"publish","type":"post","link":"https:\/\/www.enerjigazetesi.ist\/en\/istanbul-nukleer-santraller-zirvesi-icin-geri-sayim-basladi\/","title":{"rendered":"(Turkish) \u0130stanbul N\u00fckleer Santraller Zirvesi \u0130\u00e7in Geri Say\u0131m Ba\u015flad\u0131!"},"content":{"rendered":"<p class=\"qtranxs-available-languages-message qtranxs-available-languages-message-en\">Sorry, this entry is only available in <a href=\"https:\/\/www.enerjigazetesi.ist\/tr\/wp-json\/wp\/v2\/posts\/24996\" class=\"qtranxs-available-language-link qtranxs-available-language-link-tr\" title=\"Turkish\">Turkish<\/a>. For the sake of viewer convenience, the content is shown below in the alternative language. You may click the link to switch the active language.<\/p><p><strong>\u0130stanbul N\u00fckleer Santraller Zirvesi 30-31 May\u0131s 2014 tarihinde Grand Cevahir Otel Convention Center\u2019da ger\u00e7ekle\u015ftirecek. N\u00fckleer M\u00fchendisler Derne\u011fi ve S\u00fcrd\u00fcr\u00fclebilir \u00dcretim ve T\u00fcketim Derne\u011fi, &#8220;\u0130stanbul N\u00fckleer Santraller Zirvesi&#8221;ni T.C. Enerji ve Tabii Kaynaklar Bakanl\u0131\u011f\u0131`n\u0131n tam deste\u011fi, ilgili payda\u015flar ve T\u00fcrk akademisyenlerinin \u00f6nderli\u011finde 30-31 May\u0131s 2014 tarihinde Grand Cevahir Otel Convention Center\u2019da ger\u00e7ekle\u015ftirecek.<\/strong><\/p>\n<p>Uluslararas\u0131 kat\u0131l\u0131ml\u0131 bu Zirvede n\u00fckleer santrallere yat\u0131r\u0131m yapmak isteyen uluslararas\u0131 firmalar ve bu firmalar ile \u00e7al\u0131\u015fmak isteyen yerel firmalar\u0131n yan\u0131 s\u0131ra, kamu ve yerel y\u00f6netim kurulu\u015flar\u0131n\u0131n yetkilileri bir araya gelecek. Zirve, Enerji ve Tabii Kaynaklar Bakanl\u0131\u011f\u0131, \u00c7evre ve \u015eehircilik Bakanl\u0131\u011f\u0131, EPDK, E\u00dcA\u015e, AFAD, TAEK, Hacettepe \u00dcniversitesi ve daha bir dizi kurum ve kurulu\u015f taraf\u0131ndan destekleniyor.<\/p>\n<p><strong>Z\u0130RVEN\u0130N AMACI<\/strong><br \/>\nGeli\u015fen ekonomimize ba\u011fl\u0131 olarak ihtiya\u00e7 duyulan enerji yo\u011funlu\u011fumuz, co\u011frafi konumumuz, enerjid<a href=\"https:\/\/www.enerjigazetesi.ist\/wp-content\/uploads\/2013\/04\/turkiye-de-nukleer-enerji-muhendisligi.jpg\"><img loading=\"lazy\" class=\"alignright size-medium wp-image-9112\" title=\"n\u00fckleer-enerji\" src=\"https:\/\/www.enerjigazetesi.ist\/wp-content\/uploads\/2013\/04\/turkiye-de-nukleer-enerji-muhendisligi-300x181.jpg\" alt=\"\" width=\"300\" height=\"181\" srcset=\"https:\/\/www.enerjigazetesi.ist\/wp-content\/uploads\/2013\/04\/turkiye-de-nukleer-enerji-muhendisligi-300x181.jpg 300w, https:\/\/www.enerjigazetesi.ist\/wp-content\/uploads\/2013\/04\/turkiye-de-nukleer-enerji-muhendisligi-80x48.jpg 80w, https:\/\/www.enerjigazetesi.ist\/wp-content\/uploads\/2013\/04\/turkiye-de-nukleer-enerji-muhendisligi.jpg 480w\" sizes=\"(max-width: 300px) 100vw, 300px\" \/><\/a>e d\u0131\u015fa ba\u011f\u0131ml\u0131l\u0131\u011f\u0131m\u0131z ve \u00fclkemizin \u00f6nemli bir ge\u00e7i\u015f merkezi olmas\u0131ndan dolay\u0131 T\u00fcrkiye b\u00fcy\u00fck enerji projelerini uygulamak zorundad\u0131r. Enerjide d\u0131\u015fa ba\u011f\u0131ml\u0131l\u0131\u011f\u0131m\u0131z\u0131n \u00f6nlenmesi i\u00e7in yap\u0131lacak olan bu projeler; konunun uzmanlar\u0131 olan t\u00fcm taraflar\u0131n bir araya gelmesini gerektirmektedir.<\/p>\n<p>T\u00fcrk akademisyenlerinin \u00f6nderli\u011finde ilkini ger\u00e7ekle\u015ftirmeyi planlam\u0131\u015f oldu\u011fumuz bu Uluslararas\u0131 Zirve, D\u00fcnya`n\u0131n d\u00f6rt bir yan\u0131nda gelecek davetli konu\u015fmac\u0131lar, n\u00fckleer santrallere yat\u0131r\u0131m yapmak isteyen uluslararas\u0131 firmalar ve bu uluslararas\u0131 firmalar ile \u00e7al\u0131\u015fmak isteyen yerel firmalar\u0131, kamu ve yerel y\u00f6netim kurulu\u015flar\u0131n\u0131n yetkilileri ile bir araya getirecektir. Ayr\u0131ca, n\u00fckleer santrallere farkl\u0131 a\u00e7\u0131lardan bakan \u00e7evreci kurulu\u015flar\u0131nda yer alaca\u011f\u0131 bu Zirve ile t\u00fcm payda\u015flar T\u00fcrk kamuoyunun da n\u00fckleer santrallere bak\u0131\u015f a\u00e7\u0131s\u0131n\u0131 \u00f6\u011frenebilecekler.<\/p>\n<p><strong>Z\u0130RVEN\u0130N HEDEF K\u0130TLES\u0130<\/strong><br \/>\nBu Zirvenin amac\u0131 kapsam\u0131nda hedef kitlesi; n\u00fckleer santral projelerinde hali haz\u0131rda rol almakta olan kurulu\u015f ve profesyonellerle bu projelerde yer almak isteyen yerli firmalar, uluslararas\u0131 \u015firketler, kamu ve yerel y\u00f6netim kurulu\u015flar\u0131n\u0131n yetkilileridir. Zirve, n\u00fckleer santrallerle ilgili g\u00fcncel konularla T\u00fcrkiye`de y\u00fcr\u00fct\u00fclen projelerin g\u00fcncel durumu hakk\u0131nda bilgi almak isteyen t\u00fcm payda\u015flar\u0131 bir araya getirip seviyeli bir bilgilendirme ortam\u0131n\u0131 sa\u011flayacak.<\/p>\n<p>Haz\u0131rlanan taslak programa g\u00f6re, 30 May\u0131s 2014 saat 8:00\u2019da Enerji ve Tabii Kaynaklar Bakan\u0131 Taner Y\u0131ld\u0131z, AFAD Ba\u015fkan\u0131 Dr. Fuat Oktay, Akkuyu Projesi \u015eirketi s\u00f6zc\u00fcs\u00fc ve Zirve Organizasyon Komitesi Ba\u015fkan\u0131 Prof. Dr. \u015eule Erg\u00fcn\u2019\u00fcn yapaca\u011f\u0131 a\u00e7\u0131l\u0131\u015f konu\u015fmalar\u0131yla ba\u015flayacak.<\/p>\n<p>\u00c7ok say\u0131da yerli ve yabanc\u0131 Akademisyen, Bilim insan\u0131, siyaset\u00e7i ve sekt\u00f6r temsilcisi kat\u0131laca\u011f\u0131 zirvede ele al\u0131nacak genel konular \u015f\u00f6yle:<br \/>\n1. N\u00fckleer Enerjide T\u00fcrkiye`nin Avantajlar\u0131 ve Potansiyeli<br \/>\n2. N\u00fckleer Santrallerinin \u0130n\u015fas\u0131 ve \u0130\u015fletilmesinde T\u00fcrk Firmalar\u0131n\u0131n Pozisyonu Nas\u0131l Olmal\u0131?<br \/>\n3. N\u00fckleer Santrallerin \u00dcretiminde Yerli M\u00fchendislik ve Yerli \u00dcretim Kamuoyunun Sahiplenmesini Art\u0131r\u0131r M\u0131?<br \/>\n4. T\u00fcrkiye`de N\u00fckleer Projelerin G\u00fcncel Durumu<br \/>\n5. Fukushima-Daiichi Sonras\u0131 D\u00fcnyada N\u00fckleer End\u00fcstrinin Durumu<br \/>\n6. N\u00fckleer Teknolojinin Yerlile\u015ftirilmesi (Localization): D\u00fcnyadan \u00d6rnekler<br \/>\n7. N\u00fckleer Teknolojinin Yerlile\u015ftirilmesi (Localization): T\u00fcrkiye`de Yerlile\u015ftirme i\u00e7in F\u0131rsatlar ve G\u00fc\u00e7l\u00fckler<br \/>\n8. Enerji Sekt\u00f6r\u00fc Temsilcilerinin G\u00f6z\u00fcyle N\u00fckleer Teknolojinin Yerlile\u015ftirilmesi ile ilgili F\u0131rsatlar ve G\u00fc\u00e7l\u00fckler<br \/>\n9. ABD, \u00c7in, G\u00fcney Kore, Rusya ve Birle\u015fik Arap Emirlikleri`nde G\u00fcncel N\u00fckleer Projeler<br \/>\n10. N\u00fckleer Hukuk<br \/>\n11. N\u00fckleer Santrallerde Elektrik \u00dcretmenin Elektrik Piyasas\u0131na Muhtemel Etkisi<br \/>\n12. N\u00fckleer Santrallerin G\u00fcvenilir \u0130\u015fletilmesinde G\u00fcvenilir \u0130letim ve Da\u011f\u0131t\u0131m\u0131n \u00d6nemi<\/p>\n<p><strong>KATILIM F\u0130YATLARI<\/strong><br \/>\nZirveye kat\u0131l\u0131m \u015firketler ve genel kat\u0131l\u0131m i\u00e7in 300 dolar, akademisyen ve kamu kurulu\u015fu temsilcileri i\u00e7in 125 dolar, n\u00fckleer m\u00fchendisleri Derne\u011fi veya SUT-D Derne\u011fi \u00fcyeleri i\u00e7in 50 dolar olacak.<\/p>\n<p>Yay\u0131nc\u0131: <a href=\"https:\/\/www.enerjigazetesi.ist\" target=\"_blank\">Enerji Gazetesi<\/a><\/p>","protected":false},"excerpt":{"rendered":"<p>Sorry, this entry is only available in Turkish. For the sake of viewer convenience, the content is shown below in the alternative language. You may click the link to switch the active language.\u0130stanbul N\u00fckleer Santraller Zirvesi 30-31 May\u0131s 2014 tarihinde Grand Cevahir Otel Convention Center\u2019da ger\u00e7ekle\u015ftirecek. N\u00fckleer M\u00fchendisler Derne\u011fi ve S\u00fcrd\u00fcr\u00fclebilir \u00dcretim ve T\u00fcketim Derne\u011fi, [&hellip;]<\/p>\n","protected":false},"author":1,"featured_media":9112,"comment_status":"open","ping_status":"open","sticky":false,"template":"","format":"standard","meta":[],"categories":[53,43],"tags":[63,67,1009,165,14104,71,21],"views":977,"_links":{"self":[{"href":"https:\/\/www.enerjigazetesi.ist\/en\/wp-json\/wp\/v2\/posts\/24996"}],"collection":[{"href":"https:\/\/www.enerjigazetesi.ist\/en\/wp-json\/wp\/v2\/posts"}],"about":[{"href":"https:\/\/www.enerjigazetesi.ist\/en\/wp-json\/wp\/v2\/types\/post"}],"author":[{"embeddable":true,"href":"https:\/\/www.enerjigazetesi.ist\/en\/wp-json\/wp\/v2\/users\/1"}],"replies":[{"embeddable":true,"href":"https:\/\/www.enerjigazetesi.ist\/en\/wp-json\/wp\/v2\/comments?post=24996"}],"version-history":[{"count":2,"href":"https:\/\/www.enerjigazetesi.ist\/en\/wp-json\/wp\/v2\/posts\/24996\/revisions"}],"predecessor-version":[{"id":24999,"href":"https:\/\/www.enerjigazetesi.ist\/en\/wp-json\/wp\/v2\/posts\/24996\/revisions\/24999"}],"wp:featuredmedia":[{"embeddable":true,"href":"https:\/\/www.enerjigazetesi.ist\/en\/wp-json\/wp\/v2\/media\/9112"}],"wp:attachment":[{"href":"https:\/\/www.enerjigazetesi.ist\/en\/wp-json\/wp\/v2\/media?parent=24996"}],"wp:term":[{"taxonomy":"category","embeddable":true,"href":"https:\/\/www.enerjigazetesi.ist\/en\/wp-json\/wp\/v2\/categories?post=24996"},{"taxonomy":"post_tag","embeddable":true,"href":"https:\/\/www.enerjigazetesi.ist\/en\/wp-json\/wp\/v2\/tags?post=24996"}],"curies":[{"name":"wp","href":"https:\/\/api.w.org\/{rel}","templated":true}]}}