{"id":24975,"date":"2014-04-06T23:51:13","date_gmt":"2014-04-06T20:51:13","guid":{"rendered":"https:\/\/www.enerjigazetesi.ist\/?p=24975"},"modified":"2014-04-06T23:51:13","modified_gmt":"2014-04-06T20:51:13","slug":"bakan-yildiz-mart-ayinda-elektrik-uretimi-ve-tuketimi-artti","status":"publish","type":"post","link":"https:\/\/www.enerjigazetesi.ist\/en\/bakan-yildiz-mart-ayinda-elektrik-uretimi-ve-tuketimi-artti\/","title":{"rendered":"(Turkish) Bakan Y\u0131ld\u0131z: Mart Ay\u0131nda Elektrik \u00dcretimi ve T\u00fcketimi Artt\u0131!"},"content":{"rendered":"<p class=\"qtranxs-available-languages-message qtranxs-available-languages-message-en\">Sorry, this entry is only available in <a href=\"https:\/\/www.enerjigazetesi.ist\/tr\/wp-json\/wp\/v2\/posts\/24975\" class=\"qtranxs-available-language-link qtranxs-available-language-link-tr\" title=\"Turkish\">Turkish<\/a>. For the sake of viewer convenience, the content is shown below in the alternative language. You may click the link to switch the active language.<\/p><p><strong>Enerji ve Tabii Kaynaklar Bakan\u0131 Taner Y\u0131ld\u0131z, yaz\u0131l\u0131 a\u00e7\u0131klamas\u0131nda, T\u00fcrkiye\u2019nin mart a<a href=\"https:\/\/www.enerjigazetesi.ist\/wp-content\/uploads\/2014\/04\/bakan-yildiz-mart-ayinda-elektrik-uretimi-ve-tuketimi-artti.png\"><img loading=\"lazy\" class=\"alignright size-medium wp-image-24976\" title=\"bakan-yildiz-mart-ayinda-elektrik-uretimi-ve-tuketimi-artti\" src=\"https:\/\/www.enerjigazetesi.ist\/wp-content\/uploads\/2014\/04\/bakan-yildiz-mart-ayinda-elektrik-uretimi-ve-tuketimi-artti-300x195.png\" alt=\"\" width=\"300\" height=\"195\" srcset=\"https:\/\/www.enerjigazetesi.ist\/wp-content\/uploads\/2014\/04\/bakan-yildiz-mart-ayinda-elektrik-uretimi-ve-tuketimi-artti-300x195.png 300w, https:\/\/www.enerjigazetesi.ist\/wp-content\/uploads\/2014\/04\/bakan-yildiz-mart-ayinda-elektrik-uretimi-ve-tuketimi-artti-76x50.png 76w, https:\/\/www.enerjigazetesi.ist\/wp-content\/uploads\/2014\/04\/bakan-yildiz-mart-ayinda-elektrik-uretimi-ve-tuketimi-artti.png 405w\" sizes=\"(max-width: 300px) 100vw, 300px\" \/><\/a>y\u0131 elektrik kurulu g\u00fcc\u00fcne ili\u015fkin bilgi verdi.<\/strong><\/p>\n<p>Ge\u00e7en y\u0131l mart ay\u0131 sonunda 57 bin 523 megavat olan toplam enerji kurulu g\u00fcc\u00fcn\u00fcn bu y\u0131l\u0131n ayn\u0131 d\u00f6neminde y\u00fczde 12,3 artarak 64 bin 611 megavata ula\u015ft\u0131\u011f\u0131n\u0131 ifade eden Y\u0131ld\u0131z, ayn\u0131 d\u00f6nemde santral say\u0131s\u0131n\u0131n ise y\u00fczde 16 art\u0131\u015fla 932\u2032ye ula\u015ft\u0131\u011f\u0131n\u0131 belirtti.<\/p>\n<p>Y\u0131ld\u0131z, ge\u00e7en y\u0131l mart ay\u0131ndan bu yana toplam 4 bin 227 megavat g\u00fcc\u00fcnde 136 santral devreye al\u0131nd\u0131\u011f\u0131n\u0131 kaydederek, \u201cBu y\u0131l\u0131n mart ay\u0131nda devreye giren 101,5 megavat g\u00fcc\u00fcndeki 7 santralin tamam\u0131 yenilenebilir kaynaklardan olu\u015fmu\u015ftur. Mart ay\u0131nda elektrik \u00fcretimi ge\u00e7ti\u011fimiz y\u0131l\u0131n ayn\u0131 ay\u0131na g\u00f6re y\u00fczde 3,1, t\u00fcketim ise y\u00fczde 2,2 oran\u0131nda artm\u0131\u015ft\u0131r\u201d ifadelerini kulland\u0131.<\/p>\n<p>Kaynak: <a href=\"http:\/\/www.ensonhaber.com\/taner-yildiz-mart-ayi-elektrik-uretimi-ve-tuketimi-artti-2014-04-04.html\" target=\"_blank\">ensonhaber<\/a><\/p>","protected":false},"excerpt":{"rendered":"<p>Sorry, this entry is only available in Turkish. For the sake of viewer convenience, the content is shown below in the alternative language. You may click the link to switch the active language.Enerji ve Tabii Kaynaklar Bakan\u0131 Taner Y\u0131ld\u0131z, yaz\u0131l\u0131 a\u00e7\u0131klamas\u0131nda, T\u00fcrkiye\u2019nin mart ay\u0131 elektrik kurulu g\u00fcc\u00fcne ili\u015fkin bilgi verdi. Ge\u00e7en y\u0131l mart ay\u0131 sonunda [&hellip;]<\/p>\n","protected":false},"author":1,"featured_media":24976,"comment_status":"open","ping_status":"open","sticky":false,"template":"","format":"standard","meta":[],"categories":[51,53],"tags":[710,68,61,8304,63,67,1009,165,667,846],"views":702,"_links":{"self":[{"href":"https:\/\/www.enerjigazetesi.ist\/en\/wp-json\/wp\/v2\/posts\/24975"}],"collection":[{"href":"https:\/\/www.enerjigazetesi.ist\/en\/wp-json\/wp\/v2\/posts"}],"about":[{"href":"https:\/\/www.enerjigazetesi.ist\/en\/wp-json\/wp\/v2\/types\/post"}],"author":[{"embeddable":true,"href":"https:\/\/www.enerjigazetesi.ist\/en\/wp-json\/wp\/v2\/users\/1"}],"replies":[{"embeddable":true,"href":"https:\/\/www.enerjigazetesi.ist\/en\/wp-json\/wp\/v2\/comments?post=24975"}],"version-history":[{"count":1,"href":"https:\/\/www.enerjigazetesi.ist\/en\/wp-json\/wp\/v2\/posts\/24975\/revisions"}],"predecessor-version":[{"id":24977,"href":"https:\/\/www.enerjigazetesi.ist\/en\/wp-json\/wp\/v2\/posts\/24975\/revisions\/24977"}],"wp:featuredmedia":[{"embeddable":true,"href":"https:\/\/www.enerjigazetesi.ist\/en\/wp-json\/wp\/v2\/media\/24976"}],"wp:attachment":[{"href":"https:\/\/www.enerjigazetesi.ist\/en\/wp-json\/wp\/v2\/media?parent=24975"}],"wp:term":[{"taxonomy":"category","embeddable":true,"href":"https:\/\/www.enerjigazetesi.ist\/en\/wp-json\/wp\/v2\/categories?post=24975"},{"taxonomy":"post_tag","embeddable":true,"href":"https:\/\/www.enerjigazetesi.ist\/en\/wp-json\/wp\/v2\/tags?post=24975"}],"curies":[{"name":"wp","href":"https:\/\/api.w.org\/{rel}","templated":true}]}}