{"id":24939,"date":"2014-04-05T20:24:32","date_gmt":"2014-04-05T17:24:32","guid":{"rendered":"https:\/\/www.enerjigazetesi.ist\/?p=24939"},"modified":"2014-04-05T20:24:32","modified_gmt":"2014-04-05T17:24:32","slug":"almanyada-elektrik-fiyatlarinin-indirilmesi-artik-gundemde-degil","status":"publish","type":"post","link":"https:\/\/www.enerjigazetesi.ist\/en\/almanyada-elektrik-fiyatlarinin-indirilmesi-artik-gundemde-degil\/","title":{"rendered":"(Turkish) Almanya\u2019da Elektrik Fiyatlar\u0131n\u0131n \u0130ndirilmesi Art\u0131k G\u00fcndemde De\u011fil&#8230;"},"content":{"rendered":"<p class=\"qtranxs-available-languages-message qtranxs-available-languages-message-en\">Sorry, this entry is only available in <a href=\"https:\/\/www.enerjigazetesi.ist\/tr\/wp-json\/wp\/v2\/posts\/24939\" class=\"qtranxs-available-language-link qtranxs-available-language-link-tr\" title=\"Turkish\">Turkish<\/a>. For the sake of viewer convenience, the content is shown below in the alternative language. You may click the link to switch the active language.<\/p><p><strong>Almanya\u2019da yenilenebilir enerji reformu \u00e7er\u00e7evesinde r\u00fczgar santralleri ve biyok\u00fctle enerjisine devlet deste\u011finin devam edece\u011fi kesinle\u015fti. B\u00f6ylece bu enerjiye ge\u00e7i\u015f s\u00fcrecinde elektrik faturalar\u0131na eklenen kat\u0131lma pay\u0131n\u0131n vatanda\u015flara y\u00fcklenece\u011fi belirtiliyor. Ba\u015fbakan Angela Merkel ve Enerji Bakan\u0131 Sigmar Gabriel, elektrik fiyatlar\u0131n\u0131n indirilece\u011fi s\u00f6z\u00fcn\u00fc vermelerinin m\u00fcmk\u00fcn olmad\u0131\u011f\u0131n\u0131 belirtti.<\/strong><\/p>\n<p>Ba\u015fbakanl\u0131k binas\u0131nda bu hafta i\u00e7i d\u00fczenlenen Yenilenebilir Enerji Zirvesi\u2019nin yank\u0131lar\u0131 hala s\u00fcr\u00fcyor. Federal ve eyaletlerin y\u00f6neticileri aras\u0131ndaki m\u00fczakerelerin sonucund<a href=\"https:\/\/www.enerjigazetesi.ist\/wp-content\/uploads\/2014\/04\/almanyada-elektrik-fiyatlarinin-indirilmesi-artik-gundemde-degil.jpg\"><img loading=\"lazy\" class=\"alignleft size-medium wp-image-24940\" title=\"almanyada-elektrik-fiyatlarinin-indirilmesi-artik-gundemde-degil\" src=\"https:\/\/www.enerjigazetesi.ist\/wp-content\/uploads\/2014\/04\/almanyada-elektrik-fiyatlarinin-indirilmesi-artik-gundemde-degil-300x202.jpg\" alt=\"\" width=\"300\" height=\"202\" srcset=\"https:\/\/www.enerjigazetesi.ist\/wp-content\/uploads\/2014\/04\/almanyada-elektrik-fiyatlarinin-indirilmesi-artik-gundemde-degil-300x202.jpg 300w, https:\/\/www.enerjigazetesi.ist\/wp-content\/uploads\/2014\/04\/almanyada-elektrik-fiyatlarinin-indirilmesi-artik-gundemde-degil-73x50.jpg 73w, https:\/\/www.enerjigazetesi.ist\/wp-content\/uploads\/2014\/04\/almanyada-elektrik-fiyatlarinin-indirilmesi-artik-gundemde-degil.jpg 420w\" sizes=\"(max-width: 300px) 100vw, 300px\" \/><\/a>a yenilenebilir enerji reformu \u00fczerinde mutabakat sa\u011fland\u0131. Buna g\u00f6re r\u00fczgar santralleri ve biyok\u00fctle enerjisi desteklenmeye devam edilecek, yenilenebilir enerjiye ge\u00e7i\u015f i\u00e7in elektrik faturalar\u0131na eklenen kat\u0131lma pay\u0131ndan kendi elektri\u011fini \u00fcreten b\u00fcy\u00fck enerji \u015firketleri muaf tutulacak. Ancak Almanya\u2019n\u0131n planlar\u0131n\u0131n Br\u00fcksel taraf\u0131ndan da onaylanmas\u0131 gerekiyor.<\/p>\n<p>Ekonomi ve Enerji Bakan\u0131 Sigmar Gabriel, zirveden sonra Avrupa Birli\u011fi (AB) Rekabet Komisyonu Joaquin Almunia ile g\u00f6r\u00fc\u015ft\u00fc. Bilindi\u011fi gibi AB, Almanya\u2019n\u0131n yenilenebilir enerji kat\u0131lma pay\u0131nda end\u00fcstri \u015firketlerini muaf tutmas\u0131na kar\u015f\u0131 \u00e7\u0131k\u0131yor. Bu \u00e7er\u00e7evede bu paydan muaf tutulacak \u015firketlerin say\u0131s\u0131n\u0131n da azalt\u0131lmas\u0131 g\u00fcndemde. Kat\u0131lma pay\u0131n\u0131n y\u00fck\u00fcn\u00fcn ise orta ve k\u00fc\u00e7\u00fck \u00f6l\u00e7ekli \u015firketlere, \u00f6zellikle de t\u00fcketicilere binece\u011fi belirtiliyor. Nitekim Ba\u015fbakan Angela Merkel ve Gabriel\u2019in yapt\u0131klar\u0131 a\u00e7\u0131klamalarda elektrik fiyatlar\u0131n\u0131n indirilece\u011fi y\u00f6nde s\u00f6z vermek ger\u00e7ek d\u0131\u015f\u0131 \u015feklinde ifade kullanmalar\u0131 dikkat \u00e7ekti.<\/p>\n<p>T\u00fcketicileri Koruma Merkezleri Birli\u011fi\u2019ne (VZBV) g\u00f6re bu reformdan dolay\u0131 1,5 milyar Euro\u2019luk ek y\u00fck olu\u015facak. Reuters haber ajans\u0131na a\u00e7\u0131klama yapan VZBV enerji uzman\u0131 Niel Schnoor, \u201cBu ise her bir hane i\u00e7in y\u0131lda ortalama 14 Euro ek payd\u0131r.\u201d dedi. Bundan dolay\u0131 yenilenebilir enerjiye deste\u011fin de zay\u0131flamas\u0131n\u0131n s\u00f6z konusu olabilece\u011fini belirten uzman, \u00f6zellikle de kendi enerjisini \u00fcretenlerin cezaland\u0131r\u0131lm\u0131\u015f olaca\u011f\u0131na dikkat \u00e7ekti. Di\u011fer taraftan toplu ta\u015f\u0131ma \u015firketlerinin de kat\u0131lma pay\u0131ndaki indirimlerini kaybetmesi de g\u00fcndemde. Bu durumda tren biletlerinin fiyatlar\u0131n\u0131n da artabilece\u011fi belirtiliyor. \u00d6rne\u011fin Berlin\u2019in toplu ta\u015f\u0131ma \u015firketi BVG\u2019nin, \u015fu an 7,7 milyon Euro olan kat\u0131lma pay\u0131n\u0131n 2018\u2019e kadar 12 milyon Euro\u2019ya y\u00fckselmesi durumunda 2,60 Euro olan tek y\u00f6nl\u00fc biletin fiyat\u0131n\u0131 2,80 Euro\u2019ya y\u00fckseltmek zorunda kalaca\u011f\u0131 ifade ediliyor.<\/p>\n<p>Baden-W\u00fcrttemberg Ba\u015fbakan\u0131 Winfried Kretschmann enerji zirvesinde \u00e7\u0131kan karara g\u00f6re eyaletinde r\u00fczgar enerjisinin daha \u00e7ok te\u015fvik edilecek olmas\u0131ndan memnun. \u0130yi bir uzla\u015fmaya var\u0131ld\u0131\u011f\u0131n\u0131 ifade eden Kretschmann, enerji d\u00f6n\u00fc\u015f\u00fcm\u00fcn\u00fc \u2018y\u00fcz y\u0131l\u0131n plan\u0131\u2019 olarak de\u011ferlendirdi ve bir konsens\u00fcs \u00e7er\u00e7evesinde uygulanmas\u0131n\u0131 istedi. Eyaletin \u00c7evre Bakan\u0131 Franz Untersteller de r\u00fczgar enerjisi \u00fcretilecek alan\u0131n geni\u015fletilmesinden \u00f6vg\u00fcyle bahsetti.<\/p>\n<p>Kaynak: <a href=\"http:\/\/www.beyazgundem.com\/yerel\/almanyada-elektrik-fiyatlarinin-indirilmesi-artik-gundemde-degil-h45711.html\" target=\"_blank\">Beyaz G\u00fcndem<\/a><\/p>","protected":false},"excerpt":{"rendered":"<p>Sorry, this entry is only available in Turkish. For the sake of viewer convenience, the content is shown below in the alternative language. You may click the link to switch the active language.Almanya\u2019da yenilenebilir enerji reformu \u00e7er\u00e7evesinde r\u00fczgar santralleri ve biyok\u00fctle enerjisine devlet deste\u011finin devam edece\u011fi kesinle\u015fti. B\u00f6ylece bu enerjiye ge\u00e7i\u015f s\u00fcrecinde elektrik faturalar\u0131na eklenen [&hellip;]<\/p>\n","protected":false},"author":1,"featured_media":24940,"comment_status":"open","ping_status":"open","sticky":false,"template":"","format":"standard","meta":[],"categories":[51,53],"tags":[929,1678,14085,68,14083,63,67,1009,165,5131,14084],"views":635,"_links":{"self":[{"href":"https:\/\/www.enerjigazetesi.ist\/en\/wp-json\/wp\/v2\/posts\/24939"}],"collection":[{"href":"https:\/\/www.enerjigazetesi.ist\/en\/wp-json\/wp\/v2\/posts"}],"about":[{"href":"https:\/\/www.enerjigazetesi.ist\/en\/wp-json\/wp\/v2\/types\/post"}],"author":[{"embeddable":true,"href":"https:\/\/www.enerjigazetesi.ist\/en\/wp-json\/wp\/v2\/users\/1"}],"replies":[{"embeddable":true,"href":"https:\/\/www.enerjigazetesi.ist\/en\/wp-json\/wp\/v2\/comments?post=24939"}],"version-history":[{"count":1,"href":"https:\/\/www.enerjigazetesi.ist\/en\/wp-json\/wp\/v2\/posts\/24939\/revisions"}],"predecessor-version":[{"id":24941,"href":"https:\/\/www.enerjigazetesi.ist\/en\/wp-json\/wp\/v2\/posts\/24939\/revisions\/24941"}],"wp:featuredmedia":[{"embeddable":true,"href":"https:\/\/www.enerjigazetesi.ist\/en\/wp-json\/wp\/v2\/media\/24940"}],"wp:attachment":[{"href":"https:\/\/www.enerjigazetesi.ist\/en\/wp-json\/wp\/v2\/media?parent=24939"}],"wp:term":[{"taxonomy":"category","embeddable":true,"href":"https:\/\/www.enerjigazetesi.ist\/en\/wp-json\/wp\/v2\/categories?post=24939"},{"taxonomy":"post_tag","embeddable":true,"href":"https:\/\/www.enerjigazetesi.ist\/en\/wp-json\/wp\/v2\/tags?post=24939"}],"curies":[{"name":"wp","href":"https:\/\/api.w.org\/{rel}","templated":true}]}}