{"id":24932,"date":"2014-04-04T16:55:03","date_gmt":"2014-04-04T13:55:03","guid":{"rendered":"https:\/\/www.enerjigazetesi.ist\/?p=24932"},"modified":"2014-04-04T16:55:03","modified_gmt":"2014-04-04T13:55:03","slug":"solarex-istanbul-2014te-metasol-damgasi","status":"publish","type":"post","link":"https:\/\/www.enerjigazetesi.ist\/en\/solarex-istanbul-2014te-metasol-damgasi\/","title":{"rendered":"(Turkish) Solarex \u0130stanbul 2014\u2019te \u201cMetasol\u201d Damgas\u0131&#8230;"},"content":{"rendered":"<p class=\"qtranxs-available-languages-message qtranxs-available-languages-message-en\">Sorry, this entry is only available in <a href=\"https:\/\/www.enerjigazetesi.ist\/tr\/wp-json\/wp\/v2\/posts\/24932\" class=\"qtranxs-available-language-link qtranxs-available-language-link-tr\" title=\"Turkish\">Turkish<\/a>. For the sake of viewer convenience, the content is shown below in the alternative language. You may click the link to switch the active language.<\/p><p><strong>Merkezi Almanya\u2019da bulunan ve 2001\u2019den bu yana g\u00fcne\u015f enerjisi sekt\u00f6r\u00fcnde yer alan Asola Techologies GmbH firmas\u0131n\u0131n T\u00fcrkiye\u2019deki i\u015ftiraki olan Metasol Metal Enerji 10-12 Nisan 2014 tarihleri aras\u0131nda \u0130stanbul Fuar Merkezi\u2019nde ger\u00e7ekle\u015fecek olan Uluslararas\u0131 G\u00fcne\u015f Enerjisi &amp; Teknolojileri Fuar\u0131 <span style=\"text-decoration: underline;\">SOLAREX \u0130STANBUL 2014<\/span>\u2019te Promert Solar ile ortak bir stand kuracakt\u0131r.<\/strong><\/p>\n<p>Bu y\u0131l 7.si d\u00fczenlenecek olan fuarda otomotiv, end\u00fcstri(sanayi) ve yap\u0131 sekt\u00f6r\u00fc i\u00e7in gelece\u011fin teknolojisi olarak g\u00f6sterilen yeni ve son teknoloji \u00fcr\u00fcnlerin yan\u0131 s\u0131ra, <strong>Asola Technologies GmbH<\/strong> firmas\u0131n\u0131n \u00fcretti\u011fi ve otomobil tavanlar\u0131 i\u00e7in kullan\u0131lan cam-cam paneller ve e\u011fimli solar cam panellerin tan\u0131t\u0131<a href=\"https:\/\/www.enerjigazetesi.ist\/wp-content\/uploads\/2014\/04\/solarex-istanbul-2014te-metasol-damgasi.jpg\"><img loading=\"lazy\" class=\"alignleft size-medium wp-image-24933\" title=\"solarex-istanbul-2014te-metasol-damgasi\" src=\"https:\/\/www.enerjigazetesi.ist\/wp-content\/uploads\/2014\/04\/solarex-istanbul-2014te-metasol-damgasi-300x208.jpg\" alt=\"\" width=\"300\" height=\"208\" srcset=\"https:\/\/www.enerjigazetesi.ist\/wp-content\/uploads\/2014\/04\/solarex-istanbul-2014te-metasol-damgasi-300x208.jpg 300w, https:\/\/www.enerjigazetesi.ist\/wp-content\/uploads\/2014\/04\/solarex-istanbul-2014te-metasol-damgasi-500x347.jpg 500w, https:\/\/www.enerjigazetesi.ist\/wp-content\/uploads\/2014\/04\/solarex-istanbul-2014te-metasol-damgasi-71x50.jpg 71w, https:\/\/www.enerjigazetesi.ist\/wp-content\/uploads\/2014\/04\/solarex-istanbul-2014te-metasol-damgasi.jpg 511w\" sizes=\"(max-width: 300px) 100vw, 300px\" \/><\/a>m\u0131n\u0131 ger\u00e7ekle\u015ftirecek olan Metasol Enerji firmas\u0131n\u0131n yetkilisi Michael Bora Zirnbauer, gelecek olan t\u00fcm misafirleri a\u011f\u0131rlamaktan b\u00fcy\u00fck mutluluk ve onur duyacaklar\u0131n\u0131 belirtmektedir.<\/p>\n<p><strong>\u201cSOLAREX, g\u00fcne\u015f enerjisi sekt\u00f6r\u00fc ile sanayicilerin bulu\u015ftu\u011fu ger\u00e7ek bir ticari platform\u201d<\/strong><\/p>\n<p>Michael Bora Zirnbauer yapt\u0131\u011f\u0131 a\u00e7\u0131klamada, <em>\u201cT\u00fcrkiye\u2019nin g\u00fcne\u015f enerjisi alan\u0131nda \u00fcretim ve yat\u0131r\u0131m merkezi olmas\u0131na yolunda b\u00fcy\u00fck ad\u0131mlar atmas\u0131na f\u0131rsat tan\u0131yan ve sekt\u00f6r\u00fcn lider firmalar\u0131n\u0131n ve temsilcilerinin bulu\u015ftu\u011fu bir organizasyon olma \u00f6zelli\u011fine sahip olan bu fuarda, co\u011frafi avantajlar\u0131yla Avrupa\u2019n\u0131n en g\u00fcne\u015fli \u00fclkelerinden biri olarak kabul edilen T\u00fcrkiye\u2019deki ziyaret\u00e7ilerimize g\u00fcne\u015f enerjisinin \u00f6nemini ve sa\u011flayaca\u011f\u0131 avantajlar\u0131 anlatmay\u0131 hedefliyoruz.\u201d<\/em> ifadelerine yer verdi.<\/p>\n<p><strong>\u201cASOLA, <\/strong><strong>Binaya Entegre Alanlarda \u00c7ift Cam G\u00fcne\u015f Mod\u00fclleri i\u00e7in Genel Bina Kodu Onay\u0131n\u0131 ald\u0131<\/strong><strong>\u201d<\/strong><\/p>\n<p>Berlin\u2019de bulunan <strong>ALMANYA \u0130N\u015eAAT TEKNOLOJ\u0130LER\u0130 ENST\u0130T\u00dcS\u00dc<\/strong> <strong>(DIBT), Asola Technologies GmbH<\/strong> firmas\u0131na <em>\u201cBinaya entegre alanlarda \u00e7ift cam g\u00fcne\u015f mod\u00fclleri i\u00e7in genel yap\u0131 onay kodu\u201d<\/em> verdi\u011fini a\u00e7\u0131klad\u0131. Asola\u2019n\u0131n bu \u00fcr\u00fcn\u00fc, m\u00fc\u015fteriler ve montajc\u0131lar i\u00e7in maksimum d\u00fczeyde g\u00fcvenlik i\u00e7ermekle beraber, \u00f6zel ve kamu in\u015faat ihalelerine yeni uygulama f\u0131rsatlar\u0131 a\u00e7maktad\u0131r.<\/p>\n<p>Asola VITRUM\u2019un \u00e7ift caml\u0131 \u00fcr\u00fcn ailesi, cam tavan d\u00f6\u015femesi, darbeye dayan\u0131kl\u0131 cam tavan, balkon kaplamalar\u0131 ve cephe elemanlar\u0131 gibi farkl\u0131 boyutlar\u0131 i\u00e7in onay gerektirmeyen uygulamalar sa\u011flamakla beraber, onay numaras\u0131 Z-70.3-203\u2019\u00fcn alt\u0131nda bulunan \u201cG\u00fcne\u015f-lamine emniyet cam\u0131\u201d g\u00fcne\u015f panelleri bireysel durumlarda onay gerektirmedi\u011fi gibi, a\u011f\u0131rl\u0131kl\u0131 olarak mimar ve cephe kaplamac\u0131lara binalardaki g\u00fcne\u015f enerjisi uygulamalar\u0131nda \u00e7ok daha kolay bir kullan\u0131m sa\u011fl\u0131yor.<\/p>\n<p><strong>Metasol Metal Enerji<\/strong> T\u00fcrkiye piyasas\u0131nda yeni olmas\u0131na ra\u011fmen U\u015fak, Kocaeli ve \u0130zmir b\u00f6lgelerinde ger\u00e7ekle\u015ftirdi\u011fi projelerle m\u00fc\u015fteri memnuniyeti, malzeme kalitesi ve zaman\u0131nda teslim konular\u0131nda kendini ispatlam\u0131\u015f g\u00f6z\u00fckmektedir. Firma, ak\u0131ll\u0131 ve profesyonel \u00a0bir tedarik politikas\u0131 sayesinde <strong><em>\u201cMade in Germany\u201d<\/em><\/strong> felsefesinden \u00f6d\u00fcn vermeden bir \u00e7ok EPC firmas\u0131 taraf\u0131ndan verilen uzak do\u011fu men\u015feli malzeme fiyatlar\u0131na ula\u015farak t\u00fcm projelerinde en uygun fiyata y\u00fcksek kalitede hizmet sa\u011flamaktad\u0131r.<\/p>\n<p>Yay\u0131nc\u0131: <a href=\"https:\/\/www.enerjigazetesi.ist\">Enerji Gazetesi<\/a><\/p>","protected":false},"excerpt":{"rendered":"<p>Sorry, this entry is only available in Turkish. For the sake of viewer convenience, the content is shown below in the alternative language. You may click the link to switch the active language.Merkezi Almanya\u2019da bulunan ve 2001\u2019den bu yana g\u00fcne\u015f enerjisi sekt\u00f6r\u00fcnde yer alan Asola Techologies GmbH firmas\u0131n\u0131n T\u00fcrkiye\u2019deki i\u015ftiraki olan Metasol Metal Enerji 10-12 [&hellip;]<\/p>\n","protected":false},"author":1,"featured_media":24933,"comment_status":"open","ping_status":"open","sticky":false,"template":"","format":"standard","meta":[],"categories":[53,49],"tags":[14074,14079,63,67,1009,165,14080,227,13,14075,14078,14076,14077],"views":1129,"_links":{"self":[{"href":"https:\/\/www.enerjigazetesi.ist\/en\/wp-json\/wp\/v2\/posts\/24932"}],"collection":[{"href":"https:\/\/www.enerjigazetesi.ist\/en\/wp-json\/wp\/v2\/posts"}],"about":[{"href":"https:\/\/www.enerjigazetesi.ist\/en\/wp-json\/wp\/v2\/types\/post"}],"author":[{"embeddable":true,"href":"https:\/\/www.enerjigazetesi.ist\/en\/wp-json\/wp\/v2\/users\/1"}],"replies":[{"embeddable":true,"href":"https:\/\/www.enerjigazetesi.ist\/en\/wp-json\/wp\/v2\/comments?post=24932"}],"version-history":[{"count":2,"href":"https:\/\/www.enerjigazetesi.ist\/en\/wp-json\/wp\/v2\/posts\/24932\/revisions"}],"predecessor-version":[{"id":24935,"href":"https:\/\/www.enerjigazetesi.ist\/en\/wp-json\/wp\/v2\/posts\/24932\/revisions\/24935"}],"wp:featuredmedia":[{"embeddable":true,"href":"https:\/\/www.enerjigazetesi.ist\/en\/wp-json\/wp\/v2\/media\/24933"}],"wp:attachment":[{"href":"https:\/\/www.enerjigazetesi.ist\/en\/wp-json\/wp\/v2\/media?parent=24932"}],"wp:term":[{"taxonomy":"category","embeddable":true,"href":"https:\/\/www.enerjigazetesi.ist\/en\/wp-json\/wp\/v2\/categories?post=24932"},{"taxonomy":"post_tag","embeddable":true,"href":"https:\/\/www.enerjigazetesi.ist\/en\/wp-json\/wp\/v2\/tags?post=24932"}],"curies":[{"name":"wp","href":"https:\/\/api.w.org\/{rel}","templated":true}]}}