{"id":24919,"date":"2014-04-04T14:27:28","date_gmt":"2014-04-04T11:27:28","guid":{"rendered":"https:\/\/www.enerjigazetesi.ist\/?p=24919"},"modified":"2014-04-04T14:27:28","modified_gmt":"2014-04-04T11:27:28","slug":"japonya-fukushima-sonrasi-nukleer-sayfasini-yeniden-aciyor","status":"publish","type":"post","link":"https:\/\/www.enerjigazetesi.ist\/en\/japonya-fukushima-sonrasi-nukleer-sayfasini-yeniden-aciyor\/","title":{"rendered":"(Turkish) Japonya, Fukushima Sonras\u0131 N\u00fckleer Sayfas\u0131n\u0131 Yeniden A\u00e7\u0131yor!"},"content":{"rendered":"<p class=\"qtranxs-available-languages-message qtranxs-available-languages-message-en\">Sorry, this entry is only available in <a href=\"https:\/\/www.enerjigazetesi.ist\/tr\/wp-json\/wp\/v2\/posts\/24919\" class=\"qtranxs-available-language-link qtranxs-available-language-link-tr\" title=\"Turkish\">Turkish<\/a>. For the sake of viewer convenience, the content is shown below in the alternative language. You may click the link to switch the active language.<\/p><p><strong>Japonya Fukushima sonras\u0131 enerji politikas\u0131n\u0131 onaylamaya haz\u0131rlan\u0131yor. \u0130ktidar partileri taraf\u0131ndan olu\u015fturulan gruplar\u0131n anla\u015fmas\u0131n\u0131n ard\u0131ndan Japonya n\u00fckleer enerji kullan\u0131m\u0131n\u0131 kabul eden ve t\u00fcketim ve \u00fcretime rehberlik edecek politikay\u0131 onaylamak \u00fczere&#8230;<a href=\"https:\/\/www.enerjigazetesi.ist\/wp-content\/uploads\/2014\/04\/japonya-fukushima-sonrasi-nukleer-sayfasini-yeniden-aciyor.jpg\"><img loading=\"lazy\" class=\"alignright size-medium wp-image-24920\" title=\"japonya-fukushima-sonrasi-nukleer-sayfasini-yeniden-aciyor\" src=\"https:\/\/www.enerjigazetesi.ist\/wp-content\/uploads\/2014\/04\/japonya-fukushima-sonrasi-nukleer-sayfasini-yeniden-aciyor-300x209.jpg\" alt=\"\" width=\"300\" height=\"209\" srcset=\"https:\/\/www.enerjigazetesi.ist\/wp-content\/uploads\/2014\/04\/japonya-fukushima-sonrasi-nukleer-sayfasini-yeniden-aciyor-300x209.jpg 300w, https:\/\/www.enerjigazetesi.ist\/wp-content\/uploads\/2014\/04\/japonya-fukushima-sonrasi-nukleer-sayfasini-yeniden-aciyor-71x50.jpg 71w, https:\/\/www.enerjigazetesi.ist\/wp-content\/uploads\/2014\/04\/japonya-fukushima-sonrasi-nukleer-sayfasini-yeniden-aciyor.jpg 403w\" sizes=\"(max-width: 300px) 100vw, 300px\" \/><\/a><\/strong><\/p>\n<p>\u0130ktidardaki Liberal Demokrat Parti ve koalisyonun k\u00fc\u00e7\u00fck orta\u011f\u0131 New Komeito, n\u00fckleer enerjiyi \u201c\u00f6nemli bir bazy\u00fck enerji kayna\u011f\u0131\u201d olarak tan\u0131mlayan \u015eubat\u2019ta sunulan politika tasla\u011f\u0131 \u00fczerinde haftalard\u0131r devam eden tart\u0131\u015fmlar\u0131 tamamlamaya haz\u0131rlan\u0131yor.<\/p>\n<p>LDP\u2019li yasa koyucu Taku Yamamoto bas\u0131n konferans\u0131nda plan\u0131n onay i\u00e7in Kabine\u2019ye sunulmas\u0131ndan \u00f6nce partilerin bug\u00fcnk\u00fc anla\u015fmay\u0131 g\u00f6r\u00fc\u015fmek \u00fczere kendi \u00fcyeleriyle toplant\u0131 yapaca\u011f\u0131n\u0131 s\u00f6yledi.<\/p>\n<p>Komeito uzun zamand\u0131r temiz enerji hedefinin dahil edilmesi y\u00f6n\u00fcnde kampanya y\u00fcr\u00fct\u00fcyor olsa da, her iki taraf da \u00f6d\u00fcn verdi. New Komeitolu Tetsuo Saito, plana \u201cJaponya, \u00f6nce a\u00e7\u0131klanan hedefleri a\u015fan seviyelerde temiz enerjiyi uygulamaya koymay\u0131 ama\u00e7layacakt\u0131r\u201d c\u00fcmlesinin eklenmesine karar verdi. \u00d6nceki hedefler, 2030\u2032a kadar \u00fclkenin elekti\u011finin y\u00fczde 20\u2032sinin temiz enerji ile sa\u011flanmas\u0131n\u0131 \u00f6ng\u00f6r\u00fcyor.<\/p>\n<p>Eklenen c\u00fcmle partilerin \u00f6nceden \u00f6ne s\u00fcrd\u00fc\u011f\u00fc teklifleri yumu\u015fat\u0131yor. Partiler ge\u00e7ti\u011fimiz hafta temiz enerjinin, \u201ckaydade\u011fer\u201d oranda eski hedeflerin \u00fczerinde olaca\u011f\u0131n\u0131 s\u00f6ylemi\u015fti.<\/p>\n<p>Japonya \u015fu anda enerjisinin y\u00fczde 1.6\u2032s\u0131n\u0131 r\u00fczgar, g\u00fcne\u015f ve di\u011fer yenilenebilir kaynaklardan sa\u011flarken, hidroelektri\u011fin oran\u0131 y\u00fczde 8.4.<\/p>\n<p>Kaynak: <a href=\"http:\/\/www.bloomberght.com\/haberler\/haber\/1535335-japonya-nukleer-sayfasini-yeniden-aciyor\" target=\"_blank\">BloombergHT<\/a><\/p>","protected":false},"excerpt":{"rendered":"<p>Sorry, this entry is only available in Turkish. For the sake of viewer convenience, the content is shown below in the alternative language. You may click the link to switch the active language.Japonya Fukushima sonras\u0131 enerji politikas\u0131n\u0131 onaylamaya haz\u0131rlan\u0131yor. \u0130ktidar partileri taraf\u0131ndan olu\u015fturulan gruplar\u0131n anla\u015fmas\u0131n\u0131n ard\u0131ndan Japonya n\u00fckleer enerji kullan\u0131m\u0131n\u0131 kabul eden ve t\u00fcketim ve [&hellip;]<\/p>\n","protected":false},"author":1,"featured_media":24920,"comment_status":"open","ping_status":"open","sticky":false,"template":"","format":"standard","meta":[],"categories":[53,43],"tags":[63,67,1009,14071,165,1547,71,21,14072],"views":648,"_links":{"self":[{"href":"https:\/\/www.enerjigazetesi.ist\/en\/wp-json\/wp\/v2\/posts\/24919"}],"collection":[{"href":"https:\/\/www.enerjigazetesi.ist\/en\/wp-json\/wp\/v2\/posts"}],"about":[{"href":"https:\/\/www.enerjigazetesi.ist\/en\/wp-json\/wp\/v2\/types\/post"}],"author":[{"embeddable":true,"href":"https:\/\/www.enerjigazetesi.ist\/en\/wp-json\/wp\/v2\/users\/1"}],"replies":[{"embeddable":true,"href":"https:\/\/www.enerjigazetesi.ist\/en\/wp-json\/wp\/v2\/comments?post=24919"}],"version-history":[{"count":1,"href":"https:\/\/www.enerjigazetesi.ist\/en\/wp-json\/wp\/v2\/posts\/24919\/revisions"}],"predecessor-version":[{"id":24921,"href":"https:\/\/www.enerjigazetesi.ist\/en\/wp-json\/wp\/v2\/posts\/24919\/revisions\/24921"}],"wp:featuredmedia":[{"embeddable":true,"href":"https:\/\/www.enerjigazetesi.ist\/en\/wp-json\/wp\/v2\/media\/24920"}],"wp:attachment":[{"href":"https:\/\/www.enerjigazetesi.ist\/en\/wp-json\/wp\/v2\/media?parent=24919"}],"wp:term":[{"taxonomy":"category","embeddable":true,"href":"https:\/\/www.enerjigazetesi.ist\/en\/wp-json\/wp\/v2\/categories?post=24919"},{"taxonomy":"post_tag","embeddable":true,"href":"https:\/\/www.enerjigazetesi.ist\/en\/wp-json\/wp\/v2\/tags?post=24919"}],"curies":[{"name":"wp","href":"https:\/\/api.w.org\/{rel}","templated":true}]}}