{"id":24902,"date":"2014-04-04T10:34:28","date_gmt":"2014-04-04T07:34:28","guid":{"rendered":"https:\/\/www.enerjigazetesi.ist\/?p=24902"},"modified":"2014-04-04T14:04:08","modified_gmt":"2014-04-04T11:04:08","slug":"istanbul-karbon-zirvesi-devam-ediyor","status":"publish","type":"post","link":"https:\/\/www.enerjigazetesi.ist\/en\/istanbul-karbon-zirvesi-devam-ediyor\/","title":{"rendered":"(Turkish) \u0130stanbul Karbon Zirvesi Devam Ediyor!"},"content":{"rendered":"<p class=\"qtranxs-available-languages-message qtranxs-available-languages-message-en\">Sorry, this entry is only available in <a href=\"https:\/\/www.enerjigazetesi.ist\/tr\/wp-json\/wp\/v2\/posts\/24902\" class=\"qtranxs-available-language-link qtranxs-available-language-link-tr\" title=\"Turkish\">Turkish<\/a>. For the sake of viewer convenience, the content is shown below in the alternative language. You may click the link to switch the active language.<\/p><p><strong>Avrupa Birli\u011fi \u00fclkelerindeki mevcut sera gaz\u0131 sal\u0131m\u0131n\u0131n 2030 y\u0131l\u0131na kadar, 1990 y\u0131l\u0131ndaki seviyenin y\u00fczde 40 alt\u0131na indirilmesi planlan\u0131yor. <\/strong><strong>\u0130T\u00dc`n\u00fcn ev sahipli\u011finde ger\u00e7ekle\u015ftirilen \u0130stanbul Karbon Zirvesi devam ediyor. Zirvede konu\u015fmac\u0131 olarak yer alan OECD \u0130klim De\u011fi\u015fikli\u011fi Ba\u015fkan\u0131 Anthony Cox, karbon azalt\u0131m sistemlerinden biri olan \u00fcr\u00fcn karbon etiketlemesi konusundaki yetersizliklerin alt\u0131n\u0131 \u00e7izdi&#8230;<\/strong><\/p>\n<p>Teknolojinin h\u0131zla ilerledi\u011fini, dolay\u0131s\u0131yla var olan kararlar\u0131m\u0131z\u0131 bu de\u011fi\u015fimi g\u00f6z \u00f6n\u00fcnde bulundurarak yeniden de\u011ferlendirmemiz gerekti\u011fini s\u00f6yleyen Cox, \u00e7evreyi daha az kirleten yak\u0131tlara, d\u00fc\u015f\u00fck vergiler uygulanmas\u0131 gerekti\u011fini belirtti.<a href=\"https:\/\/www.enerjigazetesi.ist\/wp-content\/uploads\/2014\/03\/istanbul-karbon-zirvesine-havacilik-destegi.jpg\"><img loading=\"lazy\" class=\"alignright size-medium wp-image-24615\" title=\"istanbul-karbon-zirvesi\" src=\"https:\/\/www.enerjigazetesi.ist\/wp-content\/uploads\/2014\/03\/istanbul-karbon-zirvesine-havacilik-destegi-300x219.jpg\" alt=\"\" width=\"300\" height=\"219\" srcset=\"https:\/\/www.enerjigazetesi.ist\/wp-content\/uploads\/2014\/03\/istanbul-karbon-zirvesine-havacilik-destegi-300x219.jpg 300w, https:\/\/www.enerjigazetesi.ist\/wp-content\/uploads\/2014\/03\/istanbul-karbon-zirvesine-havacilik-destegi-68x50.jpg 68w, https:\/\/www.enerjigazetesi.ist\/wp-content\/uploads\/2014\/03\/istanbul-karbon-zirvesine-havacilik-destegi.jpg 336w\" sizes=\"(max-width: 300px) 100vw, 300px\" \/><\/a><\/p>\n<p>Cox, \u201cT\u00fcrkiye\u2019de enerji vergileri genellikle ula\u015f\u0131m sekt\u00f6r\u00fcnden al\u0131n\u0131yor. Ekonomik \u0130\u015fbirli\u011fi ve Kalk\u0131nma \u00d6rg\u00fct\u00fc (OECD) verilerine g\u00f6re OECD \u00fclkeleri aras\u0131nda benzindeki t\u00fcketim vergisinde y\u00fcksek s\u0131ralarda bulunuyor\u201d dedi.<\/p>\n<p>\u0130klim De\u011fi\u015fikli\u011fi ve Temiz Enerji Uzman\u0131 Zsuzsanna Ivanyi da, iklim de\u011fi\u015fikli\u011fi ile m\u00fccadelede 2015\u2019te Paris`te ger\u00e7ekle\u015ftirilecek 21. Birle\u015fmi\u015f Milletler (BM) \u0130klim De\u011fi\u015fikli\u011fi \u00c7er\u00e7eve S\u00f6zle\u015fmesi Taraflar Konferans\u0131nda karara ba\u011flanacak yeni k\u00fcresel iklim anla\u015fmas\u0131n\u0131n ekonomik b\u00fcy\u00fcmeye katk\u0131 sa\u011flayaca\u011f\u0131n\u0131 belirtti.<\/p>\n<p>D\u00fcnyada artan n\u00fcfus oran\u0131yla birlikte, enerji ve do\u011fal kaynaklara olan ihtiyac\u0131n giderek artt\u0131\u011f\u0131n\u0131 belirten Ivanyi, imzalanacak yeni anla\u015fman\u0131n t\u00fcm d\u00fcnya \u00fclkelerini kapsam\u0131 alt\u0131na almas\u0131 gerekti\u011fini belirterek, \u201cDo\u011fal kaynaklar\u0131n s\u0131n\u0131rl\u0131 olmas\u0131 ve mevcut n\u00fcfusun artmas\u0131yla beraber bu kaynaklara her zamankinden daha \u00e7ok ihtiya\u00e7 duyulmas\u0131, k\u00fcresel bir sorunu beraberinde getiriyor. 2015\u2019te imzalanacak anla\u015fmayla \u00fczerimize d\u00fc\u015fen sorumluluklar\u0131 yeniden g\u00f6zden ge\u00e7irmeliyiz\u201d dedi.<\/p>\n<p><strong>GELECEKTEK\u0130 FELAKETLERDEN HERKES SORUMLU<\/strong><\/p>\n<p>Birey olarak herkesin gelecekte ya\u015fanabilecek felaketlerden sorumlu oldu\u011funu dile getiren Ivanyi, yeni anla\u015fman\u0131n giri\u015fimciler ve yat\u0131r\u0131mc\u0131lar\u0131 motive etmesi gerekti\u011finin alt\u0131n\u0131 \u00e7izerek, \u00e7ok ge\u00e7 olmadan herkesin harekete ge\u00e7mesi gerekti\u011fini belirtti.<\/p>\n<p>Karbon emisyonunun azalt\u0131lmas\u0131 konusunda azimli olmak gerekti\u011fini dile getiren Edinburg \u00dcniversitesi Karbon Y\u00f6netimi Ba\u015fkan\u0131 Francisco Ascui ise, bu anlamda \u00fclkelerin politikalar\u0131n\u0131n istikrar ve \u015feffafl\u0131k do\u011frultusunda ilerlemesi gerekti\u011fini kaydetti.<\/p>\n<p>Ascui, \u201cKarbon emisyonuyla sava\u015f\u0131rken uluslararas\u0131 d\u00fczeyde belirtilen standartlar\u0131 kullanmal\u0131y\u0131z\u201d dedi.<\/p>\n<p>Avrupa Komisyonu Politika D\u00fczenleyicisi Dimitrios Zevgolis ise, 2015\u2019te imzanalanacak anla\u015fmaya dikkati \u00e7ekerek, \u201c2015 anla\u015fmas\u0131yla birlikte karbon emisyonlar\u0131nda \u00f6nemli bir azalma sa\u011flanacak. Ekonomik akt\u00f6rler bu s\u00fcre\u00e7te aktif rol almal\u0131. Avrupa Birli\u011fi\u2019nin karbonla ilgili gelecekte uygulamay\u0131 planlad\u0131\u011f\u0131 politikalar\u0131 dikkate alarak mevcut politikalar\u0131m\u0131z\u0131 sorgulamal\u0131y\u0131z ve bu do\u011frultuda \u00e7\u00f6z\u00fcmler \u00fcretmeliyiz\u201d diye konu\u015ftu.<\/p>\n<p><strong>HEDEF 1990`A G\u00d6RE Y\u00dcZDE 40 DAHA AZ SERA GAZI<\/strong><\/p>\n<p>\u0130klim de\u011fi\u015fikli\u011fiyle m\u00fccadelede yeni hedefler belirlediklerini belirten Zevgolis, ama\u00e7lar\u0131n\u0131n Avrupa Birli\u011fi \u00fclkelerindeki mevcut sera gaz\u0131 sal\u0131m\u0131n\u0131n 2030 y\u0131l\u0131na kadar, 1990 y\u0131l\u0131ndaki seviyenin y\u00fczde 40 alt\u0131na indirilmesi oldu\u011funu kaydetti.<\/p>\n<p>D\u00fcnya Bankas\u0131\u2019ndan Ay\u015fe Yasemin \u00d6r\u00fcc\u00fc ise \u00fclkelerin D\u00fcnya Bankas\u0131 ile birlikte baz\u0131 hedefler do\u011frultusunda \u00e7al\u0131\u015fmalar yapt\u0131klar\u0131n\u0131 ifade ederek, \u015funlar\u0131 s\u00f6yledi:<\/p>\n<p>\u201cKarbon Piyasas\u0131na Haz\u0131rl\u0131k (PMR) 30 \u00fclkeden olu\u015fuyor.Emisyon azalt\u0131m\u0131yla sonu\u00e7lanacak yap\u0131land\u0131rmalara destek vermek \u00e7al\u0131\u015fmalar\u0131m\u0131z aras\u0131nda. Bu anlamda \u00fclkelere mali destek sa\u011fl\u0131yoruz. \u00dclkeler aras\u0131nda karbon emisyonu konusunda teknik tart\u0131\u015fmalar\u0131n ba\u015flamas\u0131 gerekiyor. Bu tart\u0131\u015fmalar deneyim niteli\u011finde olmal\u0131.&#8221;<\/p>\n<p>\u00d6r\u00fcc\u00fc, t\u00fcm \u00fclkelerin karbon y\u00f6netimi konusunda sorunlar ya\u015fad\u0131\u011f\u0131n\u0131 ve bu nedenle gerek yap\u0131sal gerekse mevzuat anlam\u0131nda gerekli yap\u0131land\u0131rmalar\u0131n h\u0131zland\u0131r\u0131lmas\u0131 gerekti\u011fini kaydetti.<\/p>\n<p>\u00dclkelerin mevcut politikalar\u0131n\u0131n incelenmesi gerekti\u011fini, emisyonlar\u0131n baz seviyelerinin belirlenmesi gerekti\u011finin alt\u0131n\u0131 \u00e7izen \u00d6r\u00fcc\u00fc, \u201cYap\u0131lan bu \u00e7al\u0131\u015fmalar \u00fclkelerin yarar\u0131na olacak. Zarar de\u011fil fayda getirecek\u201d dedi.<\/p>\n<p>Karbon emisyonunun gelecek nesiller i\u00e7in b\u00fcy\u00fck bir tehdit haline gelmesi sebebiyle \u00fclkelerin emisyon ticaretine y\u00f6neldiklerini belirten \u00d6r\u00fcc\u00fc, \u00c7in\u2019in bu konuda di\u011fer \u00fclkelerden bir ad\u0131m \u00f6nde oldu\u011funu vurgulayarak, \u201cBu konuda \u00c7in ulusal bir ticaret emisyon merkezi kurmay\u0131 planl\u0131yor. 6 \u00fclkede plato uygulama ger\u00e7ekle\u015ftiriliyor. \u00c7in plato uygulamalar\u0131na 2012 y\u0131l\u0131nda ba\u015flad\u0131. Ancak bu uygulama tam anlam\u0131yla 2016 y\u0131l\u0131nda ba\u015flayacak\u201d dedi.<\/p>\n<p>Yay\u0131nc\u0131: <a href=\"https:\/\/www.enerjigazetesi.ist\" target=\"_blank\">Enerji Gazetesi<\/a><\/p>","protected":false},"excerpt":{"rendered":"<p>Sorry, this entry is only available in Turkish. For the sake of viewer convenience, the content is shown below in the alternative language. You may click the link to switch the active language.Avrupa Birli\u011fi \u00fclkelerindeki mevcut sera gaz\u0131 sal\u0131m\u0131n\u0131n 2030 y\u0131l\u0131na kadar, 1990 y\u0131l\u0131ndaki seviyenin y\u00fczde 40 alt\u0131na indirilmesi planlan\u0131yor. \u0130T\u00dc`n\u00fcn ev sahipli\u011finde ger\u00e7ekle\u015ftirilen \u0130stanbul [&hellip;]<\/p>\n","protected":false},"author":1,"featured_media":24615,"comment_status":"open","ping_status":"open","sticky":false,"template":"","format":"standard","meta":[],"categories":[53,52],"tags":[14066,63,67,1009,165,14067,4531,12701,870,12486,14069,5371,14068,12787,925,14065],"views":563,"_links":{"self":[{"href":"https:\/\/www.enerjigazetesi.ist\/en\/wp-json\/wp\/v2\/posts\/24902"}],"collection":[{"href":"https:\/\/www.enerjigazetesi.ist\/en\/wp-json\/wp\/v2\/posts"}],"about":[{"href":"https:\/\/www.enerjigazetesi.ist\/en\/wp-json\/wp\/v2\/types\/post"}],"author":[{"embeddable":true,"href":"https:\/\/www.enerjigazetesi.ist\/en\/wp-json\/wp\/v2\/users\/1"}],"replies":[{"embeddable":true,"href":"https:\/\/www.enerjigazetesi.ist\/en\/wp-json\/wp\/v2\/comments?post=24902"}],"version-history":[{"count":3,"href":"https:\/\/www.enerjigazetesi.ist\/en\/wp-json\/wp\/v2\/posts\/24902\/revisions"}],"predecessor-version":[{"id":24904,"href":"https:\/\/www.enerjigazetesi.ist\/en\/wp-json\/wp\/v2\/posts\/24902\/revisions\/24904"}],"wp:featuredmedia":[{"embeddable":true,"href":"https:\/\/www.enerjigazetesi.ist\/en\/wp-json\/wp\/v2\/media\/24615"}],"wp:attachment":[{"href":"https:\/\/www.enerjigazetesi.ist\/en\/wp-json\/wp\/v2\/media?parent=24902"}],"wp:term":[{"taxonomy":"category","embeddable":true,"href":"https:\/\/www.enerjigazetesi.ist\/en\/wp-json\/wp\/v2\/categories?post=24902"},{"taxonomy":"post_tag","embeddable":true,"href":"https:\/\/www.enerjigazetesi.ist\/en\/wp-json\/wp\/v2\/tags?post=24902"}],"curies":[{"name":"wp","href":"https:\/\/api.w.org\/{rel}","templated":true}]}}