{"id":24874,"date":"2014-04-04T09:57:49","date_gmt":"2014-04-04T06:57:49","guid":{"rendered":"https:\/\/www.enerjigazetesi.ist\/?p=24874"},"modified":"2014-04-04T10:24:16","modified_gmt":"2014-04-04T07:24:16","slug":"bakima-giren-termik-santraller-ve-susuzluktan-elektrik-fiyatlari-artti","status":"publish","type":"post","link":"https:\/\/www.enerjigazetesi.ist\/en\/bakima-giren-termik-santraller-ve-susuzluktan-elektrik-fiyatlari-artti\/","title":{"rendered":"(Turkish) Bak\u0131ma Giren Termik Santraller ve Susuzluktan Elektrik Fiyatlar\u0131 Artt\u0131!"},"content":{"rendered":"<p class=\"qtranxs-available-languages-message qtranxs-available-languages-message-en\">Sorry, this entry is only available in <a href=\"https:\/\/www.enerjigazetesi.ist\/tr\/wp-json\/wp\/v2\/posts\/24874\" class=\"qtranxs-available-language-link qtranxs-available-language-link-tr\" title=\"Turkish\">Turkish<\/a>. For the sake of viewer convenience, the content is shown below in the alternative language. You may click the link to switch the active language.<\/p><p><strong>Elektrik fiyatlar\u0131 nisan ay\u0131na h\u0131zl\u0131 girdi. Ge\u00e7ti\u011fimiz y\u0131l nisan ba\u015f\u0131nda spot piyasada 170 lira olan fiyatlar, bu y\u0131l 190 liraya \u00e7\u0131kt\u0131. Bu art\u0131\u015fa, bak\u0131ma giren termik santrallar\u0131n yan\u0131 s\u0131ra susuzluk da neden oldu.<\/strong><\/p>\n<p>Spot piyasa elektrik fiyatlar\u0131, nisan ay\u0131na h\u0131zl\u0131 bir giri\u015f yapt\u0131. 1 Nisan\u2019da 191 lira\/MWh olan PMUM (Piyasa Mali Uzla\u015ft\u0131rma Merkezi) fiyat\u0131, d\u00fcn de 189 lira seviyelerindeydi. Ge\u00e7ti\u011fimiz y\u0131l ayn\u0131 g\u00fcnlerde ise fiyatlar 173 ve 161 lira civar\u0131ndayd\u0131. Nisan ay\u0131na beklentilerin \u00fcst\u00fcnde elektrik fiyatlar\u0131yla giren sekt\u00f6r\u00fc \u201cyaz\u201d korkusu sard\u0131. Yaz\u0131n iyice kurak ge\u00e7mesinden en<a href=\"https:\/\/www.enerjigazetesi.ist\/wp-content\/uploads\/2014\/04\/bakima-giren-termik-santraller-ve-susuzluktan-elektrik-fiyatlari-artti.jpg\"><img loading=\"lazy\" class=\"alignright size-medium wp-image-24875\" title=\"bakima-giren-termik-santraller-ve-susuzluktan-elektrik-fiyatlari-artti\" src=\"https:\/\/www.enerjigazetesi.ist\/wp-content\/uploads\/2014\/04\/bakima-giren-termik-santraller-ve-susuzluktan-elektrik-fiyatlari-artti-300x209.jpg\" alt=\"\" width=\"300\" height=\"209\" srcset=\"https:\/\/www.enerjigazetesi.ist\/wp-content\/uploads\/2014\/04\/bakima-giren-termik-santraller-ve-susuzluktan-elektrik-fiyatlari-artti-300x209.jpg 300w, https:\/\/www.enerjigazetesi.ist\/wp-content\/uploads\/2014\/04\/bakima-giren-termik-santraller-ve-susuzluktan-elektrik-fiyatlari-artti-71x50.jpg 71w, https:\/\/www.enerjigazetesi.ist\/wp-content\/uploads\/2014\/04\/bakima-giren-termik-santraller-ve-susuzluktan-elektrik-fiyatlari-artti.jpg 459w\" sizes=\"(max-width: 300px) 100vw, 300px\" \/><\/a>di\u015fe duyan Enerji Bakanl\u0131\u011f\u0131\u2019n\u0131n, Elektrik \u00dcretim A\u015e\u2019ye (E\u00dcA\u015e) bildiri g\u00f6ndererek, baraj tipi HES\u2019lerde su tutma talimat\u0131 verdi\u011fi konu\u015fuluyor. Bunun da son g\u00fcnlerde artan elektrik fiyatlar\u0131nda etkili oldu\u011fu iddia edilirken, ayr\u0131ca termik santrallerin bak\u0131ma girmesinin de y\u00fcksek fiyatlara sebep oldu\u011fu vurgulan\u0131yor.<\/p>\n<p>G\u00f6r\u00fc\u015ft\u00fc\u011f\u00fcm\u00fcz bir sekt\u00f6r temsilcisi kurulu g\u00fcc\u00fc y\u00fcksek baz\u0131 termik santrallerin bak\u0131m onar\u0131m \u00e7al\u0131\u015fmalar\u0131 nedeniyle devre d\u0131\u015f\u0131 kald\u0131\u011f\u0131n\u0131, r\u00fczg\u00e2r santrallerindeki \u00fcretimin de bir miktar d\u00fc\u015ft\u00fc\u011f\u00fcn\u00fc ve \u00fcretilebilecek enerji miktar\u0131ndaki d\u00fc\u015f\u00fc\u015f\u00fcn fiyatlara yans\u0131d\u0131\u011f\u0131n\u0131 kaydederek, \u201cDaha ucuz \u00fcretim yapan santrallerdeki bak\u0131m nedeniyle, daha pahal\u0131 \u00fcretim yapan santraller devreye girdi. Do\u011falgaz santrallerinin \u00fcretimdeki pay\u0131 artt\u0131. Tedarik\u00e7iler i\u00e7in bu d\u00f6nem keyifli bir d\u00f6nem de\u011fil. S\u00f6z konusu fiyatlar uzun s\u00fcrerse t\u00fcketicilere etkisi olacakt\u0131r ancak \u015fu anki art\u0131\u015f tolere edilebilir\u201d \u015feklinde konu\u015ftu.<\/p>\n<p>Bir fiyat analisti ise T\u00fcrkiye\u2019de t\u00fcm santrallerin yakla\u015f\u0131k y\u00fczde 10\u2019unu olu\u015fturan akarsu tipi HES\u2019lerin kurakl\u0131k nedeniyle \u00e7al\u0131\u015fmad\u0131\u011f\u0131n\u0131 belirterek, \u201cYa\u011fmur ya\u011fmad\u0131\u011f\u0131 i\u00e7in 6 bin 300 MW \u00e7al\u0131\u015fm\u0131yor. Ucuz \u00fcretim yapan yeni do\u011falgaz santralleri de devreden \u00e7\u0131k\u0131nca fiyatta etkili oldu. Art\u0131\u015f\u0131n ge\u00e7ici olaca\u011f\u0131n\u0131 \u00f6ng\u00f6r\u00fcyoruz. Fakat yaz d\u00f6neminde elektrik fiyatlar\u0131n\u0131n \u00e7ok d\u00fc\u015f\u00fck olaca\u011f\u0131n\u0131 d\u00fc\u015f\u00fcnm\u00fcyorum. Bu y\u0131l olduk\u00e7a kurak ge\u00e7ti ve enerji fiyat\u0131n\u0131 d\u00fc\u015f\u00fcren HES\u2019ler \u00e7al\u0131\u015fmad\u0131.<\/p>\n<p><strong>Haberin <a href=\"http:\/\/www.hurriyet.com.tr\/ekonomi\/26149201.asp\" target=\"_blank\">Devam\u0131 \u0130\u00e7in TIKLAYIN&gt;&gt;<\/a><\/strong><\/p>\n<p>Kaynak: H\u00fcrriyet<\/p>","protected":false},"excerpt":{"rendered":"<p>Sorry, this entry is only available in Turkish. For the sake of viewer convenience, the content is shown below in the alternative language. You may click the link to switch the active language.Elektrik fiyatlar\u0131 nisan ay\u0131na h\u0131zl\u0131 girdi. Ge\u00e7ti\u011fimiz y\u0131l nisan ba\u015f\u0131nda spot piyasada 170 lira olan fiyatlar, bu y\u0131l 190 liraya \u00e7\u0131kt\u0131. Bu art\u0131\u015fa, [&hellip;]<\/p>\n","protected":false},"author":1,"featured_media":24875,"comment_status":"open","ping_status":"open","sticky":false,"template":"","format":"standard","meta":[],"categories":[51,53],"tags":[68,61,892,63,67,1009,165,35370,1090,7686,3570,14048,14047],"views":972,"_links":{"self":[{"href":"https:\/\/www.enerjigazetesi.ist\/en\/wp-json\/wp\/v2\/posts\/24874"}],"collection":[{"href":"https:\/\/www.enerjigazetesi.ist\/en\/wp-json\/wp\/v2\/posts"}],"about":[{"href":"https:\/\/www.enerjigazetesi.ist\/en\/wp-json\/wp\/v2\/types\/post"}],"author":[{"embeddable":true,"href":"https:\/\/www.enerjigazetesi.ist\/en\/wp-json\/wp\/v2\/users\/1"}],"replies":[{"embeddable":true,"href":"https:\/\/www.enerjigazetesi.ist\/en\/wp-json\/wp\/v2\/comments?post=24874"}],"version-history":[{"count":3,"href":"https:\/\/www.enerjigazetesi.ist\/en\/wp-json\/wp\/v2\/posts\/24874\/revisions"}],"predecessor-version":[{"id":24900,"href":"https:\/\/www.enerjigazetesi.ist\/en\/wp-json\/wp\/v2\/posts\/24874\/revisions\/24900"}],"wp:featuredmedia":[{"embeddable":true,"href":"https:\/\/www.enerjigazetesi.ist\/en\/wp-json\/wp\/v2\/media\/24875"}],"wp:attachment":[{"href":"https:\/\/www.enerjigazetesi.ist\/en\/wp-json\/wp\/v2\/media?parent=24874"}],"wp:term":[{"taxonomy":"category","embeddable":true,"href":"https:\/\/www.enerjigazetesi.ist\/en\/wp-json\/wp\/v2\/categories?post=24874"},{"taxonomy":"post_tag","embeddable":true,"href":"https:\/\/www.enerjigazetesi.ist\/en\/wp-json\/wp\/v2\/tags?post=24874"}],"curies":[{"name":"wp","href":"https:\/\/api.w.org\/{rel}","templated":true}]}}