{"id":24844,"date":"2014-04-03T13:46:11","date_gmt":"2014-04-03T10:46:11","guid":{"rendered":"https:\/\/www.enerjigazetesi.ist\/?p=24844"},"modified":"2014-04-03T13:52:44","modified_gmt":"2014-04-03T10:52:44","slug":"fukusima-nukleer-kazasi-kanserde-artisa-yol-acmadi","status":"publish","type":"post","link":"https:\/\/www.enerjigazetesi.ist\/en\/fukusima-nukleer-kazasi-kanserde-artisa-yol-acmadi\/","title":{"rendered":"(Turkish) Fuku\u015fima N\u00fckleer Kazas\u0131, Kanserde Art\u0131\u015fa Yol A\u00e7mad\u0131!"},"content":{"rendered":"<p class=\"qtranxs-available-languages-message qtranxs-available-languages-message-en\">Sorry, this entry is only available in <a href=\"https:\/\/www.enerjigazetesi.ist\/tr\/wp-json\/wp\/v2\/posts\/24844\" class=\"qtranxs-available-language-link qtranxs-available-language-link-tr\" title=\"Turkish\">Turkish<\/a>. For the sake of viewer convenience, the content is shown below in the alternative language. You may click the link to switch the active language.<\/p><p><strong>BM Atomik Radyasyonun Etkileri Bilimsel Komitesi, Fuku\u015fima\u2019da kanser oranlar\u0131n\u0131n de\u011fi\u015fmedi\u011fini a\u00e7\u0131klad\u0131. Birle\u015fmi\u015f Milletler Atomik Radyasyonun Etkileri Bilimsel Komitesi, Japonya\u2019daki Fuku\u015fima n\u00fckleer santralinde 2011 y\u0131l\u0131nda ba\u015flayan erimenin, 1986\u2032da meydana gelen \u00c7ernobil \u00f6rne\u011finde oldu\u011fu gibi b\u00f6lgenin bir numaral\u0131 kanser sebebine d\u00f6n\u00fc\u015fmedi\u011fini a\u00e7\u0131klad\u0131lar.<\/strong><\/p>\n<p>Komitenin haz\u0131rlad\u0131\u011f\u0131 raporda, b\u00f6lgede ya\u015famakta olan 1000\u2032e yak\u0131n \u00e7ocu\u011fun maruz kald\u0131klar\u0131 radyasyon dozu nedeniyle tiroid bezi kanserine yakalanma risklerinin d\u00fc\u015f\u00fck oldu\u011fu kaydediliyor.<a href=\"https:\/\/www.enerjigazetesi.ist\/wp-content\/uploads\/2014\/04\/fukusima-nukleer-kazasi-kanserde-artisa-yol-acmadi.jpg\"><img loading=\"lazy\" class=\"alignright size-medium wp-image-24849\" title=\"fukusima-nukleer-kazasi-kanserde-artisa-yol-acmadi\" src=\"https:\/\/www.enerjigazetesi.ist\/wp-content\/uploads\/2014\/04\/fukusima-nukleer-kazasi-kanserde-artisa-yol-acmadi-300x207.jpg\" alt=\"\" width=\"300\" height=\"207\" srcset=\"https:\/\/www.enerjigazetesi.ist\/wp-content\/uploads\/2014\/04\/fukusima-nukleer-kazasi-kanserde-artisa-yol-acmadi-300x207.jpg 300w, https:\/\/www.enerjigazetesi.ist\/wp-content\/uploads\/2014\/04\/fukusima-nukleer-kazasi-kanserde-artisa-yol-acmadi-72x50.jpg 72w, https:\/\/www.enerjigazetesi.ist\/wp-content\/uploads\/2014\/04\/fukusima-nukleer-kazasi-kanserde-artisa-yol-acmadi.jpg 445w\" sizes=\"(max-width: 300px) 100vw, 300px\" \/><\/a><\/p>\n<p>\u00c7ernobil\u2019deki n\u00fckleer reakt\u00f6r\u00fcn patlamas\u0131 sonucu civar \u00fclkelere yo\u011fun miktarda radyoaktif toz bulutlar\u0131 ula\u015fmas\u0131yla \u00fcr\u00fcnler radyoaktif iyota maruz kalm\u0131\u015flard\u0131.<\/p>\n<p>Bu nedenle, yetkililer o d\u00f6nemden sonra ya\u015fanan en b\u00fcy\u00fck n\u00fckleer felaket olmas\u0131 sebebiyle Fuku\u015fima facias\u0131n\u0131n hemen sonras\u0131nda civar b\u00f6lgelerin bo\u015falt\u0131lmas\u0131 i\u00e7in harekete ge\u00e7mi\u015flerdi.<\/p>\n<p>Komitenin 300 sayfal\u0131k bildirisinde, Fuku\u015fima kazas\u0131 sonras\u0131nda meydana gelen radyasyon s\u0131z\u0131nt\u0131s\u0131 nedeniyle kal\u0131tsal hastal\u0131k ya da kanser vakalar\u0131nda bir de\u011fi\u015fiklik g\u00f6zlemlenmedi\u011fi belirtiliyor.<\/p>\n<p>Raporda ayr\u0131ca, kaza sonras\u0131 radyasyona ba\u011fl\u0131 kanser vakalar\u0131nda art\u0131\u015f olmamas\u0131, Japon yetkililerin acilen uygulad\u0131klar\u0131 g\u00fcvenlik protokollerine ba\u011flan\u0131yor.<\/p>\n<p>Bu a\u00e7\u0131klamalarla birlikte s\u00f6z konusu raporda b\u00f6lgede ya\u015fayan \u00e7ocuklarda radyasyona ba\u011fl\u0131 tiroid bezi kanseri risklerinin halen bulundu\u011fu notunun da alt\u0131 \u00e7iziliyor.<\/p>\n<p>Tiroid bezlerinin \u00f6nemi, ya\u015famsal fonksiyonlar\u0131 d\u00fczenleyen hormonlar\u0131 i\u00e7ermesinden kaynaklan\u0131yor. Radyoaktif iyotun en fazla zarar verdi\u011fi b\u00f6lge tiroid bezleri oldu\u011fundan \u00f6zellikle \u00e7ocuklar\u0131n bu noktada hayli savunmas\u0131z olduklar\u0131 bilinmekte.<\/p>\n<p>Komite ayr\u0131ca, \u00e7ocuklar aras\u0131nda tiroid bezi kanseri vakalar\u0131n\u0131n nadiren g\u00f6r\u00fcld\u00fc\u011f\u00fcn\u00fc, bu nedenle risk y\u00fczdesinin d\u00fc\u015f\u00fck oldu\u011funu belirtiyor.<\/p>\n<p>Kaynak: <a href=\"http:\/\/www.dw.de\/fuku%C5%9Fima-kanseri-%C3%A7o%C4%9Faltmad%C4%B1\/a-17536980\" target=\"_blank\">Deutche Welle<\/a><\/p>","protected":false},"excerpt":{"rendered":"<p>Sorry, this entry is only available in Turkish. For the sake of viewer convenience, the content is shown below in the alternative language. You may click the link to switch the active language.BM Atomik Radyasyonun Etkileri Bilimsel Komitesi, Fuku\u015fima\u2019da kanser oranlar\u0131n\u0131n de\u011fi\u015fmedi\u011fini a\u00e7\u0131klad\u0131. Birle\u015fmi\u015f Milletler Atomik Radyasyonun Etkileri Bilimsel Komitesi, Japonya\u2019daki Fuku\u015fima n\u00fckleer santralinde 2011 [&hellip;]<\/p>\n","protected":false},"author":1,"featured_media":24849,"comment_status":"open","ping_status":"open","sticky":false,"template":"","format":"standard","meta":[],"categories":[53,43],"tags":[63,67,1009,165,12031,9396,14035,14036,71,3093],"views":1058,"_links":{"self":[{"href":"https:\/\/www.enerjigazetesi.ist\/en\/wp-json\/wp\/v2\/posts\/24844"}],"collection":[{"href":"https:\/\/www.enerjigazetesi.ist\/en\/wp-json\/wp\/v2\/posts"}],"about":[{"href":"https:\/\/www.enerjigazetesi.ist\/en\/wp-json\/wp\/v2\/types\/post"}],"author":[{"embeddable":true,"href":"https:\/\/www.enerjigazetesi.ist\/en\/wp-json\/wp\/v2\/users\/1"}],"replies":[{"embeddable":true,"href":"https:\/\/www.enerjigazetesi.ist\/en\/wp-json\/wp\/v2\/comments?post=24844"}],"version-history":[{"count":5,"href":"https:\/\/www.enerjigazetesi.ist\/en\/wp-json\/wp\/v2\/posts\/24844\/revisions"}],"predecessor-version":[{"id":24848,"href":"https:\/\/www.enerjigazetesi.ist\/en\/wp-json\/wp\/v2\/posts\/24844\/revisions\/24848"}],"wp:featuredmedia":[{"embeddable":true,"href":"https:\/\/www.enerjigazetesi.ist\/en\/wp-json\/wp\/v2\/media\/24849"}],"wp:attachment":[{"href":"https:\/\/www.enerjigazetesi.ist\/en\/wp-json\/wp\/v2\/media?parent=24844"}],"wp:term":[{"taxonomy":"category","embeddable":true,"href":"https:\/\/www.enerjigazetesi.ist\/en\/wp-json\/wp\/v2\/categories?post=24844"},{"taxonomy":"post_tag","embeddable":true,"href":"https:\/\/www.enerjigazetesi.ist\/en\/wp-json\/wp\/v2\/tags?post=24844"}],"curies":[{"name":"wp","href":"https:\/\/api.w.org\/{rel}","templated":true}]}}