{"id":24805,"date":"2014-04-02T15:59:10","date_gmt":"2014-04-02T12:59:10","guid":{"rendered":"https:\/\/www.enerjigazetesi.ist\/?p=24805"},"modified":"2014-04-02T16:03:19","modified_gmt":"2014-04-02T13:03:19","slug":"krannich-solar-2014-solarex-istanbul-fuarinda-sizlerle-bulusuyor","status":"publish","type":"post","link":"https:\/\/www.enerjigazetesi.ist\/en\/krannich-solar-2014-solarex-istanbul-fuarinda-sizlerle-bulusuyor\/","title":{"rendered":"(Turkish) Krannich Solar, 2014 Solarex \u0130stanbul Fuar\u0131&#8217;nda Sizlerle Bulu\u015fuyor&#8230;"},"content":{"rendered":"<p class=\"qtranxs-available-languages-message qtranxs-available-languages-message-en\">Sorry, this entry is only available in <a href=\"https:\/\/www.enerjigazetesi.ist\/tr\/wp-json\/wp\/v2\/posts\/24805\" class=\"qtranxs-available-language-link qtranxs-available-language-link-tr\" title=\"Turkish\">Turkish<\/a>. For the sake of viewer convenience, the content is shown below in the alternative language. You may click the link to switch the active language.<\/p><p><\/p>\n<p style=\"text-align: justify;\" align=\"LEFT\"><strong><span style=\"font-size: small;\">Fotovoltaik sistem ekipman\u0131 tedari\u011fi konusunda 19 y\u0131ll\u0131k tecr\u00fcbeye sahip bir Alman firmas\u0131 olan Krannich Solar, 10-12 Nisan 2014 tarihleri aras\u0131nda \u0130stanbul Fuar Merkezi&#8217;nde d\u00fczenlenecek olan 7. Solarex \u0130stanbul G\u00fcne\u015f, Enerjisi &amp; Teknolojileri Fuar\u0131&#8217;na kat\u0131l\u0131yor.<\/span><\/strong><\/p>\n<p style=\"text-align: justify;\">Krannich Solar, deneyimli ekibiyle birlikte profesyonel ziyaret\u00e7ileri <strong><span style=\"text-decoration: underline;\"><span style=\"font-family: Arial,Arial; font-size: small;\"><span style=\"font-family: Arial,Arial; font-size: small;\">9.Hall F01-A\u00a0<\/span><\/span><\/span><\/strong>nolu stand\u0131nda a\u011f\u0131rlamaktan, geni\u015f ve g\u00fcncel \u00fcr\u00fcn yelpazesi hakk\u0131nda bilgi payla\u015f\u0131m\u0131nda bulunmaktan memnuniyet duyacakt\u0131r&#8230;<\/p>\n<p style=\"text-align: justify;\">Krannich Solar, <strong>1995<\/strong> senesinden <a href=\"https:\/\/www.enerjigazetesi.ist\/wp-content\/uploads\/2014\/04\/krannich-solar-2014-solarex-istanbul-fuarinda-sizlerle-bulusuyor.jpg\"><img loading=\"lazy\" class=\"alignleft size-medium wp-image-24806\" title=\"krannich-solar-2014-solarex-istanbul-fuarinda-sizlerle-bulusuyor\" src=\"https:\/\/www.enerjigazetesi.ist\/wp-content\/uploads\/2014\/04\/krannich-solar-2014-solarex-istanbul-fuarinda-sizlerle-bulusuyor-300x194.jpg\" alt=\"\" width=\"300\" height=\"194\" srcset=\"https:\/\/www.enerjigazetesi.ist\/wp-content\/uploads\/2014\/04\/krannich-solar-2014-solarex-istanbul-fuarinda-sizlerle-bulusuyor-300x194.jpg 300w, https:\/\/www.enerjigazetesi.ist\/wp-content\/uploads\/2014\/04\/krannich-solar-2014-solarex-istanbul-fuarinda-sizlerle-bulusuyor-77x50.jpg 77w, https:\/\/www.enerjigazetesi.ist\/wp-content\/uploads\/2014\/04\/krannich-solar-2014-solarex-istanbul-fuarinda-sizlerle-bulusuyor.jpg 395w\" sizes=\"(max-width: 300px) 100vw, 300px\" \/><\/a>beri yaln\u0131zca <a href=\"http:\/\/www.krannich-solar.com\" target=\"_blank\"><strong>fotovoltaik sistemlerin tedari\u011fi<\/strong> <\/a>konusunda faaliyet g\u00f6stererek g\u00fcne\u015f enerjisi devrimine katk\u0131da bulunmaktad\u0131r. M\u00fc\u015fterilerine sundu\u011fu geni\u015f \u00fcr\u00fcn yelpazesi, \u00e7\u00f6z\u00fcm odakl\u0131 anlay\u0131\u015f\u0131 ve etkin stok y\u00f6netimi, Krannich Solar&#8217;\u0131 profesyoneller i\u00e7in ideal bir \u00e7\u00f6z\u00fcm orta\u011f\u0131 haline getirmi\u015ftir.<\/p>\n<p style=\"text-align: justify;\">Krannich Solar son 10 y\u0131l i\u00e7inde y\u00fcksek bir ivmeyle b\u00fcy\u00fcyerek, toplamda <strong>14<\/strong> \u00fclkede <strong>22<\/strong> ofise ve <strong>330<\/strong> \u00fczerinde \u00e7al\u0131\u015fana ula\u015fm\u0131\u015f ve sahip oldu\u011fu ba\u015far\u0131s\u0131n\u0131 tedarik baz\u0131nda toplam <strong>1.5 GWp\u2019i<\/strong> a\u015fan kurulu g\u00fcc\u00fcyle tescilleyerek, d\u00fcnyan\u0131n \u00f6nde gelen <a href=\"http:\/\/www.krannich-solar.com\" target=\"_blank\"><strong>fotovoltaik ekipman tedarik\u00e7ileri<\/strong> <\/a>aras\u0131nda yerini sa\u011flamla\u015ft\u0131rm\u0131\u015ft\u0131r.<\/p>\n<p><strong>Krannich Solar Hakk\u0131nda Daha Fazla Bilgi \u0130\u00e7in: <a href=\"http:\/\/www.krannich-solar.com\">www.krannich-solar.com<\/a><\/strong>\u00a0web sitesini ziyaret edebilirsiniz.<\/p>\n<p>Yay\u0131nc\u0131: <a href=\"https:\/\/www.enerjigazetesi.ist\" target=\"_blank\">Enerji Gazetesi<\/a><\/p>","protected":false},"excerpt":{"rendered":"<p>Sorry, this entry is only available in Turkish. For the sake of viewer convenience, the content is shown below in the alternative language. You may click the link to switch the active language. Fotovoltaik sistem ekipman\u0131 tedari\u011fi konusunda 19 y\u0131ll\u0131k tecr\u00fcbeye sahip bir Alman firmas\u0131 olan Krannich Solar, 10-12 Nisan 2014 tarihleri aras\u0131nda \u0130stanbul Fuar [&hellip;]<\/p>\n","protected":false},"author":1,"featured_media":24806,"comment_status":"open","ping_status":"open","sticky":false,"template":"","format":"standard","meta":[],"categories":[53,49],"tags":[14020,63,67,1009,165,14019,227,13,14021,14018],"views":1013,"_links":{"self":[{"href":"https:\/\/www.enerjigazetesi.ist\/en\/wp-json\/wp\/v2\/posts\/24805"}],"collection":[{"href":"https:\/\/www.enerjigazetesi.ist\/en\/wp-json\/wp\/v2\/posts"}],"about":[{"href":"https:\/\/www.enerjigazetesi.ist\/en\/wp-json\/wp\/v2\/types\/post"}],"author":[{"embeddable":true,"href":"https:\/\/www.enerjigazetesi.ist\/en\/wp-json\/wp\/v2\/users\/1"}],"replies":[{"embeddable":true,"href":"https:\/\/www.enerjigazetesi.ist\/en\/wp-json\/wp\/v2\/comments?post=24805"}],"version-history":[{"count":7,"href":"https:\/\/www.enerjigazetesi.ist\/en\/wp-json\/wp\/v2\/posts\/24805\/revisions"}],"predecessor-version":[{"id":24808,"href":"https:\/\/www.enerjigazetesi.ist\/en\/wp-json\/wp\/v2\/posts\/24805\/revisions\/24808"}],"wp:featuredmedia":[{"embeddable":true,"href":"https:\/\/www.enerjigazetesi.ist\/en\/wp-json\/wp\/v2\/media\/24806"}],"wp:attachment":[{"href":"https:\/\/www.enerjigazetesi.ist\/en\/wp-json\/wp\/v2\/media?parent=24805"}],"wp:term":[{"taxonomy":"category","embeddable":true,"href":"https:\/\/www.enerjigazetesi.ist\/en\/wp-json\/wp\/v2\/categories?post=24805"},{"taxonomy":"post_tag","embeddable":true,"href":"https:\/\/www.enerjigazetesi.ist\/en\/wp-json\/wp\/v2\/tags?post=24805"}],"curies":[{"name":"wp","href":"https:\/\/api.w.org\/{rel}","templated":true}]}}