{"id":24742,"date":"2014-04-01T14:45:11","date_gmt":"2014-04-01T11:45:11","guid":{"rendered":"https:\/\/www.enerjigazetesi.ist\/?p=24742"},"modified":"2014-04-01T14:45:11","modified_gmt":"2014-04-01T11:45:11","slug":"almanyanin-rus-gazina-alternatif-arayisi-suruyor","status":"publish","type":"post","link":"https:\/\/www.enerjigazetesi.ist\/en\/almanyanin-rus-gazina-alternatif-arayisi-suruyor\/","title":{"rendered":"(Turkish) Almanya\u2019n\u0131n Rus Gaz\u0131na Alternatif Aray\u0131\u015f\u0131 S\u00fcr\u00fcyor&#8230;"},"content":{"rendered":"<p class=\"qtranxs-available-languages-message qtranxs-available-languages-message-en\">Sorry, this entry is only available in <a href=\"https:\/\/www.enerjigazetesi.ist\/tr\/wp-json\/wp\/v2\/posts\/24742\" class=\"qtranxs-available-language-link qtranxs-available-language-link-tr\" title=\"Turkish\">Turkish<\/a>. For the sake of viewer convenience, the content is shown below in the alternative language. You may click the link to switch the active language.<\/p><p><strong>Rusya\u00b4n\u0131n K\u0131r\u0131m\u00b4\u0131 kendine ba\u011flamas\u0131 kar\u015f\u0131s\u0131nda bu \u00fclkeye kar\u015f\u0131 g\u00fcndeme gelen ekonomik yapt\u0131r\u0131mlar Rus gaz\u0131na kar\u015f\u0131 alternatif aray\u0131\u015f\u0131n\u0131 da h\u0131zland\u0131rd\u0131. Rusya\u00b4ya kar\u015f\u0131 ekonomik yapt\u0131r\u0131mlar\u0131n uygulanmas\u0131 durumunda bu \u00fclkenin de Bat\u0131 Avrupa\u2019ya satt\u0131\u011f\u0131 do\u011falgaz konusunda baz\u0131 yapt\u0131r\u0131mlara gitme ihtimaline kar\u015f\u0131 \u00e7are aray\u0131\u015f\u0131 ba\u015flad\u0131. Ba\u015fbakan <a href=\"https:\/\/www.enerjigazetesi.ist\/wp-content\/uploads\/2014\/04\/almanyanin-rus-gazina-alternatif-arayisi-suruyor.jpg\"><img loading=\"lazy\" class=\"alignleft size-medium wp-image-24743\" title=\"almanyanin-rus-gazina-alternatif-arayisi-suruyor\" src=\"https:\/\/www.enerjigazetesi.ist\/wp-content\/uploads\/2014\/04\/almanyanin-rus-gazina-alternatif-arayisi-suruyor-300x207.jpg\" alt=\"\" width=\"300\" height=\"207\" srcset=\"https:\/\/www.enerjigazetesi.ist\/wp-content\/uploads\/2014\/04\/almanyanin-rus-gazina-alternatif-arayisi-suruyor-300x207.jpg 300w, https:\/\/www.enerjigazetesi.ist\/wp-content\/uploads\/2014\/04\/almanyanin-rus-gazina-alternatif-arayisi-suruyor-72x50.jpg 72w, https:\/\/www.enerjigazetesi.ist\/wp-content\/uploads\/2014\/04\/almanyanin-rus-gazina-alternatif-arayisi-suruyor.jpg 378w\" sizes=\"(max-width: 300px) 100vw, 300px\" \/><\/a>Angela Merkel \u00f6n\u00fcm\u00fczdeki hafta eyalet ba\u015fbakanlar\u0131 ile enerji zirvesi d\u00fczenleyecek.<\/strong><\/p>\n<p>Federal Meclis\u00b4te Ekonomi Komisyonu Ba\u015fkan\u0131 Peter Ramsauer bir taraftan Almanya\u00b4n\u0131n enerjide d\u0131\u015far\u0131ya ba\u011f\u0131ml\u0131l\u0131\u011f\u0131n\u0131 azaltmas\u0131n\u0131 \u00f6nerdi. Ancak Amerka Birle\u015fik Devletleri ve Kanada\u00b4da Fracking metodu ile do\u011falgaz kazan\u0131ld\u0131\u011f\u0131na dikkat \u00e7eken Ramsauer, \u201cE\u011fer bu \u00fclkelerden gaz al\u0131n\u0131rsa, bu metot ile kazan\u0131lan gaz al\u0131nm\u0131\u015f olacakt\u0131r. O zaman bu metot ile biz Almanya\u00b4da neden gaz \u00e7\u0131karm\u0131yoruz\u201c \u015feklinde konu\u015ftu.<\/p>\n<p>Fracking metodunda \u00f6zel kimyasal kar\u0131\u015f\u0131m ile su y\u00fcksek bas\u0131n\u00e7 ile yeralt\u0131na veriliyor ve bu \u015fekilde ta\u015f k\u00fctlelerinin par\u00e7alanarak do\u011falgaz\u0131n \u00e7\u0131kmas\u0131 sa\u011flan\u0131yor. Ancak y\u00fcksek bas\u0131n\u00e7la yere verilen bu kar\u0131\u015f\u0131m yeralt\u0131nda suya da kar\u0131\u015ft\u0131\u011f\u0131 i\u00e7in \u00e7evre a\u00e7\u0131s\u0131ndan sak\u0131ncal\u0131 bulunuyor. Bu arada Ye\u015filler E\u015fba\u015fkan\u0131 Simone Peter ise Cezayir gibi \u00fclkelerden gaz al\u0131nmas\u0131n\u0131 g\u00fcndeme getirdi.<\/p>\n<p>Peter, Almanya\u00b4n\u0131n g\u00fcne\u015f enerjisi konusunda teknolojisi ile bu \u00fclkelere yard\u0131mc\u0131 olabilece\u011fini ve kar\u015f\u0131l\u0131\u011f\u0131nda da bu \u00fclkelerden do\u011falgaz alabilece\u011fini s\u00f6yledi.<\/p>\n<p>Kaynak: <a href=\"http:\/\/zaman-online.de\/almanyanin-rus-gazina-alternatif-arayisi-suruyor-129889\" target=\"_blank\">Zaman<\/a><\/p>","protected":false},"excerpt":{"rendered":"<p>Sorry, this entry is only available in Turkish. For the sake of viewer convenience, the content is shown below in the alternative language. You may click the link to switch the active language.Rusya\u00b4n\u0131n K\u0131r\u0131m\u00b4\u0131 kendine ba\u011flamas\u0131 kar\u015f\u0131s\u0131nda bu \u00fclkeye kar\u015f\u0131 g\u00fcndeme gelen ekonomik yapt\u0131r\u0131mlar Rus gaz\u0131na kar\u015f\u0131 alternatif aray\u0131\u015f\u0131n\u0131 da h\u0131zland\u0131rd\u0131. Rusya\u00b4ya kar\u015f\u0131 ekonomik yapt\u0131r\u0131mlar\u0131n [&hellip;]<\/p>\n","protected":false},"author":1,"featured_media":24743,"comment_status":"open","ping_status":"open","sticky":false,"template":"","format":"standard","meta":[],"categories":[46,53],"tags":[929,92,226,63,67,1009,165,13978,13979,13980,13977],"views":544,"_links":{"self":[{"href":"https:\/\/www.enerjigazetesi.ist\/en\/wp-json\/wp\/v2\/posts\/24742"}],"collection":[{"href":"https:\/\/www.enerjigazetesi.ist\/en\/wp-json\/wp\/v2\/posts"}],"about":[{"href":"https:\/\/www.enerjigazetesi.ist\/en\/wp-json\/wp\/v2\/types\/post"}],"author":[{"embeddable":true,"href":"https:\/\/www.enerjigazetesi.ist\/en\/wp-json\/wp\/v2\/users\/1"}],"replies":[{"embeddable":true,"href":"https:\/\/www.enerjigazetesi.ist\/en\/wp-json\/wp\/v2\/comments?post=24742"}],"version-history":[{"count":1,"href":"https:\/\/www.enerjigazetesi.ist\/en\/wp-json\/wp\/v2\/posts\/24742\/revisions"}],"predecessor-version":[{"id":24744,"href":"https:\/\/www.enerjigazetesi.ist\/en\/wp-json\/wp\/v2\/posts\/24742\/revisions\/24744"}],"wp:featuredmedia":[{"embeddable":true,"href":"https:\/\/www.enerjigazetesi.ist\/en\/wp-json\/wp\/v2\/media\/24743"}],"wp:attachment":[{"href":"https:\/\/www.enerjigazetesi.ist\/en\/wp-json\/wp\/v2\/media?parent=24742"}],"wp:term":[{"taxonomy":"category","embeddable":true,"href":"https:\/\/www.enerjigazetesi.ist\/en\/wp-json\/wp\/v2\/categories?post=24742"},{"taxonomy":"post_tag","embeddable":true,"href":"https:\/\/www.enerjigazetesi.ist\/en\/wp-json\/wp\/v2\/tags?post=24742"}],"curies":[{"name":"wp","href":"https:\/\/api.w.org\/{rel}","templated":true}]}}