{"id":24712,"date":"2014-04-01T09:32:10","date_gmt":"2014-04-01T06:32:10","guid":{"rendered":"https:\/\/www.enerjigazetesi.ist\/?p=24712"},"modified":"2014-04-01T10:18:44","modified_gmt":"2014-04-01T07:18:44","slug":"panel-ureticilerinden-uretim-kapasite-artisi","status":"publish","type":"post","link":"https:\/\/www.enerjigazetesi.ist\/en\/panel-ureticilerinden-uretim-kapasite-artisi\/","title":{"rendered":"(Turkish) Panel \u00dcreticilerinden \u00dcretim Kapasite Art\u0131\u015f\u0131&#8230;"},"content":{"rendered":"<p class=\"qtranxs-available-languages-message qtranxs-available-languages-message-en\">Sorry, this entry is only available in <a href=\"https:\/\/www.enerjigazetesi.ist\/tr\/wp-json\/wp\/v2\/posts\/24712\" class=\"qtranxs-available-language-link qtranxs-available-language-link-tr\" title=\"Turkish\">Turkish<\/a>. For the sake of viewer convenience, the content is shown below in the alternative language. You may click the link to switch the active language.<\/p><p><strong>Ara\u015ft\u0131rma kurulu\u015fu GTM Research 2014 y\u0131l\u0131nda g\u00fcne\u015f enerjisi sekt\u00f6r\u00fcnde \u00fcretim\u00a0 kapasitelerinin \u00f6nemli oranda artaca\u011f\u0131n\u0131 \u00f6ng\u00f6rd\u00fc.<a href=\"https:\/\/www.enerjigazetesi.ist\/wp-content\/uploads\/2014\/04\/panel-ureticileri-uretim-kapasitelerini-artiracak.jpg\"><img loading=\"lazy\" class=\"alignleft size-medium wp-image-24713\" title=\"panel-ureticileri-uretim-kapasitelerini-artiracak\" src=\"https:\/\/www.enerjigazetesi.ist\/wp-content\/uploads\/2014\/04\/panel-ureticileri-uretim-kapasitelerini-artiracak-300x218.jpg\" alt=\"\" width=\"300\" height=\"218\" srcset=\"https:\/\/www.enerjigazetesi.ist\/wp-content\/uploads\/2014\/04\/panel-ureticileri-uretim-kapasitelerini-artiracak-300x218.jpg 300w, https:\/\/www.enerjigazetesi.ist\/wp-content\/uploads\/2014\/04\/panel-ureticileri-uretim-kapasitelerini-artiracak-68x50.jpg 68w, https:\/\/www.enerjigazetesi.ist\/wp-content\/uploads\/2014\/04\/panel-ureticileri-uretim-kapasitelerini-artiracak.jpg 344w\" sizes=\"(max-width: 300px) 100vw, 300px\" \/><\/a><\/strong><\/p>\n<p>Kurulu\u015fa g\u00f6re \u00c7in, Japonya ve ABD g\u00fcne\u015f enerjisi pazarlar\u0131ndaki b\u00fcy\u00fcme,\u00a0 k\u00fcresel \u00f6l\u00e7ekte en b\u00fcy\u00fck 50 fotovoltaik panel \u00fcreticisinin \u00fcretim kapasitelerini\u00a0 10 GW&#8217;\u0131n \u00fczerinde art\u0131rmas\u0131n\u0131 sa\u011flayacak.<\/p>\n<p>\u00c7al\u0131\u015fmaya g\u00f6re 2014 y\u0131l\u0131nda, bir \u00f6nceki y\u0131la g\u00f6re, y\u00fczde 19 oran\u0131nda\u00a0 g\u00f6r\u00fclecek bu kapasite art\u0131\u015f\u0131 2015 y\u0131l\u0131nda da y\u00fczde 20 oran\u0131na ula\u015fabilecek. Bu\u00a0 art\u0131\u015flar gelecek y\u0131l\u0131n sonunda k\u00fcresel \u00f6l\u00e7ekte panel \u00fcretim kapasitesinin 69\u00a0 GW&#8217;a ula\u015fmas\u0131n\u0131 sa\u011flayacak.<\/p>\n<p>GTM Research \u00e7al\u0131\u015fmas\u0131na g\u00f6re panel \u00fcreticilerinin 2014 y\u0131l\u0131nda tedarik\u00a0 edece\u011fi panellerin y\u00fczde 57&#8217;si ise \u00c7in ve Japonya pazarlar\u0131nda kullan\u0131lacak.<\/p>\n<p><strong>Haberin <a href=\"http:\/\/www.yesilekonomi.com\/finans\/panel-ureticileri-uretim-kapasitelerini-artiracak\" target=\"_blank\">Devam\u0131 \u0130\u00e7in TIKLAYIN&gt;&gt;<\/a><\/strong><\/p>\n<p>Kaynak: Ye\u015fil Ekonomi<\/p>","protected":false},"excerpt":{"rendered":"<p>Sorry, this entry is only available in Turkish. For the sake of viewer convenience, the content is shown below in the alternative language. You may click the link to switch the active language.Ara\u015ft\u0131rma kurulu\u015fu GTM Research 2014 y\u0131l\u0131nda g\u00fcne\u015f enerjisi sekt\u00f6r\u00fcnde \u00fcretim\u00a0 kapasitelerinin \u00f6nemli oranda artaca\u011f\u0131n\u0131 \u00f6ng\u00f6rd\u00fc. Kurulu\u015fa g\u00f6re \u00c7in, Japonya ve ABD g\u00fcne\u015f enerjisi [&hellip;]<\/p>\n","protected":false},"author":1,"featured_media":24713,"comment_status":"open","ping_status":"open","sticky":false,"template":"","format":"standard","meta":[],"categories":[53,49],"tags":[63,67,1009,165,2008,227,13,2206,8545,13965],"views":496,"_links":{"self":[{"href":"https:\/\/www.enerjigazetesi.ist\/en\/wp-json\/wp\/v2\/posts\/24712"}],"collection":[{"href":"https:\/\/www.enerjigazetesi.ist\/en\/wp-json\/wp\/v2\/posts"}],"about":[{"href":"https:\/\/www.enerjigazetesi.ist\/en\/wp-json\/wp\/v2\/types\/post"}],"author":[{"embeddable":true,"href":"https:\/\/www.enerjigazetesi.ist\/en\/wp-json\/wp\/v2\/users\/1"}],"replies":[{"embeddable":true,"href":"https:\/\/www.enerjigazetesi.ist\/en\/wp-json\/wp\/v2\/comments?post=24712"}],"version-history":[{"count":3,"href":"https:\/\/www.enerjigazetesi.ist\/en\/wp-json\/wp\/v2\/posts\/24712\/revisions"}],"predecessor-version":[{"id":24725,"href":"https:\/\/www.enerjigazetesi.ist\/en\/wp-json\/wp\/v2\/posts\/24712\/revisions\/24725"}],"wp:featuredmedia":[{"embeddable":true,"href":"https:\/\/www.enerjigazetesi.ist\/en\/wp-json\/wp\/v2\/media\/24713"}],"wp:attachment":[{"href":"https:\/\/www.enerjigazetesi.ist\/en\/wp-json\/wp\/v2\/media?parent=24712"}],"wp:term":[{"taxonomy":"category","embeddable":true,"href":"https:\/\/www.enerjigazetesi.ist\/en\/wp-json\/wp\/v2\/categories?post=24712"},{"taxonomy":"post_tag","embeddable":true,"href":"https:\/\/www.enerjigazetesi.ist\/en\/wp-json\/wp\/v2\/tags?post=24712"}],"curies":[{"name":"wp","href":"https:\/\/api.w.org\/{rel}","templated":true}]}}