{"id":24708,"date":"2014-04-01T09:52:07","date_gmt":"2014-04-01T06:52:07","guid":{"rendered":"https:\/\/www.enerjigazetesi.ist\/?p=24708"},"modified":"2014-04-01T10:18:55","modified_gmt":"2014-04-01T07:18:55","slug":"isotec-75-mw-proje-hedefledi","status":"publish","type":"post","link":"https:\/\/www.enerjigazetesi.ist\/en\/isotec-75-mw-proje-hedefledi\/","title":{"rendered":"(Turkish) \u0130sotec, 75 MW Proje Hedefledi!"},"content":{"rendered":"<p class=\"qtranxs-available-languages-message qtranxs-available-languages-message-en\">Sorry, this entry is only available in <a href=\"https:\/\/www.enerjigazetesi.ist\/tr\/wp-json\/wp\/v2\/posts\/24708\" class=\"qtranxs-available-language-link qtranxs-available-language-link-tr\" title=\"Turkish\">Turkish<\/a>. For the sake of viewer convenience, the content is shown below in the alternative language. You may click the link to switch the active language.<\/p><p><strong>\u0130sotec, bu y\u0131l 75 MW\u2019l\u0131k g\u00fcne\u015f enerji santrali projesine imza atmay\u0131 hedefliyor.<\/strong><\/p>\n<p>G\u00fcne\u015f enerji santrallerinin al\u00fcminyum ve \u00e7elik konstr\u00fcksiyon temin ve montaj\u0131n\u0131 yapan \u0130sotec, 2015\u2019te toplam 150 MW\u2019l\u0131k proje ger\u00e7ekle\u015ftirmeyi hedefliyor. 2014 y\u0131l\u0131n\u0131n ilk \u00e7eyre\u011fi i\u00e7in alt\u0131na imza att\u0131klar\u0131 15 MW\u2019l\u0131k projenin temin ve montaj\u0131na ba\u015flad\u0131klar\u0131n\u0131 ifade eden \u0130sotec Y\u00f6netim Kurulu Ba\u015fkan\u0131 Erkan \u00d6zt\u00fcrk, \u201cBu da \u00fc\u00e7 ay i\u00e7inde yakla\u015f\u0131k 7 milyon TL\u2019lik proj<a href=\"https:\/\/www.enerjigazetesi.ist\/wp-content\/uploads\/2014\/04\/isotec-75-mw-proje-hedefledi.jpg\"><img loading=\"lazy\" class=\"alignright size-medium wp-image-24709\" title=\"isotec-75-mw-proje-hedefledi\" src=\"https:\/\/www.enerjigazetesi.ist\/wp-content\/uploads\/2014\/04\/isotec-75-mw-proje-hedefledi-300x197.jpg\" alt=\"\" width=\"300\" height=\"197\" srcset=\"https:\/\/www.enerjigazetesi.ist\/wp-content\/uploads\/2014\/04\/isotec-75-mw-proje-hedefledi-300x197.jpg 300w, https:\/\/www.enerjigazetesi.ist\/wp-content\/uploads\/2014\/04\/isotec-75-mw-proje-hedefledi-76x50.jpg 76w, https:\/\/www.enerjigazetesi.ist\/wp-content\/uploads\/2014\/04\/isotec-75-mw-proje-hedefledi.jpg 388w\" sizes=\"(max-width: 300px) 100vw, 300px\" \/><\/a>eye imza att\u0131\u011f\u0131m\u0131z\u0131 g\u00f6steriyor. 2014 y\u0131l\u0131n\u0131n geri kalan k\u0131sm\u0131 i\u00e7in hedefimiz ise toplam 60 MW. Yani y\u0131l sonu i\u00e7in 75 MW proje hedefledik. Bu rakamlar\u0131n T\u00fcrkiye genelinde 2015 y\u0131l\u0131nda ikiye katlanaca\u011f\u0131n\u0131 da d\u00fc\u015f\u00fcn\u00fcyorum\u201d dedi. G\u00fcne\u015f enerji santral konstr\u00fcksiyon temin ve montaj\u0131n\u0131 \u015fu anda ba\u015far\u0131l\u0131 bir \u015fekilde y\u00fcr\u00fctt\u00fcklerini s\u00f6yleyen \u00d6zt\u00fcrk, firma olarak bir\u00e7ok \u00fclkede 2007 y\u0131l\u0131ndan itibaren\u00a0430 MW\u2019tan fazla kurulum yapt\u0131klar\u0131n\u0131 bildirdi. \u00d6zt\u00fcrk, \u201cT\u00fcrkiye\u2019nin Ege ve G\u00fcneydo\u011fu b\u00f6lgelerinde \u015fantiyelerimizi kurduk ve profesyonel ekibimiz ile statik konstr\u00fcksiyon temini ve montaj dahil, zemin analizi, kurulum \u00f6ncesi \u00e7akma ve \u00e7ekme test hizmetlerimizi de m\u00fc\u015fterilerimize sunmaktay\u0131z\u201d \u015feklinde konu\u015ftu.<\/p>\n<p>Firma olarak, bir\u00e7ok projelerinin oldu\u011funu ifade eden Erkan \u00d6zt\u00fcrk, devam eden Malatya projesi oldu\u011funu aktard\u0131. Bu projenin ilk lisanss\u0131z 5 MW\u2019l\u0131k proje oldu\u011funu dile getiren \u00d6zt\u00fcrk, \u201cMalatya \u0130n\u00f6n\u00fc \u00dcniversitesi Turgut \u00d6zal T\u0131p Merkezi 5 MW\u2019l\u0131k arazi kurulumu i\u00e7in Anel Enerji ile anla\u015ft\u0131k ve 140 d\u00f6n\u00fcml\u00fck arazinin \u00e7akma ve \u00e7ekme testlerini, zemin analizini, konstr\u00fcksiyon m\u00fchendisli\u011fini, konstr\u00fcksiyon temini ve mekanik montaj\u0131n\u0131 \u00fcstelenmi\u015f bulunuyoruz. T\u00fcrkiye\u2019de ilk lisanss\u0131z 5 MW\u2019tan olu\u015fan bu proje, Malatya hava ve zemin \u015fartlar\u0131na g\u00f6re taraf\u0131m\u0131zca \u00f6zel tasarlanm\u0131\u015ft\u0131r\u201d dedi. Malatya projesinin yan\u0131 s\u0131ra pek \u00e7ok \u00e7at\u0131 ve arazi kurulumuna imza att\u0131klar\u0131na da dikkat \u00e7eken \u00d6zt\u00fcrk, Ege b\u00f6lgesine \u0130ZKA taraf\u0131ndan onaylanan bir\u00e7ok projenin konstr\u00fcksiyon tedariki, zemin ve \u00e7at\u0131 analizi, mekanik montaj\u0131n\u0131n da uygulad\u0131klar\u0131n\u0131 kaydetti.<\/p>\n<p><strong>\u201cT\u00fcrkiye, g\u00fcne\u015f enerjisinde avantajl\u0131 konumda\u201d<\/strong><\/p>\n<p>T\u00fcrkiye\u2019nin g\u00fcne\u015f enerjisi konusunda co\u011frafi konumu nedeni ile Avrupa \u00fclkelerinden \u00e7ok daha \u015fansl\u0131 oldu\u011funa i\u015faret eden Erkan \u00d6zt\u00fcrk, T\u00fcrkiye\u2019de ortalama y\u0131ll\u0131k g\u00fcne\u015fleme s\u00fcresinin 2 bin 640 saat oldu\u011funu, bunun da g\u00fcnl\u00fck ortalama 7.2 saate tekab\u00fcl etti\u011fini bildirdi. T\u00fcrkiye&#8217;nin en fazla g\u00fcne\u015f enerjisi alan b\u00f6lgelerinin s\u0131ras\u0131yla G\u00fcney Do\u011fu Anadolu ve Akdeniz oldu\u011fu bilgisini veren \u00d6zt\u00fcrk, \u201cYat\u0131r\u0131mc\u0131lar\u0131n bu b\u00f6lgelere yat\u0131r\u0131m yapmas\u0131n\u0131 hem yat\u0131r\u0131mc\u0131 hem de T\u00fcrkiye\u2019nin ekonomisi a\u00e7\u0131s\u0131ndan b\u00fcy\u00fck bir avantaj olarak g\u00f6r\u00fcyoruz. T\u00fcrkiye\u2019nin enerji a\u00e7\u0131\u011f\u0131n\u0131 g\u00f6z \u00f6n\u00fcnde bulundurdu\u011fumuzda di\u011fer \u00fclkelere nazaran avantaj\u0131m\u0131z\u0131n g\u00fcne\u015f oldu\u011funu g\u00f6rmemizin zaman\u0131 geldi.<\/p>\n<p>Sadece Almanya\u2019y\u0131 g\u00f6z \u00f6n\u00fcnde bulundurdu\u011fumuzda; g\u00fcne\u015f enerjisi konusunda 2013 y\u0131l\u0131 sonuna kadar 35 bin 692 MW kurulum yap\u0131lmas\u0131na bakt\u0131\u011f\u0131m\u0131zda, T\u00fcrkiye\u2019nin g\u00fcne\u015f enerjisinden elektrik \u00fcretiminde ne kadar ge\u00e7 kald\u0131\u011f\u0131n\u0131 daha net g\u00f6rebiliriz. G\u00fcne\u015f enerjisi sekt\u00f6r\u00fc, istihdam yaratan bir sekt\u00f6rd\u00fcr. Kurulan her g\u00fcne\u015f elektrik santrali, \u00e7ok say\u0131da ki\u015fiye i\u015f imkan\u0131 olu\u015fturmaktad\u0131r. G\u00fcne\u015f enerjisi sistemlerinin yayg\u0131nla\u015fmas\u0131n\u0131n, \u00fclke ekonomisi i\u00e7in son derece faydal\u0131 olaca\u011f\u0131n\u0131 d\u00fc\u015f\u00fcnmekteyiz\u201d g\u00f6r\u00fc\u015f\u00fcn\u00fc payla\u015ft\u0131.<\/p>\n<p><strong>\u201cDa\u011f\u0131t\u0131m \u015firketlerine yap\u0131lan ba\u015fvuru onay s\u00fcreci k\u0131salt\u0131lmal\u0131\u201d<\/strong><\/p>\n<p>Sekt\u00f6rde \u00f6ne \u00e7\u0131kan konulardan birisinin de da\u011f\u0131t\u0131m \u015firketlerine yap\u0131lan ba\u015fvurular\u0131n daha \u00e7abuk i\u015flenmesi ve onay s\u00fcre\u00e7lerin k\u0131salt\u0131lmas\u0131 oldu\u011fu de\u011ferlendirmesinde bulunan \u00d6zt\u00fcrk, \u015f\u00f6yle devam etti: \u201cSekt\u00f6rde en \u00f6nemli konu, g\u00fcne\u015f enerjisi projelerinde gereken evraklar\u0131n sonu\u00e7land\u0131r\u0131lma s\u00fcresinin daha \u00e7abuk i\u015flemesi. Kamu kurumundaki g\u00f6revlilerin, g\u00fcne\u015f enerjisini daha iyi tan\u0131malar\u0131 ve bankalar\u0131n yenilenebilir enerji yat\u0131r\u0131mlar\u0131na d\u00fc\u015f\u00fck faizli kredi sunmalar\u0131 gerekti\u011fi kanaatindeyim. Arazi ba\u015fvurular\u0131 i\u00e7in gereken evraklar\u0131n da daha \u00e7abuk al\u0131nmas\u0131 gerek\u201d ifadesini kulland\u0131.<\/p>\n<p>Yay\u0131nc\u0131: <a href=\"https:\/\/www.enerjigazetesi.ist\" target=\"_blank\">Enerji Gazetesi<\/a><\/p>","protected":false},"excerpt":{"rendered":"<p>Sorry, this entry is only available in Turkish. For the sake of viewer convenience, the content is shown below in the alternative language. You may click the link to switch the active language.\u0130sotec, bu y\u0131l 75 MW\u2019l\u0131k g\u00fcne\u015f enerji santrali projesine imza atmay\u0131 hedefliyor. G\u00fcne\u015f enerji santrallerinin al\u00fcminyum ve \u00e7elik konstr\u00fcksiyon temin ve montaj\u0131n\u0131 yapan [&hellip;]<\/p>\n","protected":false},"author":1,"featured_media":24709,"comment_status":"open","ping_status":"open","sticky":false,"template":"","format":"standard","meta":[],"categories":[53,49],"tags":[13960,63,67,1009,165,13962,2326,227,13963,13,2569,13961,13964],"views":1180,"_links":{"self":[{"href":"https:\/\/www.enerjigazetesi.ist\/en\/wp-json\/wp\/v2\/posts\/24708"}],"collection":[{"href":"https:\/\/www.enerjigazetesi.ist\/en\/wp-json\/wp\/v2\/posts"}],"about":[{"href":"https:\/\/www.enerjigazetesi.ist\/en\/wp-json\/wp\/v2\/types\/post"}],"author":[{"embeddable":true,"href":"https:\/\/www.enerjigazetesi.ist\/en\/wp-json\/wp\/v2\/users\/1"}],"replies":[{"embeddable":true,"href":"https:\/\/www.enerjigazetesi.ist\/en\/wp-json\/wp\/v2\/comments?post=24708"}],"version-history":[{"count":3,"href":"https:\/\/www.enerjigazetesi.ist\/en\/wp-json\/wp\/v2\/posts\/24708\/revisions"}],"predecessor-version":[{"id":24711,"href":"https:\/\/www.enerjigazetesi.ist\/en\/wp-json\/wp\/v2\/posts\/24708\/revisions\/24711"}],"wp:featuredmedia":[{"embeddable":true,"href":"https:\/\/www.enerjigazetesi.ist\/en\/wp-json\/wp\/v2\/media\/24709"}],"wp:attachment":[{"href":"https:\/\/www.enerjigazetesi.ist\/en\/wp-json\/wp\/v2\/media?parent=24708"}],"wp:term":[{"taxonomy":"category","embeddable":true,"href":"https:\/\/www.enerjigazetesi.ist\/en\/wp-json\/wp\/v2\/categories?post=24708"},{"taxonomy":"post_tag","embeddable":true,"href":"https:\/\/www.enerjigazetesi.ist\/en\/wp-json\/wp\/v2\/tags?post=24708"}],"curies":[{"name":"wp","href":"https:\/\/api.w.org\/{rel}","templated":true}]}}