{"id":24680,"date":"2014-03-31T10:34:49","date_gmt":"2014-03-31T07:34:49","guid":{"rendered":"https:\/\/www.enerjigazetesi.ist\/?p=24680"},"modified":"2014-03-31T10:34:49","modified_gmt":"2014-03-31T07:34:49","slug":"enerji-verimliligi-temali-aydinlatma-ve-bina-fuarina-turkiyeden-49-firma","status":"publish","type":"post","link":"https:\/\/www.enerjigazetesi.ist\/en\/enerji-verimliligi-temali-aydinlatma-ve-bina-fuarina-turkiyeden-49-firma\/","title":{"rendered":"(Turkish) Enerji Verimlili\u011fi Temal\u0131 &#8216;Ayd\u0131nlatma ve Bina&#8217; Fuar\u0131na T\u00fcrkiye&#8217;den 49 Firma!"},"content":{"rendered":"<p class=\"qtranxs-available-languages-message qtranxs-available-languages-message-en\">Sorry, this entry is only available in <a href=\"https:\/\/www.enerjigazetesi.ist\/tr\/wp-json\/wp\/v2\/posts\/24680\" class=\"qtranxs-available-language-link qtranxs-available-language-link-tr\" title=\"Turkish\">Turkish<\/a>. For the sake of viewer convenience, the content is shown below in the alternative language. You may click the link to switch the active language.<\/p><p><\/p>\n<h2>Ayd\u0131nlatma ve bina hizmetleri teknolojisi alan\u0131nda d\u00fcnyan\u0131n en b\u00fcy\u00fck fuar\u0131 olarak kabul edilen &#8220;Light and Building&#8221; (Ayd\u0131nlatma ve Bina) Almanya&#8217;n\u0131n Frankfurt kentinde a\u00e7\u0131ld\u0131.<\/h2>\n<div><!-- C-ON-TEXT_CONTENT_START -->Bu y\u0131l &#8220;<strong>enerji verimlili\u011fi<\/strong>&#8221; temas\u0131 ile d\u00fczenlenen ve<strong> 4 Nisan&#8217;a<\/strong> kadar a\u00e7\u0131k kalacak fuarda 2458 \u00fcretici stant a\u00e7t\u0131. T\u00fcrkiye fuarda 49 firma ile temsil ediliyor.<\/div>\n<div>\u00a0<a href=\"https:\/\/www.enerjigazetesi.ist\/wp-content\/uploads\/2014\/03\/enerji-verimliligi-taydinlatma-ve-bina-fuarina-turkiyeden-49-firma.jpg\"><img loading=\"lazy\" class=\"alignright size-medium wp-image-24681\" title=\"enerji-verimliligi-taydinlatma-ve-bina-fuarina-turkiyeden-49-firma\" src=\"https:\/\/www.enerjigazetesi.ist\/wp-content\/uploads\/2014\/03\/enerji-verimliligi-taydinlatma-ve-bina-fuarina-turkiyeden-49-firma-300x203.jpg\" alt=\"\" width=\"300\" height=\"203\" srcset=\"https:\/\/www.enerjigazetesi.ist\/wp-content\/uploads\/2014\/03\/enerji-verimliligi-taydinlatma-ve-bina-fuarina-turkiyeden-49-firma-300x203.jpg 300w, https:\/\/www.enerjigazetesi.ist\/wp-content\/uploads\/2014\/03\/enerji-verimliligi-taydinlatma-ve-bina-fuarina-turkiyeden-49-firma-73x50.jpg 73w, https:\/\/www.enerjigazetesi.ist\/wp-content\/uploads\/2014\/03\/enerji-verimliligi-taydinlatma-ve-bina-fuarina-turkiyeden-49-firma.jpg 495w\" sizes=\"(max-width: 300px) 100vw, 300px\" \/><\/a><\/div>\n<div><strong>SON TEKNOLOJ\u0130LER TANITILIYOR<\/strong><\/div>\n<div>Binalar\u0131n konfor d\u00fczeyini art\u0131r\u0131rken, enerji t\u00fcketimini de azaltacak \u00e7\u00f6z\u00fcmlerin sergilendi\u011fi fuarda, ak\u0131ll\u0131 \u00f6l\u00e7\u00fcmleme ve elektrik kullan\u0131m\u0131 ile LED ve OLED teknolojilerinin geldi\u011fi son nokta kat\u0131l\u0131mc\u0131lara tan\u0131t\u0131l\u0131yor.<\/div>\n<div>Fuarla ilgili a\u00e7\u0131klama yapan Ayd\u0131nlatma Gere\u00e7leri \u0130malat\u00e7\u0131lar\u0131 Derne\u011fi (AG\u0130D) Y\u00f6netim Kurulu Ba\u015fkan\u0131 Fahir G\u00f6k, &#8220;Fuar kendi alan\u0131nda d\u00fcnyan\u0131n en b\u00fcy\u00fck fuar\u0131. \u00d6nceki fuara oranla kat\u0131l\u0131mc\u0131 ve yer bak\u0131m\u0131ndan y\u00fczde 15&#8217;lik bir art\u0131\u015fla fuarda \u00fcr\u00fcnlerimizi sergiliyoruz&#8221; dedi.<\/div>\n<div><\/div>\n<div>G\u00f6k, fuar\u0131 ayd\u0131nlatma konusundaki b\u00fct\u00fcn yeniliklerin sergilendi\u011fi bir ortam olarak nitelendirerek, &#8220;\u00dcreticilerimiz i\u00e7in Avrupa ve d\u00fcnya pazarlar\u0131na a\u00e7\u0131l\u0131\u015f kap\u0131s\u0131 konumunda. Bunun fark\u0131nda olan firmalar\u0131m\u0131z y\u0131llard\u0131r yenilikleri g\u00f6rmek ve yeni ili\u015fkiler kurarak \u00fcr\u00fcnlerini pazarlamak i\u00e7in bu fuar\u0131 takip ediyorlar&#8221; diye konu\u015ftu.<br \/>\n<strong><\/strong><\/div>\n<div><strong>AKILLI EVLER, ENERJ\u0130 TASARRUFU YAPAN B\u0130NALAR <\/strong><\/div>\n<div>Fuara mimar, i\u00e7 mimar, tasar\u0131mc\u0131, planc\u0131, m\u00fchendis ve k\u00fc\u00e7\u00fck i\u015fletmeciler ilgi g\u00f6steriyor. 2012 y\u0131l\u0131nda yakla\u015f\u0131k 200 bin ki\u015finin ziyaret etti\u011fi fuarda, ak\u0131ll\u0131 bina y\u00f6netim sistemleri ve do\u011fa dostu teknolojiler kullanarak s\u00fcrd\u00fcr\u00fclebilir bir g\u00fc\u00e7 kayna\u011f\u0131 sa\u011flamay\u0131 hedefleyen \u00fcr\u00fcnler \u00f6n plana \u00e7\u0131k\u0131yor. Ak\u0131ll\u0131 ev ve y\u00fcksek enerji tasarrufu sunan alan\u0131nda yeni teknolojiler ziyaret\u00e7ilere tan\u0131t\u0131l\u0131yor.<\/div>\n<div><\/div>\n<div>Kaynak: <a href=\"http:\/\/www.hurriyet.com.tr\/avrupa\/26116113.asp\" target=\"_blank\">H\u00fcrriyet<\/a><\/div>\n<p><\/p>","protected":false},"excerpt":{"rendered":"<p>Sorry, this entry is only available in Turkish. For the sake of viewer convenience, the content is shown below in the alternative language. You may click the link to switch the active language. Ayd\u0131nlatma ve bina hizmetleri teknolojisi alan\u0131nda d\u00fcnyan\u0131n en b\u00fcy\u00fck fuar\u0131 olarak kabul edilen &#8220;Light and Building&#8221; (Ayd\u0131nlatma ve Bina) Almanya&#8217;n\u0131n Frankfurt kentinde [&hellip;]<\/p>\n","protected":false},"author":1,"featured_media":24681,"comment_status":"open","ping_status":"open","sticky":false,"template":"","format":"standard","meta":[],"categories":[53,52],"tags":[13939,13943,8155,13937,929,13938,13933,13942,63,67,1009,165,103,13941,13936,12,13940,13934,961,1155,13932,13935,13944],"views":858,"_links":{"self":[{"href":"https:\/\/www.enerjigazetesi.ist\/en\/wp-json\/wp\/v2\/posts\/24680"}],"collection":[{"href":"https:\/\/www.enerjigazetesi.ist\/en\/wp-json\/wp\/v2\/posts"}],"about":[{"href":"https:\/\/www.enerjigazetesi.ist\/en\/wp-json\/wp\/v2\/types\/post"}],"author":[{"embeddable":true,"href":"https:\/\/www.enerjigazetesi.ist\/en\/wp-json\/wp\/v2\/users\/1"}],"replies":[{"embeddable":true,"href":"https:\/\/www.enerjigazetesi.ist\/en\/wp-json\/wp\/v2\/comments?post=24680"}],"version-history":[{"count":2,"href":"https:\/\/www.enerjigazetesi.ist\/en\/wp-json\/wp\/v2\/posts\/24680\/revisions"}],"predecessor-version":[{"id":24683,"href":"https:\/\/www.enerjigazetesi.ist\/en\/wp-json\/wp\/v2\/posts\/24680\/revisions\/24683"}],"wp:featuredmedia":[{"embeddable":true,"href":"https:\/\/www.enerjigazetesi.ist\/en\/wp-json\/wp\/v2\/media\/24681"}],"wp:attachment":[{"href":"https:\/\/www.enerjigazetesi.ist\/en\/wp-json\/wp\/v2\/media?parent=24680"}],"wp:term":[{"taxonomy":"category","embeddable":true,"href":"https:\/\/www.enerjigazetesi.ist\/en\/wp-json\/wp\/v2\/categories?post=24680"},{"taxonomy":"post_tag","embeddable":true,"href":"https:\/\/www.enerjigazetesi.ist\/en\/wp-json\/wp\/v2\/tags?post=24680"}],"curies":[{"name":"wp","href":"https:\/\/api.w.org\/{rel}","templated":true}]}}