{"id":2467,"date":"2012-10-01T13:29:24","date_gmt":"2012-10-01T10:29:24","guid":{"rendered":"https:\/\/www.enerjigazetesi.ist\/?p=2467"},"modified":"2012-10-01T14:55:29","modified_gmt":"2012-10-01T11:55:29","slug":"ege-yenilebilir-enerji-ussu-oldu","status":"publish","type":"post","link":"https:\/\/www.enerjigazetesi.ist\/en\/ege-yenilebilir-enerji-ussu-oldu\/","title":{"rendered":"(Turkish) Ege Yenilebilir Enerji \u00dcss\u00fc Oldu"},"content":{"rendered":"<p class=\"qtranxs-available-languages-message qtranxs-available-languages-message-en\">Sorry, this entry is only available in <a href=\"https:\/\/www.enerjigazetesi.ist\/tr\/wp-json\/wp\/v2\/posts\/2467\" class=\"qtranxs-available-language-link qtranxs-available-language-link-tr\" title=\"Turkish\">Turkish<\/a>. For the sake of viewer convenience, the content is shown below in the alternative language. You may click the link to switch the active language.<\/p><p><\/p>\n<p id=\"spot\"><strong>T\u00fcrkiye\u2019nin dev \u015firketlerinin bir biri ard\u0131na ger\u00e7ekle\u015ftirdikleri yat\u0131r\u0131mlar\u0131yla Ege bir anda \u00fclkenin yenilebilir enerji \u00fcss\u00fc haline geldi.<\/strong><\/p>\n<p><img loading=\"lazy\" class=\"alignright size-medium wp-image-2468\" title=\"ege-yenilenebilinir-enerji-ussu-olacak\" src=\"https:\/\/www.enerjigazetesi.ist\/wp-content\/uploads\/2012\/10\/ege-yenilenebilinir-enerji-ussu-olacak-300x200.jpg\" alt=\"\" width=\"300\" height=\"200\" srcset=\"https:\/\/www.enerjigazetesi.ist\/wp-content\/uploads\/2012\/10\/ege-yenilenebilinir-enerji-ussu-olacak-300x200.jpg 300w, https:\/\/www.enerjigazetesi.ist\/wp-content\/uploads\/2012\/10\/ege-yenilenebilinir-enerji-ussu-olacak-75x50.jpg 75w, https:\/\/www.enerjigazetesi.ist\/wp-content\/uploads\/2012\/10\/ege-yenilenebilinir-enerji-ussu-olacak.jpg 480w\" sizes=\"(max-width: 300px) 100vw, 300px\" \/>Peki Ege bir anda r\u00fczgar ve jeotermal enerji santralleriyle nas\u0131l donat\u0131ld\u0131? Devler neden Ege\u2019de pe\u015fi s\u0131ra bu santralleri kuruyor? Bu konunlarla ilgili merak edilenleri enerjinin r\u00fczgar vadisindeki bir Denizlili isme, ABK Enerji Genel M\u00fcd\u00fcr\u00fc Ayhan Ahmet Ekiz\u2019e sorduk.<\/p>\n<p>T\u00fcr\u00adki\u00adye\u2019nin dev\u00adle\u00adri Ege\u2019de bir\u00adbi\u00adri ar\u00add\u0131\u00adna ye\u00adni\u00adle\u00adbi\u00adlir ener\u00adji ya\u00adt\u0131\u00adr\u0131m\u00adla\u00adr\u0131 ku\u00adru\u00adyor. K\u0131\u00ady\u0131\u00adla\u00adr\u0131n\u00adda r\u00fcz\u00adgar sant\u00adral\u00adle\u00adri ve Ay\u00add\u0131n-De\u00adniz\u00adli ak\u00ads\u0131n\u00adda yo\u00ad\u011fun\u00adla\u00ad\u015fan je\u00adoter\u00admal sant\u00adral\u00adle\u00adriy\u00adle Ege, art\u0131k T\u00fcr\u00adki\u00adye\u2019nin ye\u00adni\u00adle\u00adbi\u00adlir ener\u00adji \u00fcss\u00fc ko\u00adnu\u00admun\u00adda.<\/p>\n<p>Peki ener\u00adji sek\u00adt\u00f6\u00adr\u00fc\u00adn\u00fcn g\u00f6zde trend\u00adle\u00adri r\u00fcz\u00adgar ve je\u00adoter\u00admal ener\u00adji ya\u00adt\u0131\u00adr\u0131\u00adm\u0131 yap\u00admak is\u00adte\u00adyen\u00adle\u00adri hangi mev\u00adzu\u00adat\u00adlar bek\u00adli\u00adyor? Ya\u00adt\u0131\u00adr\u0131m\u00adc\u0131 bu ya\u00adt\u0131\u00adr\u0131m\u00adla\u00adr\u0131 ka\u00e7 y\u0131lda amor\u00adti edi\u00adyor? \u0130s\u00adte\u00adyen kendi ener\u00adji\u00adsi\u00adni \u00fcre\u00adte\u00adbi\u00adlir mi? Ege k\u0131\u00ady\u0131\u00adla\u00adr\u0131\u00adn\u0131 kap\u00adla\u00adyan r\u00fcz\u00adgar g\u00fcl\u00adle\u00adri elekt\u00adrik ih\u00adti\u00adya\u00adc\u0131\u00adm\u0131z a\u00e7\u0131\u00ads\u0131n\u00addan ne an\u00adla\u00adma ge\u00adli\u00adyor? Her biri y\u0131l\u00adl\u0131k ne kadar elekt\u00adrik \u00fcre\u00adti\u00adyor?\u2026 T\u00fcm bu so\u00adru\u00adla\u00adr\u0131n ya\u00adn\u0131t\u00adla\u00adr\u0131 ve daha faz\u00adla\u00ads\u0131\u00adn\u0131 S\u00f6ke ABK Ener\u00adji \u00dcre\u00adtim A\u015f Genel M\u00fc\u00add\u00fc\u00adr\u00fc Ayhan Ahmet Ekiz De\u00adniz\u00adli\u00adha\u00adber.\u200bcom\u2019un \u00f6zel r\u00f6\u00adpor\u00adta\u00adj\u0131n\u00adda a\u00e7\u0131k\u00adl\u0131\u00adyor.<br \/>\n<strong>\u0130\u015eTE O R\u00d6\u00adPOR\u00adTAJ<\/strong><\/p>\n<p><strong>DE\u00adN\u0130Z\u00adL\u0130\u00adHA\u00adBER:<\/strong> <em><strong>S\u00f6ke\u2019deki r\u00fcz\u00adgar sant\u00adra\u00adli\u00adniz hak\u00adk\u0131n\u00adda bilgi verir mi\u00adsi\u00adniz?<\/strong><\/em><\/p>\n<p>Sant\u00adra\u00adli\u00admiz ABK Ener\u00adji \u00dcre\u00adtim A.\u015e., S\u00f6\u00adke-Di\u00addim yolu \u00fcze\u00adrin\u00adde, 30 MW ku\u00adru\u00adlu g\u00fcce sahip. Y\u0131l\u00adl\u0131k 100 mil\u00adyon Kw-Sa\u00adat \u00fcre\u00adtim ka\u00adpa\u00adsi\u00adte\u00adsi\u00adne sahip sant\u00adral, 6 bin ko\u00adnu\u00adtun y\u0131l\u00adl\u0131k elekt\u00adrik ih\u00adti\u00adya\u00adc\u0131\u00adn\u0131 kar\u00ad\u015f\u0131\u00adla\u00adya\u00adbi\u00adlecek elekt\u00adrik \u00fcre\u00adti\u00adyor.<\/p>\n<p>Ya\u00adt\u0131\u00adr\u0131\u00adm\u0131\u00adna 2010 or\u00adta\u00adla\u00adr\u0131n\u00adda ba\u015f\u00adla\u00adnan sant\u00adral, 2012 ba\u00ad\u015f\u0131n\u00adda fa\u00adali\u00adye\u00adte ge\u00e7ti. \u0130s\u00adpan\u00adyol-GA\u00adME\u00adSA t\u00fcr\u00adbin\u00adle\u00adri\u00admi\u00adzin her biri 2 MW ka\u00adpa\u00adsi\u00adte\u00adli. Sant\u00adral\u00adde tam 15 t\u00fcr\u00adbin var.<br \/>\nSant\u00adral i\u015f\u00adlet\u00adme\u00admiz\u00adde 3 var\u00addi\u00adya olmak \u00fczere top\u00adlam 20 per\u00adso\u00adnel \u00e7a\u00adl\u0131\u00ad\u015f\u0131\u00adyor. Her bir t\u00fcr\u00adbi\u00adnin kule uzun\u00adlu\u00ad\u011fu 80 metre. Kanat \u00e7ap\u0131 47 metre. Bu t\u00fcr\u00adbin\u00adle\u00adrin her bi\u00adri\u00adnin a\u011f\u0131r\u00adl\u0131\u00ad\u011f\u0131 320 ton.<\/p>\n<p><img loading=\"lazy\" title=\"ruzgar-santralleri-abk-ekiz-4\" src=\"http:\/\/www.denizlihaber.com\/medya\/2012\/10\/ruzgar-santralleri-abk-ekiz-4.jpg\" alt=\"\" width=\"480\" height=\"200\" \/><\/p>\n<p><strong>DE\u00adN\u0130Z\u00adL\u0130\u00adHA\u00adBER: <em>T\u00fcr\u00adki\u00adye Elekt\u00adrik pi\u00adya\u00adsa\u00ads\u0131n\u00adda son ge\u00adli\u015f\u00adme\u00adle\u00adri ve ge\u00adle\u00adce\u00ad\u011fi\u00adni de\u00ad\u011fer\u00adlen\u00addi\u00adrir mi\u00adsi\u00adniz?<\/em><\/strong><\/p>\n<p><strong>UY\u00adGU\u00adLA\u00adMA \u00c7OK GE\u00c7 KALDI<\/strong><br \/>\nT\u00fcr\u00adki\u00adye\u2019de Elekt\u00adrik Pi\u00adya\u00adsa\u00ads\u0131 2001 y\u0131\u00adl\u0131n\u00addan bu yana \u00e7ok di\u00adna\u00admik bir ya\u00adp\u0131\u00adya b\u00fc\u00adr\u00fcn\u00add\u00fc. 4628 sa\u00ady\u0131\u00adl\u0131 Elekt\u00adrik pi\u00adya\u00adsa\u00ads\u0131 ka\u00adnu\u00adnu, ileri se\u00advi\u00adye\u00adde he\u00addef\u00adle\u00adriy\u00adle, bizim a\u00e7\u0131\u00adm\u0131z\u00addan ta\u00adri\u00adhe ge\u00e7\u00admi\u015f\u00adtir. \u0130n\u00adgi\u00adliz elekt\u00adrik pi\u00adya\u00adsa\u00ads\u0131 \u00f6rnek al\u0131\u00adna\u00adrak olu\u015f\u00adtu\u00adru\u00adlan bu ka\u00adnun\u00adla \u201cre\u00adka\u00adbe\u00adte da\u00adya\u00adl\u0131 ser\u00adbest pi\u00adya\u00adsa mo\u00adde\u00adli\u201d ama\u00e7\u00adlan\u00adm\u0131\u015f\u00adt\u0131r ancak ar\u00add\u0131n\u00addan se\u00adne\u00adler ge\u00e7\u00adme\u00adsi\u00adne ra\u011f\u00admen or\u00adta\u00adya \u00e7\u0131kan bir\u00ad\u00e7ok sorun bu mo\u00adde\u00adlin is\u00adte\u00adni\u00adlen \u015fe\u00adkil\u00adde yer\u00adle\u015f\u00adti\u00adril\u00adme\u00adsi\u00adni zor\u00adla\u015f\u00adt\u0131r\u00adm\u0131\u015f ve ko\u00adnu\u00adlan he\u00addef\u00adler\u00adden bir\u00ad\u00e7ok sap\u00adma\u00adlar mey\u00adda\u00adna gel\u00admi\u015f\u00adtir. St\u00adra\u00adte\u00adji bel\u00adge\u00adsin\u00adde be\u00adlir\u00adti\u00adlen he\u00addef\u00adle\u00adre ma\u00adale\u00adsef za\u00adma\u00adn\u0131n\u00adda ula\u00ad\u015fa\u00adma\u00add\u0131k.<\/p>\n<p><strong>GE\u00adL\u0130\u00adNEN NOKTA Y\u0130NE DE SE\u00adV\u0130N\u00adD\u0130\u00adR\u0130\u00adC\u0130<\/strong><br \/>\nAncak b\u00fct\u00fcn bun\u00adla\u00adra ra\u011f\u00admen T\u00fcr\u00adki\u00adye elekt\u00adrik pi\u00adya\u00adsa\u00ads\u0131 do\u011fru ve ye\u00adrin\u00adde bir karar ver\u00admi\u015f\u00adtir. Sis\u00adtem i\u00e7in\u00adde\u00adki han\u00adtal ve ve\u00adrim\u00adsiz ya\u00adp\u0131\u00adla\u00adr\u0131n ay\u0131k\u00adlan\u00adma\u00ads\u0131\u00adn\u0131 ne\u00adre\u00addey\u00adse im\u00adkan\u00ads\u0131z k\u0131lan \u00e7ap\u00adraz s\u00fcb\u00advan\u00adsi\u00adyon\u00adla\u00adr\u0131n yo\u011fun ol\u00addu\u00ad\u011fu sis\u00adtem ve dikey b\u00fc\u00adt\u00fcn\u00adle\u00ad\u015fik yap\u0131 ta\u00adma\u00admen terk edil\u00admi\u015f , ye\u00adri\u00adne mo\u00addern d\u00fcn\u00adya\u00adn\u0131n be\u00adnim\u00adse\u00addi\u00ad\u011fi \u00fcre\u00adtim, ile\u00adtim ve da\u00ad\u011f\u0131\u00adt\u0131\u00adm\u0131 bir\u00adbi\u00adrin\u00adden ay\u0131\u00adran elekt\u00adri\u00ad\u011fi bir yan\u00addan kon\u00advan\u00adsi\u00adyo\u00adnel bir meta ola\u00adrak g\u00f6ren di\u011fer yan\u00addan ken\u00addi\u00adne has temel baz\u0131 \u00f6zel\u00adlik\u00adle\u00adri\u00adni (de\u00adpo\u00adla\u00adna\u00adma\u00adma\u00ads\u0131, in\u00adsan\u00adla\u00adr\u0131n eli\u00adnin elekt\u00adrik anah\u00adta\u00adr\u0131\u00adna \u00e7ok kolay ula\u00ad\u015f\u0131\u00adyor ol\u00adma\u00ads\u0131, talep ta\u00adra\u00adf\u0131\u00adn\u0131n elekt\u00adrik hiz\u00adme\u00adti kar\u00ad\u015f\u0131\u00ads\u0131n\u00adda \u00f6de\u00adye\u00adce\u00ad\u011fi mik\u00adta\u00adr\u0131 anl\u0131k ola\u00adrak kont\u00adrol ede\u00admi\u00adyor ol\u00adma\u00ads\u0131..\u200bvb.) dik\u00adka\u00adte alan ucuz ve ve\u00adrim\u00adli bir sis\u00adtem olu\u015f\u00adtu\u00adrul\u00admu\u015f\u00adtur.<\/p>\n<p>Bu nok\u00adta\u00adda benim de \u00fcyesi ol\u00addu\u00ad\u011fum Elekt\u00adrik M\u00fc\u00adhen\u00addis\u00adle\u00adri Odas\u0131\u2019n\u0131n, pi\u00adya\u00adsa\u00adn\u0131n ser\u00adbest\u00adle\u015f\u00adme\u00adsi ko\u00adnu\u00adsun\u00adda\u00adki iti\u00adraz\u00adla\u00adr\u0131 90\u2019l\u0131 y\u0131l\u00adla\u00adr\u0131n or\u00adta\u00ads\u0131n\u00addan bu yana devam et\u00admek\u00adte\u00addir. Bu iti\u00adraz\u00adlar te\u00admel\u00adde elekt\u00adri\u00ad\u011fin bir kamu hiz\u00adme\u00adti ol\u00adma\u00ads\u0131 nok\u00adta\u00ads\u0131n\u00adda odak\u00adlan\u00adm\u0131\u015f\u00adt\u0131r. Bunun yan\u0131 s\u0131ra EMO dikey b\u00fc\u00adt\u00fcn\u00adle\u00ad\u015fik ya\u00adp\u0131\u00adn\u0131n elekt\u00adrik sis\u00adte\u00admi\u00admi\u00adzi g\u00fc\u00adn\u00fc\u00adm\u00fc\u00adze ta\u00ad\u015f\u0131\u00adyan \u00e7ok b\u00fcy\u00fck ya\u00adt\u0131\u00adr\u0131m\u00adla\u00adra imza atan kuv\u00advet\u00adli ya\u00adp\u0131\u00ads\u0131\u00adna, yeni ge\u00adti\u00adri\u00adlen an\u00adla\u00ady\u0131\u00ad\u015f\u0131n muk\u00adte\u00addir ola\u00adma\u00adya\u00adca\u00ad\u011f\u0131\u00adn\u0131 sa\u00advun\u00admak\u00adta\u00add\u0131r. Dev\u00adlet\u00ad\u00e7i\/te\u00adkel\u00adci bir an\u00adla\u00ady\u0131\u00ad\u015fa sahip elekt\u00adrik ida\u00adre\u00adsi\u00adnin yap\u00adt\u0131\u00ad\u011f\u0131 ya\u00adt\u0131\u00adr\u0131m\u00adlar de\u00adva\u00adsa\u00add\u0131r ancak bun\u00addan sonra ne bir Keban yap\u00adma\u00adya gerek var\u00add\u0131r ne de bunu ya\u00adpa\u00adbi\u00adle\u00adce\u00ad\u011fi\u00admiz bir ortam kal\u00adm\u0131\u015f\u00adt\u0131r. Yani te\u00adkel\u00adle\u015f\u00admi\u015f yap\u0131 as\u00adl\u0131n\u00adda bu nok\u00adta\u00adda g\u00f6\u00adre\u00advi\u00adni bi\u00adtir\u00admi\u015f\u00adtir. Art\u0131k bun\u00addan sonra i\u015f bu han\u00adtal ve ve\u00adrim\u00adsiz sis\u00adtem\u00adde \u0131srar etmek ye\u00adri\u00adne, ya\u00adt\u0131\u00adr\u0131m\u00adla\u00adr\u0131n ta\u00adma\u00admen ser\u00adbest\u00adle\u015f\u00admi\u015f pi\u00adya\u00adsa\u00addan gelen arz\/talep an\u00adla\u00ady\u0131\u00ad\u015f\u0131\u00adn\u0131 be\u00adnim\u00adse\u00admi\u015f bir pi\u00adya\u00adsa\u00ady\u0131 tam an\u00adla\u00adm\u0131y\u00adla kur\u00adma\u00adya kal\u00adm\u0131\u015f\u00adt\u0131r. EMO\u2019nun bir di\u011fer al\u00adt\u0131\u00adn\u0131 \u00e7iz\u00adme\u00admiz ge\u00adre\u00adken ele\u015f\u00adti\u00adri\u00adsi de \u00fcre\u00adtim-ile\u00adtim-da\u00ad\u011f\u0131\u00adt\u0131m ala\u00adn\u0131n\u00adda\u00adki ko\u00ador\u00addi\u00adnas\u00adyon ek\u00adsik\u00adli\u00ad\u011fi\u00addir, bu benim de hak ver\u00addi\u00ad\u011fim \u00e7\u00f6\u00adz\u00fcl\u00adme\u00adsi ge\u00adre\u00adken bir so\u00adrun\u00addur.<\/p>\n<p>As\u0131l sorun \u015fu ki Av\u00adru\u00adpa \u00fcl\u00adke\u00adle\u00adrin ta\u00adma\u00admen ser\u00adbest\u00adle\u015f\u00adme s\u00fc\u00adre\u00adci 2 ila 9 y\u0131l ara\u00ads\u0131n\u00adda s\u00fcr\u00adm\u00fc\u015f\u00adt\u00fcr, ancak 11 y\u0131\u00adl\u0131\u00adn\u0131 bi\u00adtir\u00admek \u00fczere olan T\u00fcr\u00adki\u00adye elekt\u00adrik pi\u00adya\u00adsa\u00ads\u0131 hala ser\u00adbest t\u00fc\u00adke\u00adti\u00adci li\u00admi\u00adti\u00adni s\u0131\u00adf\u0131\u00adra \u00e7e\u00adke\u00adme\u00admi\u015f, spot pi\u00adya\u00adsa\u00ads\u0131\u00adn\u0131 olu\u015f\u00adtu\u00adra\u00adma\u00adm\u0131\u015f\u00adt\u0131r. \u00dcre\u00adtim an\u00adla\u00adm\u0131n\u00adda ise Tem\u00admuz 2012 sonu iti\u00adba\u00adriy\u00adle ku\u00adru\u00adlu g\u00fc\u00adc\u00fc\u00adm\u00fc\u00adz\u00fcn sa\u00adde\u00adce %56\u2019s\u0131 \u00f6zel sek\u00adt\u00f6r ta\u00adra\u00adf\u0131n\u00addan sa\u011f\u00adlan\u00admak\u00adta\u00add\u0131r. Buna ra\u011f\u00admen son tek\u00adno\u00adlo\u00adji ve mo\u00addern ya\u00adp\u0131y\u00adla do\u00adna\u00adt\u0131l\u00adm\u0131\u015f \u00f6zel sek\u00adt\u00f6r \u00fcre\u00adtim sant\u00adral\u00adle\u00adri, ve\u00adrim\u00adli ope\u00adras\u00adyon\u00adla\u00adr\u0131 ve aktif ya\u00adp\u0131\u00adla\u00adr\u0131 ile ge\u00adle\u00adce\u00ad\u011fe daha g\u00fc\u00adven\u00adle bak\u00adma\u00adm\u0131\u00adz\u0131 sa\u011f\u00adla\u00adm\u0131\u015f\u00adt\u0131r.<\/p>\n<p><strong>DE\u00adN\u0130Z\u00adL\u0130\u00adHA\u00adBER: <em>Bu ba\u011f\u00adlam\u00adda ye\u00adni\u00adle\u00adne\u00adbi\u00adlir ener\u00adji kay\u00adnak\u00adla\u00adr\u0131\u00adn\u0131n \u015fu anki ye\u00adri\u00adni ve ge\u00adle\u00adce\u00ad\u011fi\u00adni nas\u0131l g\u00f6\u00adr\u00fc\u00adyor\u00adsu\u00adnuz?<\/em><\/strong><\/p>\n<p>Bil\u00addi\u00ad\u011fi\u00adniz gibi b\u00f6l\u00adge\u00admiz\u00adde \u00f6zel\u00adlik\u00adle je\u00adoter\u00admal ve r\u00fcz\u00adg\u00e2r ener\u00adji\u00adsi \u00f6n plana \u00e7\u0131k\u00adm\u0131\u015f\u00adt\u0131r. Je\u00adoter\u00admal ener\u00adji\u00adden elekt\u00adrik \u00fcre\u00adti\u00admi yapan sant\u00adral\u00adle\u00adrin hemen hemen hepsi De\u00adniz\u00adli-Ay\u00add\u0131n ara\u00ads\u0131n\u00adda Men\u00adde\u00adres gra\u00adbe\u00adni \u00fcze\u00adrin\u00adde yer al\u00admak\u00adta\u00add\u0131r. R\u00fcz\u00adg\u00e2r ener\u00adji\u00adsi sant\u00adral\u00adle\u00adri\u00adnin ise yine k\u0131y\u0131 Ege bo\u00adyun\u00adca s\u0131\u00adra\u00adlan\u00add\u0131\u00ad\u011f\u0131\u00adn\u0131, bir\u00ad\u00e7o\u00ad\u011fu\u00adnun da in\u00ad\u015fa\u00adat\u0131\u00adna ba\u015f\u00adlan\u00add\u0131\u00ad\u011f\u0131\u00adn\u0131 s\u00f6y\u00adle\u00adye\u00adbi\u00adli\u00adriz. Bu ya\u00adt\u0131\u00adr\u0131m\u00adlar b\u00f6lge halk\u0131 i\u00e7in en ba\u015fta do\u011fal g\u00fc\u00adzel\u00adlik\u00adle\u00adriy\u00adle dik\u00adkat \u00e7eken Ege b\u00f6l\u00adge\u00adsi i\u00e7in b\u00fcy\u00fck f\u0131r\u00adsat\u00adlar olu\u015f\u00adtur\u00admak\u00adta, b\u00f6l\u00adge\u00admi\u00adzi daha da k\u0131y\u00admet\u00adli hala ge\u00adtir\u00admek\u00adte\u00addir.<\/p>\n<p><img loading=\"lazy\" title=\"ruzgar-santralleri-abk-ekiz-5\" src=\"http:\/\/www.denizlihaber.com\/medya\/2012\/10\/ruzgar-santralleri-abk-ekiz-5.jpg\" alt=\"\" width=\"480\" height=\"320\" \/><\/p>\n<p><strong>YE\u00adN\u0130\u00adLE\u00adB\u0130\u00adL\u0130R SANT\u00adRAL\u00adLER L\u0130\u00adSANS\u00adSIZ KU\u00adRU\u00adLA\u00adB\u0130\u00adL\u0130\u00adYOR<\/strong><br \/>\n\u00d6te yan\u00addan li\u00adsans\u00ads\u0131z ener\u00adji \u00fcre\u00adti\u00admi\u00adne izin veren y\u00f6\u00adnet\u00adme\u00adli\u00ad\u011fin ya\u00ady\u0131m\u00adlan\u00adma\u00ads\u0131y\u00adla ye\u00adni\u00adle\u00adne\u00adbi\u00adlir ener\u00adji\u00adye olan il\u00adgi\u00adnin bir kat daha art\u00adt\u0131\u00ad\u011f\u0131\u00adn\u0131 s\u00f6y\u00adle\u00adye\u00adbi\u00adli\u00adriz. Bu y\u00f6\u00adnet\u00adme\u00adlik\u00adle art\u0131k is\u00adte\u00adyen her va\u00adtan\u00adda\u015f her\u00adhan\u00adgi bir k\u0131\u00ads\u0131t\u00adla\u00adma ol\u00adma\u00addan b\u00f6l\u00adge\u00admiz\u00adde bolca bu\u00adlu\u00adnan ye\u00adni\u00adle\u00adne\u00adbi\u00adlir ener\u00adji kay\u00adnak\u00adla\u00adr\u0131\u00adn\u0131 kul\u00adla\u00adna\u00adrak elekt\u00adrik \u00fcre\u00adte\u00adbi\u00adle\u00adcek\u00adtir.<\/p>\n<p><strong>B\u00dcY\u00dcK FIR\u00adSAT\u00adLAR SU\u00adNU\u00adYOR<\/strong><br \/>\nHen\u00fcz \u00e7ok yeni olan bu ko\u00adnu\u00adnun \u00f6zel\u00adlik\u00adle b\u00f6l\u00adge\u00admiz\u00adde\u00adki sa\u00adna\u00adyi ku\u00adru\u00adlu\u015f\u00adla\u00adr\u0131\u00adn\u0131n il\u00adgi\u00adsi\u00adni \u00e7e\u00adke\u00adce\u00ad\u011fi\u00adni d\u00fc\u00ad\u015f\u00fc\u00adn\u00fc\u00adyo\u00adrum. Sa\u00adna\u00adyi\u00adci\u00adler r\u00fcz\u00adg\u00e2r ve g\u00fcne\u015f ener\u00adji\u00adsi\u00adni kul\u00adla\u00adna\u00adrak kendi ener\u00adji\u00adle\u00adri\u00adni \u00fcret\u00adme daha da \u00f6nem\u00adli\u00adsi ih\u00adti\u00adya\u00e7\u00adla\u00adr\u0131n\u00addan fazla elekt\u00adrik ener\u00adji\u00adsi\u00adni des\u00adtek\u00adle\u00adme me\u00adka\u00adniz\u00adma\u00ads\u0131 kap\u00adsa\u00adm\u0131n\u00adda dev\u00adle\u00adte sa\u00adta\u00adbil\u00adme ay\u00adr\u0131\u00adca\u00adl\u0131\u00ad\u011f\u0131\u00adna sahip ola\u00adcak\u00adlar\u00add\u0131r. Elekt\u00adrik kul\u00adla\u00adn\u0131\u00adc\u0131\u00adla\u00adr\u0131 i\u00e7in b\u00fcy\u00fck f\u0131r\u00adsat\u00adlar sunan y\u00f6\u00adnet\u00adme\u00adlik\u00adle yeni bir d\u00f6\u00adne\u00adme gi\u00adril\u00admi\u015f D\u00fcnya li\u00adte\u00adra\u00adt\u00fc\u00adr\u00fcn\u00adde da\u00ad\u011f\u0131\u00adt\u0131k \u00fcre\u00adtim ola\u00adrak ad\u00adlan\u00add\u0131\u00adr\u0131\u00adlan s\u00fc\u00adre\u00adcin \u00fcl\u00adke\u00admiz\u00adde \u00f6n\u00fc a\u00e7\u0131l\u00adm\u0131\u015f\u00adt\u0131r.<\/p>\n<p><strong>\u0130H\u00adT\u0130\u00adYA\u00adCI\u00adNI\u00adZI T\u00dc\u00adKE\u00adT\u0130N FAZ\u00adLA\u00adSI\u00adNI SATIN<\/strong><br \/>\nYa\u00adt\u0131\u00adr\u0131m\u00adc\u0131\u00adlar 6-8 y\u0131l gibi bir s\u00fc\u00adre\u00adde ken\u00addi\u00adni amor\u00adti etme ka\u00adbi\u00adli\u00adye\u00adti bu\u00adlu\u00adnan mikro r\u00fcz\u00adg\u00e2r ve g\u00fcne\u015f sant\u00adral\u00adle\u00adri ku\u00adra\u00adrak, 30 y\u0131l\u00adl\u0131k elekt\u00adrik ener\u00adji\u00adsi ih\u00adti\u00adya\u00e7\u00adla\u00adr\u0131\u00adn\u0131 ga\u00adran\u00adti al\u00adt\u0131\u00adna ala\u00adcak \u00fcs\u00adte\u00adlik %70\u2019lere varan oran\u00adda d\u0131\u015fa ba\u00ad\u011f\u0131m\u00adl\u0131 olan elekt\u00adrik pi\u00adya\u00adsa\u00ads\u0131n\u00adda\u00adki dal\u00adga\u00adlan\u00adma\u00adlar\u00addan ve y\u00fck\u00adsek fiyat bas\u00adk\u0131\u00ads\u0131n\u00addan et\u00adki\u00adlen\u00adme\u00adden bunu ya\u00adpa\u00adbi\u00adle\u00adcek\u00adler\u00addir. Bu ya\u00adt\u0131\u00adr\u0131m\u00adlar ti\u00adca\u00adri kay\u00adnak ol\u00adma\u00adn\u0131n d\u0131\u00ad\u015f\u0131n\u00adda, milli bir hiz\u00admet ni\u00adte\u00adli\u00ad\u011fi de ta\u00ad\u015f\u0131\u00admak\u00adta\u00add\u0131r. Bu kap\u00adsam\u00adda b\u00fct\u00fcn ta\u00adraf\u00adlar i\u00e7in \u00e7ok yeni olan bu ko\u00adnu\u00adda\u00adki im\u00adti\u00adyaz\u00adlar ve ay\u00adr\u0131\u00adca\u00adl\u0131k\u00adlar\u00addan ya\u00adra\u00adlan\u00admak is\u00adte\u00adyen ya\u00adt\u0131\u00adr\u0131m\u00adc\u0131\u00adla\u00adr\u0131n pro\u00adfes\u00adyo\u00adnel des\u00adtek al\u00adma\u00ads\u0131 ge\u00adrek\u00admek\u00adte\u00addir, ni\u00adha\u00adye\u00adtin\u00adde bu s\u00fcre\u00e7 ta\u00adma\u00admen tek\u00adnik alt\u00adya\u00adp\u0131 ge\u00adrek\u00adti\u00adren bir m\u00fc\u00adhen\u00addis\u00adlik \u00e7a\u00adl\u0131\u015f\u00adma\u00ads\u0131\u00add\u0131r.<\/p>\n<p>Kaynak: <a href=\"http:\/\/www.denizlihaber.com\/ozel\/roportajlar\/turkiyenin-dev-firmalarinin-ruzgar-ve-jeotermal-enerji-santralleri-egeyi-turkiyenin-yenilebilir-enerji-ussu-haline-getirdi\/\" target=\"_blank\">Denizli Haber<\/a><\/p>","protected":false},"excerpt":{"rendered":"<p>Sorry, this entry is only available in Turkish. For the sake of viewer convenience, the content is shown below in the alternative language. You may click the link to switch the active language. T\u00fcrkiye\u2019nin dev \u015firketlerinin bir biri ard\u0131na ger\u00e7ekle\u015ftirdikleri yat\u0131r\u0131mlar\u0131yla Ege bir anda \u00fclkenin yenilebilir enerji \u00fcss\u00fc haline geldi. Peki Ege bir anda r\u00fczgar [&hellip;]<\/p>\n","protected":false},"author":1,"featured_media":2468,"comment_status":"open","ping_status":"open","sticky":false,"template":"","format":"standard","meta":[],"categories":[53,49,48,50],"tags":[681,67,13,56,16],"views":1012,"_links":{"self":[{"href":"https:\/\/www.enerjigazetesi.ist\/en\/wp-json\/wp\/v2\/posts\/2467"}],"collection":[{"href":"https:\/\/www.enerjigazetesi.ist\/en\/wp-json\/wp\/v2\/posts"}],"about":[{"href":"https:\/\/www.enerjigazetesi.ist\/en\/wp-json\/wp\/v2\/types\/post"}],"author":[{"embeddable":true,"href":"https:\/\/www.enerjigazetesi.ist\/en\/wp-json\/wp\/v2\/users\/1"}],"replies":[{"embeddable":true,"href":"https:\/\/www.enerjigazetesi.ist\/en\/wp-json\/wp\/v2\/comments?post=2467"}],"version-history":[{"count":2,"href":"https:\/\/www.enerjigazetesi.ist\/en\/wp-json\/wp\/v2\/posts\/2467\/revisions"}],"predecessor-version":[{"id":2470,"href":"https:\/\/www.enerjigazetesi.ist\/en\/wp-json\/wp\/v2\/posts\/2467\/revisions\/2470"}],"wp:featuredmedia":[{"embeddable":true,"href":"https:\/\/www.enerjigazetesi.ist\/en\/wp-json\/wp\/v2\/media\/2468"}],"wp:attachment":[{"href":"https:\/\/www.enerjigazetesi.ist\/en\/wp-json\/wp\/v2\/media?parent=2467"}],"wp:term":[{"taxonomy":"category","embeddable":true,"href":"https:\/\/www.enerjigazetesi.ist\/en\/wp-json\/wp\/v2\/categories?post=2467"},{"taxonomy":"post_tag","embeddable":true,"href":"https:\/\/www.enerjigazetesi.ist\/en\/wp-json\/wp\/v2\/tags?post=2467"}],"curies":[{"name":"wp","href":"https:\/\/api.w.org\/{rel}","templated":true}]}}