{"id":24668,"date":"2014-03-31T09:52:56","date_gmt":"2014-03-31T06:52:56","guid":{"rendered":"https:\/\/www.enerjigazetesi.ist\/?p=24668"},"modified":"2014-03-31T09:52:56","modified_gmt":"2014-03-31T06:52:56","slug":"enerji-sektoru-de-fuarcilarin-gozdesi","status":"publish","type":"post","link":"https:\/\/www.enerjigazetesi.ist\/en\/enerji-sektoru-de-fuarcilarin-gozdesi\/","title":{"rendered":"(Turkish) Enerji Sekt\u00f6r\u00fc de Fuarc\u0131lar\u0131n G\u00f6zdesi&#8230;"},"content":{"rendered":"<p class=\"qtranxs-available-languages-message qtranxs-available-languages-message-en\">Sorry, this entry is only available in <a href=\"https:\/\/www.enerjigazetesi.ist\/tr\/wp-json\/wp\/v2\/posts\/24668\" class=\"qtranxs-available-language-link qtranxs-available-language-link-tr\" title=\"Turkish\">Turkish<\/a>. For the sake of viewer convenience, the content is shown below in the alternative language. You may click the link to switch the active language.<\/p><p><strong>T\u00fcrkiye`de 2013 y\u0131l\u0131nda en \u00e7ok fuar 49 adetle tar\u0131m, serac\u0131l\u0131k, hayvanc\u0131l\u0131k ve teknolojileri alan\u0131nda yap\u0131ld\u0131. Enerji ile de ilgilendiren alanlarda ise 35 fuar d\u00fczenlendi. T\u00fcrkiye Odalar ve Borsalar Birli\u011fi (TOBB) 2013 y\u0131l\u0131 fuar istatistiklerini a\u00e7\u0131klad\u0131. Buna g\u00f6re ge\u00e7ti\u011fimiz y\u0131l d\u00fczenlenen toplam 407 fuar\u0131, 15 milyon 500 bin 48 ki\u015fi ziyaret etti. Yabanc\u0131 ziyaret\u00e7i say\u0131s\u0131 527 bin 748 oldu. Fuarlarda, toplam 60 bin 520 firma stant a\u00e7t\u0131.<\/strong><\/p>\n<p><strong>EN \u00c7OK Z\u0130YARET\u00c7\u0130 TARIM HAYVAN<a href=\"https:\/\/www.enerjigazetesi.ist\/wp-content\/uploads\/2014\/03\/enerji-sektoru-de-fuarcilarin-gozdesi.jpg\"><img loading=\"lazy\" class=\"alignleft size-medium wp-image-24669\" title=\"enerji-sektoru-de-fuarcilarin-gozdesi\" src=\"https:\/\/www.enerjigazetesi.ist\/wp-content\/uploads\/2014\/03\/enerji-sektoru-de-fuarcilarin-gozdesi-300x212.jpg\" alt=\"\" width=\"300\" height=\"212\" srcset=\"https:\/\/www.enerjigazetesi.ist\/wp-content\/uploads\/2014\/03\/enerji-sektoru-de-fuarcilarin-gozdesi-300x212.jpg 300w, https:\/\/www.enerjigazetesi.ist\/wp-content\/uploads\/2014\/03\/enerji-sektoru-de-fuarcilarin-gozdesi-70x50.jpg 70w, https:\/\/www.enerjigazetesi.ist\/wp-content\/uploads\/2014\/03\/enerji-sektoru-de-fuarcilarin-gozdesi.jpg 417w\" sizes=\"(max-width: 300px) 100vw, 300px\" \/><\/a>CILI\u011eA<\/strong><\/p>\n<p>Ziyaret\u00e7i say\u0131s\u0131 s\u0131ralamas\u0131nda; 3 milyon 268 bin ki\u015fi ile tar\u0131m, serac\u0131l\u0131k, hayvanc\u0131l\u0131k ve teknolojileri alan\u0131ndaki fuarlar birinci, 2,1 milyon ziyaret\u00e7i say\u0131s\u0131 ile kitap ve s\u00fcreli yay\u0131nlar sekt\u00f6r\u00fc ise ikinci oldu. \u00dc\u00e7\u00fcnc\u00fcl\u00fc\u011f\u00fc 1 milyon 934 bin ziyaret\u00e7i ile genel fuarlar ald\u0131.<\/p>\n<p><strong>ENERJ\u0130YLE \u0130LG\u0130L\u0130 FUARLAR \u0130K\u0130NC\u0130<\/strong><\/p>\n<p>Fuar say\u0131s\u0131 a\u00e7\u0131s\u0131ndan da birinci yine tar\u0131m, serac\u0131l\u0131k, hayvanc\u0131l\u0131k ve teknolojileri sekt\u00f6r\u00fc. 49 fuar say\u0131s\u0131na sahip bu sekt\u00f6r\u00fc, enerjiyle do\u011frudan ya da dolayl\u0131 ilgili sekt\u00f6rler izledi. Is\u0131tma, so\u011futma, havaland\u0131rma, do\u011falgaz ve sistemleri, in\u015faat malzemeleri, banyo, mutfak, seramik, nalburiye, h\u0131rdavat, tesisat alan\u0131ndaki fuarlar\u0131n say\u0131s\u0131 35 olarak kaydedildi. E\u011fitim, e\u011fitim ekipmanlar\u0131 ve teknolojileri fuarlar\u0131 ise 34 organizasyon ile \u00fc\u00e7\u00fcnc\u00fc oldu.<\/p>\n<p><strong>\u0130STANBUL`DA 206 FUAR D\u00dcZENLEND\u0130<\/strong><\/p>\n<p>En fazla fuar 206 adet ile \u0130stanbul\u2019da d\u00fczenlenirken, ikincili\u011fi 27 fuarla \u0130zmir, \u00fc\u00e7\u00fcnc\u00fcl\u00fc\u011f\u00fc de 24 fuarla Ankara ald\u0131. Fuarlar\u0131n aylara g\u00f6re istatisti\u011fine bak\u0131ld\u0131\u011f\u0131nda ise en \u00e7ok fuar Mart ay\u0131nda d\u00fczenlendi. S\u0131ralamada Mart\u2019taki 68 fuar\u0131, 54 fuar ile Kas\u0131m ay\u0131 izledi.<\/p>\n<p>Kaynak: <a href=\"http:\/\/enerjigunlugu.net\/enerji-sektoru-de-fuarcilarin-gozdesi_7765.html\" target=\"_blank\">Enerji G\u00fcnl\u00fc\u011f\u00fc<\/a><\/p>","protected":false},"excerpt":{"rendered":"<p>Sorry, this entry is only available in Turkish. For the sake of viewer convenience, the content is shown below in the alternative language. You may click the link to switch the active language.T\u00fcrkiye`de 2013 y\u0131l\u0131nda en \u00e7ok fuar 49 adetle tar\u0131m, serac\u0131l\u0131k, hayvanc\u0131l\u0131k ve teknolojileri alan\u0131nda yap\u0131ld\u0131. Enerji ile de ilgilendiren alanlarda ise 35 fuar [&hellip;]<\/p>\n","protected":false},"author":1,"featured_media":24669,"comment_status":"open","ping_status":"open","sticky":false,"template":"","format":"standard","meta":[],"categories":[53],"tags":[63,743,67,1009,165],"views":636,"_links":{"self":[{"href":"https:\/\/www.enerjigazetesi.ist\/en\/wp-json\/wp\/v2\/posts\/24668"}],"collection":[{"href":"https:\/\/www.enerjigazetesi.ist\/en\/wp-json\/wp\/v2\/posts"}],"about":[{"href":"https:\/\/www.enerjigazetesi.ist\/en\/wp-json\/wp\/v2\/types\/post"}],"author":[{"embeddable":true,"href":"https:\/\/www.enerjigazetesi.ist\/en\/wp-json\/wp\/v2\/users\/1"}],"replies":[{"embeddable":true,"href":"https:\/\/www.enerjigazetesi.ist\/en\/wp-json\/wp\/v2\/comments?post=24668"}],"version-history":[{"count":2,"href":"https:\/\/www.enerjigazetesi.ist\/en\/wp-json\/wp\/v2\/posts\/24668\/revisions"}],"predecessor-version":[{"id":24671,"href":"https:\/\/www.enerjigazetesi.ist\/en\/wp-json\/wp\/v2\/posts\/24668\/revisions\/24671"}],"wp:featuredmedia":[{"embeddable":true,"href":"https:\/\/www.enerjigazetesi.ist\/en\/wp-json\/wp\/v2\/media\/24669"}],"wp:attachment":[{"href":"https:\/\/www.enerjigazetesi.ist\/en\/wp-json\/wp\/v2\/media?parent=24668"}],"wp:term":[{"taxonomy":"category","embeddable":true,"href":"https:\/\/www.enerjigazetesi.ist\/en\/wp-json\/wp\/v2\/categories?post=24668"},{"taxonomy":"post_tag","embeddable":true,"href":"https:\/\/www.enerjigazetesi.ist\/en\/wp-json\/wp\/v2\/tags?post=24668"}],"curies":[{"name":"wp","href":"https:\/\/api.w.org\/{rel}","templated":true}]}}