{"id":24518,"date":"2014-03-27T15:06:46","date_gmt":"2014-03-27T12:06:46","guid":{"rendered":"https:\/\/www.enerjigazetesi.ist\/?p=24518"},"modified":"2014-03-27T15:06:46","modified_gmt":"2014-03-27T12:06:46","slug":"21-elektrik-dagitim-sirketi-secim-gunu-mesai-yapacak","status":"publish","type":"post","link":"https:\/\/www.enerjigazetesi.ist\/en\/21-elektrik-dagitim-sirketi-secim-gunu-mesai-yapacak\/","title":{"rendered":"(Turkish) 21 Elektrik Da\u011f\u0131t\u0131m \u015eirketi Se\u00e7im G\u00fcn\u00fc Mesai Yapacak!"},"content":{"rendered":"<p class=\"qtranxs-available-languages-message qtranxs-available-languages-message-en\">Sorry, this entry is only available in <a href=\"https:\/\/www.enerjigazetesi.ist\/tr\/wp-json\/wp\/v2\/posts\/24518\" class=\"qtranxs-available-language-link qtranxs-available-language-link-tr\" title=\"Turkish\">Turkish<\/a>. For the sake of viewer convenience, the content is shown below in the alternative language. You may click the link to switch the active language.<\/p><p><strong>Enerji ve Tabii Kaynaklar Bakan\u0131 Taner Y\u0131ld\u0131z, se\u00e7im \u00f6ncesinde 21 \u00f6zel da\u011f\u0131t\u0131m \u015firketini t<a href=\"https:\/\/www.enerjigazetesi.ist\/wp-content\/uploads\/2014\/03\/21-elektrik-dagitim-sirketi-secim-gunu-mesai-yapacak.jpg\"><img loading=\"lazy\" class=\"alignright size-medium wp-image-24519\" title=\"21-elektrik-dagitim-sirketi-secim-gunu-mesai-yapacak\" src=\"https:\/\/www.enerjigazetesi.ist\/wp-content\/uploads\/2014\/03\/21-elektrik-dagitim-sirketi-secim-gunu-mesai-yapacak-300x199.jpg\" alt=\"\" width=\"300\" height=\"199\" srcset=\"https:\/\/www.enerjigazetesi.ist\/wp-content\/uploads\/2014\/03\/21-elektrik-dagitim-sirketi-secim-gunu-mesai-yapacak-300x199.jpg 300w, https:\/\/www.enerjigazetesi.ist\/wp-content\/uploads\/2014\/03\/21-elektrik-dagitim-sirketi-secim-gunu-mesai-yapacak-75x50.jpg 75w, https:\/\/www.enerjigazetesi.ist\/wp-content\/uploads\/2014\/03\/21-elektrik-dagitim-sirketi-secim-gunu-mesai-yapacak.jpg 428w\" sizes=\"(max-width: 300px) 100vw, 300px\" \/><\/a>eyakkuza ge\u00e7irdiklerini a\u00e7\u0131klad\u0131. Y\u0131ld\u0131z, \u201cElektrik kesintisi olmamas\u0131 i\u00e7in \u015firketlerden se\u00e7im g\u00fcn\u00fc b\u00fct\u00fcn m\u00fchendis ve teknik elemanlar\u0131na mesai yapt\u0131rmalar\u0131n\u0131 istedik\u201d dedi.<\/strong><\/p>\n<p>Bir TV kanal\u0131nda konu\u015fan Y\u0131ld\u0131z, 17 Aral\u0131k s\u00fcrecinin yaln\u0131z T\u00fcrk siyasi tarihine de\u011fil, d\u00fcnyaya da ge\u00e7ecek, incelenmesi gereken sosyolojik bir vaka oldu\u011funu ifade etti.<\/p>\n<p>T\u00fcrkiye siyaset tarihinde \u00e7ok koalisyon kuruldu\u011funun g\u00f6r\u00fcld\u00fc\u011f\u00fcn\u00fc dile getiren Y\u0131ld\u0131z, \u201cAma muhalefette koalisyonun oldu\u011funu pek g\u00f6rmemi\u015ftik. \u015eu anda b\u00f6yle bir ittifak var.<\/p>\n<p>\u2018AK Parti\u2019ye oy vermeyin de kime verirseniz verin\u2019 anlay\u0131\u015f\u0131 var. Bu kadar kurals\u0131z, kutsals\u0131zl\u0131k olmaz. Vatanda\u015f\u0131m\u0131z\u0131n tercihi \u00e7ok nettir\u201d diye konu\u015ftu.<\/p>\n<p>Kaynak: <a href=\"http:\/\/www.sabah.com.tr\/Ekonomi\/2014\/03\/27\/21-elektrik-dagitim-sirketi-secimde-mesai-yapacak\" target=\"_blank\">Sabah<\/a><\/p>","protected":false},"excerpt":{"rendered":"<p>Sorry, this entry is only available in Turkish. For the sake of viewer convenience, the content is shown below in the alternative language. You may click the link to switch the active language.Enerji ve Tabii Kaynaklar Bakan\u0131 Taner Y\u0131ld\u0131z, se\u00e7im \u00f6ncesinde 21 \u00f6zel da\u011f\u0131t\u0131m \u015firketini teyakkuza ge\u00e7irdiklerini a\u00e7\u0131klad\u0131. Y\u0131ld\u0131z, \u201cElektrik kesintisi olmamas\u0131 i\u00e7in \u015firketlerden se\u00e7im [&hellip;]<\/p>\n","protected":false},"author":1,"featured_media":24519,"comment_status":"open","ping_status":"open","sticky":false,"template":"","format":"standard","meta":[],"categories":[51,53],"tags":[710,68,61,13838,63,67,1009,165,13841,13840,13839,667],"views":847,"_links":{"self":[{"href":"https:\/\/www.enerjigazetesi.ist\/en\/wp-json\/wp\/v2\/posts\/24518"}],"collection":[{"href":"https:\/\/www.enerjigazetesi.ist\/en\/wp-json\/wp\/v2\/posts"}],"about":[{"href":"https:\/\/www.enerjigazetesi.ist\/en\/wp-json\/wp\/v2\/types\/post"}],"author":[{"embeddable":true,"href":"https:\/\/www.enerjigazetesi.ist\/en\/wp-json\/wp\/v2\/users\/1"}],"replies":[{"embeddable":true,"href":"https:\/\/www.enerjigazetesi.ist\/en\/wp-json\/wp\/v2\/comments?post=24518"}],"version-history":[{"count":2,"href":"https:\/\/www.enerjigazetesi.ist\/en\/wp-json\/wp\/v2\/posts\/24518\/revisions"}],"predecessor-version":[{"id":24521,"href":"https:\/\/www.enerjigazetesi.ist\/en\/wp-json\/wp\/v2\/posts\/24518\/revisions\/24521"}],"wp:featuredmedia":[{"embeddable":true,"href":"https:\/\/www.enerjigazetesi.ist\/en\/wp-json\/wp\/v2\/media\/24519"}],"wp:attachment":[{"href":"https:\/\/www.enerjigazetesi.ist\/en\/wp-json\/wp\/v2\/media?parent=24518"}],"wp:term":[{"taxonomy":"category","embeddable":true,"href":"https:\/\/www.enerjigazetesi.ist\/en\/wp-json\/wp\/v2\/categories?post=24518"},{"taxonomy":"post_tag","embeddable":true,"href":"https:\/\/www.enerjigazetesi.ist\/en\/wp-json\/wp\/v2\/tags?post=24518"}],"curies":[{"name":"wp","href":"https:\/\/api.w.org\/{rel}","templated":true}]}}