{"id":2445,"date":"2012-09-30T16:42:05","date_gmt":"2012-09-30T13:42:05","guid":{"rendered":"https:\/\/www.enerjigazetesi.ist\/?p=2445"},"modified":"2012-09-30T16:42:05","modified_gmt":"2012-09-30T13:42:05","slug":"isi-yalitiminda-da-avrupanin-gerisindeyiz","status":"publish","type":"post","link":"https:\/\/www.enerjigazetesi.ist\/en\/isi-yalitiminda-da-avrupanin-gerisindeyiz\/","title":{"rendered":"(Turkish) Is\u0131 Yal\u0131t\u0131m\u0131nda da Avrupa&#8217;n\u0131n Gerisindeyiz"},"content":{"rendered":"<p class=\"qtranxs-available-languages-message qtranxs-available-languages-message-en\">Sorry, this entry is only available in <a href=\"https:\/\/www.enerjigazetesi.ist\/tr\/wp-json\/wp\/v2\/posts\/2445\" class=\"qtranxs-available-language-link qtranxs-available-language-link-tr\" title=\"Turkish\">Turkish<\/a>. For the sake of viewer convenience, the content is shown below in the alternative language. You may click the link to switch the active language.<\/p><p><strong>Is\u0131 Yal\u0131t\u0131m\u0131 T\u00fcrkiye\u2019deki binalar\u0131n toplam\u0131nda %15 iken Avrupa Birli\u011finde bu oran %50-60 seviyesinde<\/strong><\/p>\n<p>Is\u0131 Su Ses ve Yang\u0131n Yal\u0131t\u0131mc\u0131lar\u0131 Derne\u011fi (\u0130ZODER) ve \u0130stanbul \u00c7evre ve \u015eehircilik \u0130l M\u00fcd\u00fcrl\u00fc\u011f\u00fc\u2019n\u00fcn 27 Eyl\u00fcl\u2019de d\u00fczenledi\u011fi \u201cIs\u0131 Yal\u0131t\u0131m\u0131 Zirvesi\u201d yo\u011fun bir kat\u0131l\u0131m ile ger\u00e7ekle\u015fti.<\/p>\n<p><img loading=\"lazy\" class=\"alignleft size-medium wp-image-2446\" title=\"isi-yalitimi-mantolama-avrupa-gerisindeyiz\" src=\"https:\/\/www.enerjigazetesi.ist\/wp-content\/uploads\/2012\/09\/isi-yalitimi-mantolama-avrupa-gerisindeyiz-300x156.jpg\" alt=\"\" width=\"300\" height=\"156\" srcset=\"https:\/\/www.enerjigazetesi.ist\/wp-content\/uploads\/2012\/09\/isi-yalitimi-mantolama-avrupa-gerisindeyiz-300x156.jpg 300w, https:\/\/www.enerjigazetesi.ist\/wp-content\/uploads\/2012\/09\/isi-yalitimi-mantolama-avrupa-gerisindeyiz-80x41.jpg 80w, https:\/\/www.enerjigazetesi.ist\/wp-content\/uploads\/2012\/09\/isi-yalitimi-mantolama-avrupa-gerisindeyiz.jpg 480w\" sizes=\"(max-width: 300px) 100vw, 300px\" \/>\u00dclkemizde yal\u0131t\u0131m bilincini geli\u015ftirmeye, yal\u0131t\u0131m\u0131n \u00fclke ekonomisine ve bireylere sa\u011flad\u0131\u011f\u0131 faydalar\u0131 anlatmaya y\u00f6nelik \u00e7al\u0131\u015fmalar\u0131yla ad\u0131ndan s\u00f6z ettiren \u0130ZODER, Kale Mantolama ana sponsorlu\u011funda Cevahir Kongre Merkezi\u2019nde 27 Eyl\u00fcl tarihinde \u201cIs\u0131 Yal\u0131t\u0131m\u0131 Zirvesi\u201dni d\u00fczenledi. T.C. \u00c7evre ve \u015eehircilik Bakanl\u0131\u011f\u0131 \u0130stanbul \u00c7evre ve \u015eehircilik \u0130l M\u00fcd\u00fcrl\u00fc\u011f\u00fc\u2019n\u00fcn katk\u0131lar\u0131yla yap\u0131lan zirveye, ana sponsor Kale Mantolama\u2019n\u0131n yan\u0131 s\u0131ra BASF, Capatect Is\u0131 Yal\u0131t\u0131m Sistemi, \u0130zocam ve Trakya Cam sponsor olarak yer ald\u0131. \u0130leti\u015fim sponsoru ise Yap\u0131.com.tr oldu.<\/p>\n<p>Sekt\u00f6r\u00fcn en \u00f6nemli ba\u015fl\u0131klar\u0131ndan olan do\u011fru ve kaliteli yal\u0131t\u0131m, yal\u0131t\u0131m uygulamalar\u0131nda kullan\u0131lan kal\u0131nl\u0131klar, haks\u0131z rekabet, yal\u0131t\u0131m sekt\u00f6r\u00fcnde denetim gibi hayati konular\u0131n masaya yat\u0131r\u0131ld\u0131\u011f\u0131 \u201cIs\u0131 Yal\u0131t\u0131m\u0131 Zirvesi\u201dnde yal\u0131t\u0131m\u0131n \u00f6nemine dikkat \u00e7ekildi.<\/p>\n<p>\u0130ZODER\u2019in misyonu do\u011frultusunda kamu ve kamuoyunu bilin\u00e7lendirmek, sekt\u00f6r\u00fc hareketlendirmek i\u00e7in yeni giri\u015fim ve geli\u015fmelere zemin sa\u011flayacak \u00f6nemli bir platform olu\u015fturmas\u0131 ama\u00e7lanan \u201cIs\u0131 Yal\u0131t\u0131m\u0131 Zirvesi\u201dnde ana ba\u015fl\u0131klar\u0131, Is\u0131 Yal\u0131t\u0131m\u0131nda Do\u011fru Malzeme Se\u00e7imi, Is\u0131 Yal\u0131t\u0131m\u0131nda Yanl\u0131\u015f Malzeme Alg\u0131s\u0131 ve Bunun Sonucunda Olu\u015fan Haks\u0131z Rekabet ve \u00c7\u00f6z\u00fcm Yollar\u0131, Is\u0131 Yal\u0131t\u0131m\u0131 Sekt\u00f6r\u00fcnde Malzeme ve Uygulamada G\u00f6zetim ve Denetim, Enerji Verimlili\u011fi i\u00e7in Is\u0131 Yal\u0131t\u0131m\u0131 ve Enerji Kimlik Belgesi gibi konular olu\u015fturdu.<\/p>\n<p>Zirvede konu\u015fan \u0130ZODER Y\u00f6netim Kurulu Ba\u015fkan\u0131 Ferdi Erdo\u011fan; \u201c\u00fclkemizde ve d\u00fcnyada giderek \u00f6nem kazanan k\u0131t kaynaklar\u0131n verimli kullan\u0131m\u0131 sorunu enerji verimlili\u011fi ve enerji tasarrufunun \u00f6nemini artt\u0131rm\u0131\u015ft\u0131r. Binalarda enerji verimlili\u011fi ve enerji tasarrufunun en \u00f6nemli yap\u0131 ta\u015f\u0131 ise \u0131s\u0131 yal\u0131t\u0131m\u0131d\u0131r\u201d s\u00f6zleriyle konu\u015fmas\u0131na ba\u015flad\u0131.<\/p>\n<p>Ba\u015fbakan\u0131n T\u00fcrkiye\u2019nin \u00f6n\u00fcne koydu\u011fu 2023 y\u0131l\u0131 hedefleriyle \u0130ZODER\u2019in hedeflerinin de \u00f6rt\u00fc\u015ft\u00fc\u011f\u00fcne de\u011finen Ferdi Erdo\u011fan, \u201cin\u015faat ve altyap\u0131 alan\u0131nda, insanlar\u0131m\u0131z\u0131n artan n\u00fcfus ve geli\u015fen sanayinin gere\u011fi olan \u00e7a\u011fda\u015f standartlara uygun alt yap\u0131 ve konutlara sahip; depreme kar\u015f\u0131 g\u00fcvenli, sa\u011fl\u0131k ve \u00e7evreyle bar\u0131\u015f\u0131k yerle\u015fkelerde ya\u015famas\u0131n\u0131 sa\u011flamak, yap\u0131m y\u00f6ntemleri ve in\u015faat malzemesi \u00fcretimine \u00e7a\u011fda\u015f teknolojiler geli\u015ftirerek kazand\u0131\u011f\u0131 yeteneklerle uluslararas\u0131 platformlarda rekabet etmek. ENERJ\u0130 ALANINDA, gereksininim duydu\u011fu enerjiyi g\u00fcvenli, g\u00fcvenilir, ekonomik, verimli ve \u00e7evreye duyarl\u0131 teknolojilerle \u00fcretmek ve t\u00fcketmek\u201d oldu\u011funu iletti.<\/p>\n<p>Sekt\u00f6r olarak 2023 vizyonunu destekleyen hedeflerin; \u201cSanayi proseslerinde enerji tasarrufu sa\u011flayan teknolojiler geli\u015ftirmek. Y\u00fcksek performansl\u0131, ultra hafif ve y\u00fcksek dayan\u0131ml\u0131 organik\/inorganik ve kompozit malzemeler ve \u00fcretim y\u00f6ntemleri geli\u015ftirerek nitelikli konut yap\u0131m\u0131nda yetkin olmak; yap\u0131lar\u0131n enerji gereksinimlerini azaltmak ve yenilenebilir kaynaklardan sa\u011flamak. Bina \u0131s\u0131 kay\u0131plar\u0131n\u0131 azaltacak etkin yal\u0131t\u0131m malzemelerinin verimlili\u011fini ve maliyetleri d\u00fc\u015f\u00fcrmek\u201d oldu\u011funu belirtti.<\/p>\n<p><strong>Is\u0131 Yal\u0131t\u0131m\u0131 T\u00fcrkiye\u2019deki binalar\u0131n toplam\u0131nda %15 iken Avrupa Birli\u011finde bu oran %50-60 seviyesinde<\/strong><\/p>\n<p>Avrupa Birli\u011finin 2020 y\u0131l\u0131ndaki tasarruf, yenilenebilir enerji ve seragaz\u0131 emisyonundaki hedefleri ile T\u00fcrkiye\u2019nin vizyonunun hemen hemen ayn\u0131 hedefleri \u00f6ng\u00f6rd\u00fc\u011f\u00fcn\u00fc belirten Ferdi Erdo\u011fan, \u201cbug\u00fcnk\u00fc durumda ise AB \u00fclkelerinde TS 825 standard\u0131 benzeri uygulamalar\u0131na g\u00f6re binan\u0131n net \u0131s\u0131tma enerji ihtiyac\u0131 binalarda 30-50 kwh\/m2-y\u0131l iken; T\u00fcrkiye\u2019de bu rakam ortalama 80 -100 kwh\/m2-y\u0131ld\u0131r. T\u00fcrkiye\u2019nin 2023 hedefleri a\u00e7\u0131s\u0131ndan \u00f6nemli olan enerji verimlili\u011fi ve sera gaz\u0131 sal\u0131m\u0131ndaki tasarruf hedefleri i\u00e7in \u0131s\u0131 yal\u0131t\u0131m\u0131n\u0131n \u00f6nemi dikkate al\u0131nmal\u0131d\u0131r\u201d dedi.<\/p>\n<p>Mantolama sistemlerine standart onay veren ETAG testi Avrupa\u2019da bir \u00e7ok \u00fclkede zorunlu iken \u00fclkemizde mevzuatta dahi yer almamaktad\u0131r<\/p>\n<p>Uygulaman\u0131n \u00f6neminin herkes i\u00e7in malum oldu\u011funu belirten Erdo\u011fan, \u201c\u00fclkemizde sertifikaland\u0131rma zorunlulu\u011fu 01.01.2012 de y\u00fcr\u00fcrl\u00fc\u011fe girmesine ra\u011fmen uygulama ertelenmi\u015fken AB de 2005 y\u0131l\u0131nda Mesleki Yeterliliklerin adaptasyonunun Bologna S\u00fcreci ile ba\u015flat\u0131lm\u0131\u015f\u201d oldu\u011funu belirtti.<\/p>\n<p><strong>Sekt\u00f6r\u00fcn \u00f6nemli bir sorunu \u201cHaks\u0131z Rekabet\u201d<\/strong><\/p>\n<p>Konu\u015fmas\u0131nda, sekt\u00f6r\u00fcn en \u00f6nemli sorunlar\u0131ndan olan haks\u0131z rekabetin \u00f6nlenmesi, \u0131s\u0131 yal\u0131t\u0131m\u0131 malzeme ve uygulama standartlar\u0131n\u0131n tamam\u0131yla hayata ge\u00e7mesi i\u00e7in \u0130ZODER olarak \u00fczerimize d\u00fc\u015fen her t\u00fcrl\u00fc g\u00f6revi yapmaya haz\u0131r\u0131z diyen Erdo\u011fan, BEP Tr yaz\u0131l\u0131m\u0131 \u00e7al\u0131\u015fmas\u0131nda oldu\u011fu gibi devletle i\u015fbirli\u011fine ve bize tevdi edilen g\u00f6revleri yapmaya her zaman haz\u0131r olduklar\u0131n\u0131 bir kez daha dile getirdi. Erdo\u011fan, Derneklerin de devletin bir par\u00e7as\u0131 oldu\u011funu ve her zaman g\u00f6reve haz\u0131r olduklar\u0131n\u0131 belirtti.<\/p>\n<p><strong>Denetim \u00f6nemli<\/strong><\/p>\n<p>Is\u0131 Yal\u0131t\u0131m\u0131 sekt\u00f6r\u00fcn\u00fcn vatanda\u015f ve \u00fclke yarar\u0131na b\u00fcy\u00fcrken kimi sorunlar\u0131 da beraberinde getirmekte oldu\u011fundan bahseden Erdo\u011fan, \u201cbu sorunlar\u0131n b\u00fcy\u00fcme h\u0131z\u0131ndan ve \u0131s\u0131 yal\u0131t\u0131m\u0131ndan elde edilen verimi azaltt\u0131\u011f\u0131n\u0131\u201d belirtti. \u201cBug\u00fcn sekt\u00f6r\u00fcn en \u00f6nemli konular\u0131n\u0131n ba\u015f\u0131nda DENET\u0130M geldi\u011fine de\u011finen Erdo\u011fan, hem \u00fcr\u00fcn hem de yap\u0131lan uygulamalar\u0131n denetlenmesi ve belgelendirilmesi gerekti\u011fini, yal\u0131t\u0131m uygulamalar\u0131n\u0131n sertifikal\u0131, kalifiye ustalar taraf\u0131ndan yap\u0131lmas\u0131n\u0131 ayn\u0131 zamanda da uygulay\u0131c\u0131lar i\u00e7in sertifika programlar\u0131n\u0131n devreye girmesi gerekti\u011fini\u201d iletti.<\/p>\n<p>Is\u0131 Yal\u0131t\u0131m Malzemelerinin Yan\u0131c\u0131l\u0131k ile \u0130li\u015fkisine de de\u011finen Ferdi Erdo\u011fan, \u201cg\u00fcn\u00fcm\u00fczde \u00e7e\u015fitli kesimler taraf\u0131ndan pek \u00e7ok iddia ortaya at\u0131lmaktad\u0131r. \u0130ZODER olarak bu iddialara bilimsel temellere dayanan cevaplar vermeye kamu ve kamuoyunu do\u011fru bilgilendirmeye gayret ediyoruz. Is\u0131 Yal\u0131t\u0131m\u0131 malzemeleri ile ilgili bug\u00fcnlerde olduk\u00e7a s\u0131k dillendirilen malzemelerin yan\u0131c\u0131 oldu\u011fu iddias\u0131 i\u00e7in ise malzemenin yang\u0131na uygunlu\u011fu tek ba\u015f\u0131na kriter de\u011fildir diyoruz. Is\u0131 yal\u0131t\u0131m\u0131nda detay ve uygulama \u00e7ok \u00f6nemlidir, \u00f6rne\u011fin mantolama olarak bilinen d\u0131\u015f cephe \u0131s\u0131 yal\u0131t\u0131m\u0131nda \u0131s\u0131 yal\u0131t\u0131m\u0131 malzemesi hi\u00e7bir zaman direkt alevle temas etmez \u00fczerinde koruyucu s\u0131va uygulamas\u0131 yap\u0131l\u0131r ve kompozit bir \u00fcr\u00fcn haline gelir. Bu sistemin tamam\u0131na AB de ETAG 004 onay\u0131 verilmektedir\u201d dedi.<\/p>\n<p>Ferdi Erdo\u011fan konu\u015fmas\u0131n\u0131; \u201cT\u00fcrkiye\u2019deki binalar\u0131n b\u00fcy\u00fck bir b\u00f6l\u00fcm\u00fc \u2013tamamen yeni olduklar\u0131nda bile- AB \u00fclkelerindeki yeni binalar ile mukayese edildi\u011finde enerji verimlili\u011fi seviyeleri ve sera gaz\u0131 sal\u0131mlar\u0131 bak\u0131m\u0131ndan insanlar\u0131n hakketti\u011fi konfor ve ya\u015fam kalitesi a\u00e7\u0131s\u0131ndan yetersizdir\u201d s\u00f6zleriyle sonland\u0131rd\u0131.<\/p>\n<p>Kaynak: <a href=\"http:\/\/konut.milliyet.com.tr\/isi_yalitiminda_avrupa_nin_gerisindeyiz-konut-insaat-1603700.html\" target=\"_blank\">Milliyet<\/a><\/p>","protected":false},"excerpt":{"rendered":"<p>Sorry, this entry is only available in Turkish. For the sake of viewer convenience, the content is shown below in the alternative language. You may click the link to switch the active language.Is\u0131 Yal\u0131t\u0131m\u0131 T\u00fcrkiye\u2019deki binalar\u0131n toplam\u0131nda %15 iken Avrupa Birli\u011finde bu oran %50-60 seviyesinde Is\u0131 Su Ses ve Yang\u0131n Yal\u0131t\u0131mc\u0131lar\u0131 Derne\u011fi (\u0130ZODER) ve \u0130stanbul [&hellip;]<\/p>\n","protected":false},"author":1,"featured_media":2446,"comment_status":"open","ping_status":"open","sticky":false,"template":"","format":"standard","meta":[],"categories":[53,52],"tags":[67,12,675,674,380],"views":971,"_links":{"self":[{"href":"https:\/\/www.enerjigazetesi.ist\/en\/wp-json\/wp\/v2\/posts\/2445"}],"collection":[{"href":"https:\/\/www.enerjigazetesi.ist\/en\/wp-json\/wp\/v2\/posts"}],"about":[{"href":"https:\/\/www.enerjigazetesi.ist\/en\/wp-json\/wp\/v2\/types\/post"}],"author":[{"embeddable":true,"href":"https:\/\/www.enerjigazetesi.ist\/en\/wp-json\/wp\/v2\/users\/1"}],"replies":[{"embeddable":true,"href":"https:\/\/www.enerjigazetesi.ist\/en\/wp-json\/wp\/v2\/comments?post=2445"}],"version-history":[{"count":1,"href":"https:\/\/www.enerjigazetesi.ist\/en\/wp-json\/wp\/v2\/posts\/2445\/revisions"}],"predecessor-version":[{"id":2447,"href":"https:\/\/www.enerjigazetesi.ist\/en\/wp-json\/wp\/v2\/posts\/2445\/revisions\/2447"}],"wp:featuredmedia":[{"embeddable":true,"href":"https:\/\/www.enerjigazetesi.ist\/en\/wp-json\/wp\/v2\/media\/2446"}],"wp:attachment":[{"href":"https:\/\/www.enerjigazetesi.ist\/en\/wp-json\/wp\/v2\/media?parent=2445"}],"wp:term":[{"taxonomy":"category","embeddable":true,"href":"https:\/\/www.enerjigazetesi.ist\/en\/wp-json\/wp\/v2\/categories?post=2445"},{"taxonomy":"post_tag","embeddable":true,"href":"https:\/\/www.enerjigazetesi.ist\/en\/wp-json\/wp\/v2\/tags?post=2445"}],"curies":[{"name":"wp","href":"https:\/\/api.w.org\/{rel}","templated":true}]}}